{"id":6440,"date":"2024-07-26T08:01:58","date_gmt":"2024-07-26T06:01:58","guid":{"rendered":"https:\/\/stage-de.mymenu.pl\/kochideen\/?p=6434"},"modified":"2024-07-31T00:02:04","modified_gmt":"2024-07-30T22:02:04","slug":"kaffee-faq-die-wichtigsten-fragen-antworten-zum-beliebten-muntermacher","status":"publish","type":"post","link":"https:\/\/www.lidl-kochen.de\/kochideen\/kaffee-faq-die-wichtigsten-fragen-antworten-zum-beliebten-muntermacher\/","title":{"rendered":"Kaffee FAQ \u2013 die wichtigsten Fragen &amp; Antworten zum beliebten Muntermacher"},"content":{"rendered":"\n<p>Neben Tee und Wasser z\u00e4hlt Kaffee zu den beliebtesten Getr\u00e4nken und Energiespendern \u2013 nicht nur am Morgen, sondern den gesamten Tag \u00fcber. In vielen Kulturen ist der Kaffeegenuss sogar ein traditionelles Ritual. Hier auf lidl-kochen.de findest du die wichtigsten Fragen und Antworten rund um Kaffee, Koffein und Kalorien.<\/p>\n\n\n<div style=\"max-width: 1200px;margin:0 auto;\" class=\"recepslide\">\n            <div class=\"swiper mySwiper lrshadow removemehr\" style=\"margin-right:150px;\">\n                <div class=\"swiper-wrapper\"><div class=\"swiper-slide\">\n                    <div class=\"feedimage click-child\" style=\"display: block; width: 100%;\">\n                        <div class=\"single-item__image\" style=\"background-image: url(https:\/\/www.lidl-kochen.de\/images\/recipe-search\/1503379\/affogato-espresso-mit-vanilleeis-575712.jpg);\">\n                            <div class=\"single-item__image--content\"><div class=\"single-item__likes add-to-favourites\"><\/div>\n                                <div class=\"single-item__prep-time\">\n                                    <i class=\"single-item__prep-icon\"><\/i>\n                                    5 min\n                                <\/div>\n                            <\/div>\n                        <\/div>\n                        <div class=\"single-item__name\"><a href=\"https:\/\/www.lidl-kochen.de\/rezeptwelt\/affogato-espresso-mit-vanilleeis-575712\" title=\"Affogato \u2013 Espresso mit Vanilleeis\">Affogato \u2013 Espresso mit Vani...<\/a><\/div>\n                    <\/div>\n                <\/div><div class=\"swiper-slide\">\n                    <div class=\"feedimage click-child\" style=\"display: block; width: 100%;\">\n                        <div class=\"single-item__image\" style=\"background-image: url(https:\/\/www.lidl-kochen.de\/images\/recipe-search\/719998\/eiskaffee-mit-vanilleeis-und-sahne-312673.jpg);\">\n                            <div class=\"single-item__image--content\"><div class=\"single-item__likes add-to-favourites\"><\/div>\n                                <div class=\"single-item__prep-time\">\n                                    <i class=\"single-item__prep-icon\"><\/i>\n                                    10 min\n                                <\/div>\n                            <\/div>\n                        <\/div>\n                        <div class=\"single-item__name\"><a href=\"https:\/\/www.lidl-kochen.de\/rezeptwelt\/eiskaffee-mit-vanilleeis-und-sahne-312673\" title=\"Eiskaffee mit Vanilleeis und Sahne\">Eiskaffee mit Vanilleeis und S...<\/a><\/div>\n                    <\/div>\n                <\/div><div class=\"swiper-slide\">\n                    <div class=\"feedimage click-child\" style=\"display: block; width: 100%;\">\n                        <div class=\"single-item__image\" style=\"background-image: url(https:\/\/www.lidl-kochen.de\/images\/recipe-search\/392171\/dalgona-coffee-226685.jpg);\">\n                            <div class=\"single-item__image--content\"><div class=\"single-item__likes add-to-favourites\"><\/div>\n                                <div class=\"single-item__prep-time\">\n                                    <i class=\"single-item__prep-icon\"><\/i>\n                                    10 min\n                                <\/div>\n                            <\/div>\n                        <\/div>\n                        <div class=\"single-item__name\"><a href=\"https:\/\/www.lidl-kochen.de\/rezeptwelt\/dalgona-coffee-226685\" title=\"Dalgona Coffee\">Dalgona Coffee<\/a><\/div>\n                    <\/div>\n                <\/div><div class=\"swiper-slide\">\n                    <div class=\"feedimage click-child\" style=\"display: block; width: 100%;\">\n                        <div class=\"single-item__image\" style=\"background-image: url(https:\/\/www.lidl-kochen.de\/images\/recipe-search\/806680\/frozen-espresso-martini-337933.jpg);\">\n                            <div class=\"single-item__image--content\"><div class=\"single-item__likes add-to-favourites\"><\/div>\n                                <div class=\"single-item__prep-time\">\n                                    <i class=\"single-item__prep-icon\"><\/i>\n                                    5 min\n                                <\/div>\n                            <\/div>\n                        <\/div>\n                        <div class=\"single-item__name\"><a href=\"https:\/\/www.lidl-kochen.de\/rezeptwelt\/frozen-espresso-martini-337933\" title=\"Frozen Espresso Martini\">Frozen Espresso Martini<\/a><\/div>\n                    <\/div>\n                <\/div><div class=\"swiper-slide\">\n                    <div class=\"feedimage click-child\" style=\"display: block; width: 100%;\">\n                        <div class=\"single-item__image\" style=\"background-image: url(https:\/\/www.lidl-kochen.de\/images\/recipe-search\/66214\/bananen-mango-eiskaffee-146103.jpg);\">\n                            <div class=\"single-item__image--content\"><div class=\"single-item__likes add-to-favourites\"><\/div>\n                                <div class=\"single-item__prep-time\">\n                                    <i class=\"single-item__prep-icon\"><\/i>\n                                    20 min\n                                <\/div>\n                            <\/div>\n                        <\/div>\n                        <div class=\"single-item__name\"><a href=\"https:\/\/www.lidl-kochen.de\/rezeptwelt\/bananen-mango-eiskaffee-146103\" title=\"Bananen-Mango-Eiskaffee\">Bananen-Mango-Eiskaffee<\/a><\/div>\n                    <\/div>\n                <\/div><div class=\"swiper-slide\">\n                    <div class=\"feedimage click-child\" style=\"display: block; width: 100%;\">\n                        <div class=\"single-item__image\" style=\"background-image: url(https:\/\/www.lidl-kochen.de\/images\/recipe-search\/711566\/eis-latte-macchiato-144834.jpg);\">\n                            <div class=\"single-item__image--content\"><div class=\"single-item__likes add-to-favourites\"><\/div>\n                                <div class=\"single-item__prep-time\">\n                                    <i class=\"single-item__prep-icon\"><\/i>\n                                    15 min\n                                <\/div>\n                            <\/div>\n                        <\/div>\n                        <div class=\"single-item__name\"><a href=\"https:\/\/www.lidl-kochen.de\/rezeptwelt\/eis-latte-macchiato-144834\" title=\"Eis-Latte-macchiato\">Eis-Latte-macchiato<\/a><\/div>\n                    <\/div>\n                <\/div><div class=\"swiper-slide\">\n                    <div class=\"feedimage click-child\" style=\"display: block; width: 100%;\">\n                        <div class=\"single-item__image\" style=\"background-image: url(https:\/\/www.lidl-kochen.de\/images\/recipe-search\/711560\/espresso-sahne-eis-145144.jpg);\">\n                            <div class=\"single-item__image--content\"><div class=\"single-item__likes add-to-favourites\"><\/div>\n                                <div class=\"single-item__prep-time\">\n                                    <i class=\"single-item__prep-icon\"><\/i>\n                                    25 min\n                                <\/div>\n                            <\/div>\n                        <\/div>\n                        <div class=\"single-item__name\"><a href=\"https:\/\/www.lidl-kochen.de\/rezeptwelt\/espresso-sahne-eis-145144\" title=\"Espresso-Sahne-Eis\">Espresso-Sahne-Eis<\/a><\/div>\n                    <\/div>\n                <\/div><div class=\"swiper-slide\">\n                    <div class=\"feedimage click-child\" style=\"display: block; width: 100%;\">\n                        <div class=\"single-item__image\" style=\"background-image: url(https:\/\/www.lidl-kochen.de\/images\/recipe-search\/825475\/tuerkischer-mokka-147133.jpg);\">\n                            <div class=\"single-item__image--content\"><div class=\"single-item__likes add-to-favourites\"><\/div>\n                                <div class=\"single-item__prep-time\">\n                                    <i class=\"single-item__prep-icon\"><\/i>\n                                    5 min\n                                <\/div>\n                            <\/div>\n                        <\/div>\n                        <div class=\"single-item__name\"><a href=\"https:\/\/www.lidl-kochen.de\/rezeptwelt\/tuerkischer-mokka-147133\" title=\"T\u00fcrkischer Mokka\">T\u00fcrkischer Mokka<\/a><\/div>\n                    <\/div>\n                <\/div><div class=\"swiper-slide\">\n                    <div class=\"feedimage click-child\" style=\"display: block; width: 100%;\">\n                        <div class=\"single-item__image\" style=\"background-image: url(https:\/\/www.lidl-kochen.de\/images\/recipe-search\/1330666\/trauben-torte-523055.jpg);\">\n                            <div class=\"single-item__image--content\"><div class=\"single-item__labels\"><a href=\"https:\/\/www.youtube.com\/watch?v=0wHM-NGOfPU\" target=\"_blank\">\n                        <div class=\"single-item__labels__label single-item__labels__label--video\">VIDEO<\/div><\/a>\n                    <\/div><div class=\"single-item__likes add-to-favourites\"><\/div>\n                                <div class=\"single-item__prep-time\">\n                                    <i class=\"single-item__prep-icon\"><\/i>\n                                    30 min\n                                <\/div>\n                            <\/div>\n                        <\/div>\n                        <div class=\"single-item__name\"><a href=\"https:\/\/www.lidl-kochen.de\/rezeptwelt\/trauben-torte-523055\" title=\"Trauben Torte\">Trauben Torte<\/a><\/div>\n                    <\/div>\n                <\/div><div class=\"swiper-slide\">\n                    <div class=\"feedimage click-child\" style=\"display: block; width: 100%;\">\n                        <div class=\"single-item__image\" style=\"background-image: url(https:\/\/www.lidl-kochen.de\/images\/recipe-search\/756659\/cremiger-kaffee-cognac-144505.jpg);\">\n                            <div class=\"single-item__image--content\"><div class=\"single-item__likes add-to-favourites\"><\/div>\n                                <div class=\"single-item__prep-time\">\n                                    <i class=\"single-item__prep-icon\"><\/i>\n                                    10 min\n                                <\/div>\n                            <\/div>\n                        <\/div>\n                        <div class=\"single-item__name\"><a href=\"https:\/\/www.lidl-kochen.de\/rezeptwelt\/cremiger-kaffee-cognac-144505\" title=\"Cremiger Kaffee-Cognac\">Cremiger Kaffee-Cognac<\/a><\/div>\n                    <\/div>\n                <\/div><div class=\"swiper-slide\">\n                    <div class=\"feedimage click-child\" style=\"display: block; width: 100%;\">\n                        <div class=\"single-item__image\" style=\"background-image: url(https:\/\/www.lidl-kochen.de\/images\/recipe-search\/66796\/cold-brew-coffee-mit-vanillemilch-146685.jpg);\">\n                            <div class=\"single-item__image--content\"><div class=\"single-item__likes add-to-favourites\"><\/div>\n                                <div class=\"single-item__prep-time\">\n                                    <i class=\"single-item__prep-icon\"><\/i>\n                                    15 min\n                                <\/div>\n                            <\/div>\n                        <\/div>\n                        <div class=\"single-item__name\"><a href=\"https:\/\/www.lidl-kochen.de\/rezeptwelt\/cold-brew-coffee-mit-vanillemilch-146685\" title=\"Cold Brew Coffee mit Vanillemilch\">Cold Brew Coffee mit Vanillemi...<\/a><\/div>\n                    <\/div>\n                <\/div><div class=\"swiper-slide\">\n                    <div class=\"feedimage click-child\" style=\"display: block; width: 100%;\">\n                        <div class=\"single-item__image\" style=\"background-image: url(https:\/\/www.lidl-kochen.de\/images\/recipe-search\/670711\/original-irish-coffee-rezept-290289.jpg);\">\n                            <div class=\"single-item__image--content\"><div class=\"single-item__likes add-to-favourites\"><\/div>\n                                <div class=\"single-item__prep-time\">\n                                    <i class=\"single-item__prep-icon\"><\/i>\n                                    5 min\n                                <\/div>\n                            <\/div>\n                        <\/div>\n                        <div class=\"single-item__name\"><a href=\"https:\/\/www.lidl-kochen.de\/rezeptwelt\/original-irish-coffee-rezept-290289\" title=\"Original-Irish-Coffee-Rezept\">Original-Irish-Coffee-Rezept<\/a><\/div>\n                    <\/div>\n                <\/div><div class=\"swiper-slide\">\n                    <div class=\"feedimage click-child\" style=\"display: block; width: 100%;\">\n                        <div class=\"single-item__image\" style=\"background-image: url(https:\/\/www.lidl-kochen.de\/images\/recipe-search\/756618\/kosakenkaffee-145984.jpg);\">\n                            <div class=\"single-item__image--content\"><div class=\"single-item__likes add-to-favourites\"><\/div>\n                                <div class=\"single-item__prep-time\">\n                                    <i class=\"single-item__prep-icon\"><\/i>\n                                    5 min\n                                <\/div>\n                            <\/div>\n                        <\/div>\n                        <div class=\"single-item__name\"><a href=\"https:\/\/www.lidl-kochen.de\/rezeptwelt\/kosakenkaffee-145984\" title=\"Kosakenkaffee\">Kosakenkaffee<\/a><\/div>\n                    <\/div>\n                <\/div><div class=\"swiper-slide\">\n                    <div class=\"feedimage click-child\" style=\"display: block; width: 100%;\">\n                        <div class=\"single-item__image\" style=\"background-image: url(https:\/\/www.lidl-kochen.de\/images\/recipe-search\/65760\/vanilla-latte-macchiato-145649.jpg);\">\n                            <div class=\"single-item__image--content\"><div class=\"single-item__likes add-to-favourites\"><\/div>\n                                <div class=\"single-item__prep-time\">\n                                    <i class=\"single-item__prep-icon\"><\/i>\n                                    5 min\n                                <\/div>\n                            <\/div>\n                        <\/div>\n                        <div class=\"single-item__name\"><a href=\"https:\/\/www.lidl-kochen.de\/rezeptwelt\/vanilla-latte-macchiato-145649\" title=\"Vanilla Latte Macchiato\">Vanilla Latte Macchiato<\/a><\/div>\n                    <\/div>\n                <\/div><div class=\"swiper-slide\">\n                    <div class=\"feedimage click-child\" style=\"display: block; width: 100%;\">\n                        <div class=\"single-item__image\" style=\"background-image: url(https:\/\/www.lidl-kochen.de\/images\/recipe-search\/1317761\/espresso-martini-514656.jpg);\">\n                            <div class=\"single-item__image--content\"><div class=\"single-item__likes add-to-favourites\"><\/div>\n                                <div class=\"single-item__prep-time\">\n                                    <i class=\"single-item__prep-icon\"><\/i>\n                                    5 min\n                                <\/div>\n                            <\/div>\n                        <\/div>\n                        <div class=\"single-item__name\"><a href=\"https:\/\/www.lidl-kochen.de\/rezeptwelt\/espresso-martini-514656\" title=\"Espresso-Martini\">Espresso-Martini<\/a><\/div>\n                    <\/div>\n                <\/div><div class=\"swiper-slide\">\n                    <div class=\"feedimage click-child\" style=\"display: block; width: 100%;\">\n                        <div class=\"single-item__image\" style=\"background-image: url(https:\/\/www.lidl-kochen.de\/images\/recipe-search\/1498108\/pharisaeer-kaffee-144474.jpg);\">\n                            <div class=\"single-item__image--content\"><div class=\"single-item__likes add-to-favourites\"><\/div>\n                                <div class=\"single-item__prep-time\">\n                                    <i class=\"single-item__prep-icon\"><\/i>\n                                    10 min\n                                <\/div>\n                            <\/div>\n                        <\/div>\n                        <div class=\"single-item__name\"><a href=\"https:\/\/www.lidl-kochen.de\/rezeptwelt\/pharisaeer-kaffee-144474\" title=\"Pharis\u00e4er-Kaffee\">Pharis\u00e4er-Kaffee<\/a><\/div>\n                    <\/div>\n                <\/div><div class=\"swiper-slide\">\n                    <div class=\"feedimage click-child\" style=\"display: block; width: 100%;\">\n                        <div class=\"single-item__image\" style=\"background-image: url(https:\/\/www.lidl-kochen.de\/images\/recipe-search\/1482107\/veganes-tiramisu-568887.jpg);\">\n                            <div class=\"single-item__image--content\"><div class=\"single-item__labels\"><a href=\"https:\/\/www.youtube.com\/watch?v=5Nz27gXn29U\" target=\"_blank\">\n                        <div class=\"single-item__labels__label single-item__labels__label--video\">VIDEO<\/div><\/a>\n                    <\/div><div class=\"single-item__likes add-to-favourites\"><\/div>\n                                <div class=\"single-item__prep-time\">\n                                    <i class=\"single-item__prep-icon\"><\/i>\n                                    20 min\n                                <\/div>\n                            <\/div>\n                        <\/div>\n                        <div class=\"single-item__name\"><a href=\"https:\/\/www.lidl-kochen.de\/rezeptwelt\/veganes-tiramisu-568887\" title=\"Veganes Tiramisu\">Veganes Tiramisu<\/a><\/div>\n                    <\/div>\n                <\/div><\/div>\n                <div class=\"swiper-pagination\"><\/div>\n                <div class=\"pagnp swiper-button-prev\"><\/div>\n                <div class=\"pagnp swiper-button-next\"><\/div>\n            <\/div>\n        <\/div><script>\n                            document.addEventListener(\"DOMContentLoaded\", function () {\n                                if (typeof Swiper !== \"undefined\") {\n                                    var swiper = new Swiper(\".mySwiper\", {\n                                        slidesPerView: 1.25,\n                                        grabCursor: true,\n                                        spaceBetween: 29,\n                                        navigation: {\n                                            nextEl: \".swiper-button-next\",\n                                            prevEl: \".swiper-button-prev\",\n                                        },\n                                        pagination: false,\n                                        breakpoints: {\n                                            640: { slidesPerView: 3, spaceBetween: 20 },\n                                            768: { slidesPerView: 2, spaceBetween: 20 },\n                                            950: { slidesPerView: 3, spaceBetween: 20 },\n                                            1024: { slidesPerView: 3, spaceBetween: 20 }\n                                        }\n                                    });\n                                } else {\n                                    console.error(\"Swiper library is not loaded.\");\n                                }\n                            });\n                        <\/script>\n\n\n\n<h2 class=\"wp-block-heading\"><strong>Wie viel Koffein hat Kaffee grunds\u00e4tzlich?<\/strong><\/h2>\n\n\n\n<p>Koffein ist ein sogenanntes Alkaloid, eine nat\u00fcrlich vorkommende chemische Verbindung, die vor allem in Kaffee- und Kakaobohnen, Kolan\u00fcssen, Teebl\u00e4ttern sowie Guarana-Beeren zu finden ist. Koffein wird vom K\u00f6rper rasch aufgenommen und entfaltet bereits nach 15 bis 30 Minuten eine Wirkung, die zum Teil \u00fcber mehrere Stunden anhalten kann.<\/p>\n\n\n\n<p>In fertig zubereitetem Kaffee kann der Koffeingehalt deutlich schwanken. Wie viel Koffein Kaffee hat, h\u00e4ngt n\u00e4mlich von verschiedenen Faktoren ab:<\/p>\n\n\n\n<ul class=\"wp-block-list\">\n<li>Tassengr\u00f6\u00dfe bzw. Kaffeemenge<\/li>\n\n\n\n<li>Gew\u00e4hlte Kaffeebohne (Robusta Kaffee oder Arabica Kaffee)<\/li>\n\n\n\n<li>Mahlgrad des Kaffees<\/li>\n\n\n\n<li>R\u00f6stung: Dunkle Kaffeebohnenr\u00f6stung setzt das enthaltene Koffein st\u00e4rker frei<\/li>\n\n\n\n<li>Extraktionszeit: Lange Extraktionszeit setzt mehr Koffein frei<\/li>\n\n\n\n<li>Wassertemperatur: Hei\u00dfes Wasser bindet mehr Koffein im Kaffee<\/li>\n<\/ul>\n\n\n\n<p><\/p>\n\n\n\n<figure class=\"wp-block-image size-full\"><img decoding=\"async\" src=\"https:\/\/www.lidl-kochen.de\/kochideen\/wp-content\/uploads\/2024\/07\/original-irish-coffee-rezept-290289-1.png\" alt=\"Original-Irish-Coffee-Rezept mit Whisky\" class=\"wp-image-6437\"\/><\/figure>\n\n\n\n<h2 class=\"wp-block-heading\"><strong>Woher kommt Kaffee eigentlich?<\/strong><\/h2>\n\n\n\n<p>Die Kaffeebohne ist der Samen der Kaffeepflanze, die urspr\u00fcnglich in \u00c4thiopien beheimatet ist. Heute befinden sich in Brasilien, Vietnam, Indonesien, Kolumbien und \u00c4thiopien die gr\u00f6\u00dften Kaffeeanbaugebiete.<\/p>\n\n\n\n<h2 class=\"wp-block-heading\"><strong>Macht Kaffee wach bzw. macht Espresso wach?<\/strong><\/h2>\n\n\n\n<p>Nach dem Kaffeegenuss gelangt das enthaltene Koffein schnell in den Blutkreislauf und erreicht das Gehirn im Durchschnitt innerhalb von ca. 20 Minuten. Dort entfaltet das Koffein seine Wirkung, indem es M\u00fcdigkeitserscheinungen mindert und die mentale Leistungsf\u00e4higkeit steigert.<\/p>\n\n\n\n<h2 class=\"wp-block-heading\"><strong>Wie viel Koffein hat Kaffee und wie viel Kalorien hat eine Tasse Kaffee?<\/strong><\/h2>\n\n\n\n<p>Eine Tasse Filterkaffee (200 ml) enth\u00e4lt ca. 60-130 mg Koffein. Der Koffeingehalt kann aber abh\u00e4ngig von der Zubereitungsart und der Kaffeebohnensorte variieren.<\/p>\n\n\n\n<p><strong>\u00dcbrigens<\/strong>: Auch entkoffeinierter Kaffee enth\u00e4lt noch eine kleine, aber dennoch messbare Koffeinmenge.<\/p>\n\n\n\n<p>Viele Menschen stellen sich nicht nur die Frage, wie viel Koffein in einer Tasse Kaffee enthalten ist, sondern auch wie viel Kalorien eine Tasse Kaffee hat. Im Grunde ist der Kaloriengehalt von schwarzem Kaffee nicht nennenswert, denn in einer gro\u00dfen Tasse stecken nur ca. 2-4 Kalorien. Somit kann Kaffee auch ein ideales Genussmittel f\u00fcr alle Kalorienbewussten sein.<\/p>\n\n\n\n<h2 class=\"wp-block-heading\"><strong>Wie viel Koffein hat ein Espresso?<\/strong><\/h2>\n\n\n\n<p>In einer Tasse Espresso (20 ml) stecken weniger als 2 Kalorien und nach Angaben des Deutschen Kaffeeverbands rund 25-30 mg Koffein. F\u00fcr den intensiven Geschmack und den exakten Koffeingehalt spielen auch hier die verwendete Kaffeebohnensorte und die R\u00f6stung eine Rolle.<\/p>\n\n\n\n<figure class=\"wp-block-image size-full\"><img decoding=\"async\" src=\"https:\/\/www.lidl-kochen.de\/kochideen\/wp-content\/uploads\/2024\/07\/eis-latte-macchiato-144834-1.png\" alt=\"Latte macchiato mit Vanilleeis und Kakao\" class=\"wp-image-6438\"\/><\/figure>\n\n\n\n<h2 class=\"wp-block-heading\"><strong>Wie viel Kalorien haben Kaffeespezialit\u00e4ten mit Milch?<\/strong><\/h2>\n\n\n\n<p>Eine Tasse Cappuccino (180 ml) enth\u00e4lt \u2013 mit Vollmilch zubereitet \u2013 ca. 82 Kalorien. Ein Glas Latte macchiato (350 ml) enth\u00e4lt mit Vollmilch (3,5 % Fett) rund 200 Kalorien. Bei einem <a href=\"https:\/\/www.lidl-kochen.de\/rezeptwelt\/eis-latte-macchiato-144834\">Eis-Latte-macchiato<\/a> ist der Kaloriengehalt h\u00f6her. Ein Milchkaffee mit Vollmilch enth\u00e4lt im Durchschnitt 34 Kalorien pro 100 ml.<\/p>\n\n\n\n<p>Probiere auch weitere Kaffeespezialit\u00e4ten aus der Lidl Kochen Rezeptwelt, so etwa einen <a href=\"https:\/\/www.lidl-kochen.de\/rezeptwelt\/original-irish-coffee-rezept-290289\">Original-Irish-Coffee<\/a>, einen Mexican Coffee, einen Bananen-Mango-Eiskaffee oder einen <a href=\"https:\/\/www.lidl-kochen.de\/rezeptwelt\/cold-brew-coffee-mit-vanillemilch-146685\">Cold Brew Coffee mit Vanillemilch<\/a>, der nur ca. 90 Kalorien pro Portion enth\u00e4lt.<\/p>\n\n\n\n<h2 class=\"wp-block-heading\"><strong>Welche Koffeinmenge ist am Tag bedenkenlos?<\/strong><\/h2>\n\n\n\n<p>Ca. 4 Tassen Kaffee pro Tag werden als bedenkenlos angesehen. Die Europ\u00e4ische Beh\u00f6rde f\u00fcr Lebensmittelsicherheit empfiehlt eine t\u00e4gliche Koffeinmenge von 400 mg.<\/p>\n\n\n\n<h2 class=\"wp-block-heading\"><strong>Einzigartiger Kaffeegenuss mit Lidl<\/strong><\/h2>\n\n\n\n<p>Entdecke die gro\u00dfe Lidl Kochen Rezeptwelt und viele leckere Kreationen mit Kaffee. Ob <a href=\"https:\/\/www.lidl-kochen.de\/rezeptwelt\/kleine-kaffee-cheesecakes-146053\">kleine Kaffee-Cheesecakes<\/a> oder eine <a href=\"https:\/\/www.lidl-kochen.de\/rezeptwelt\/walnuss-kaffee-torte-144448\">Walnuss-Kaffee-Torte<\/a>: Auf lidl-kochen.de findest du immer das passende Rezept. Alle Zutaten und g\u00fcnstige Angebote erwarten dich jede Woche in dem Lidl in deiner N\u00e4he.<\/p>\n","protected":false},"excerpt":{"rendered":"<p>Neben Tee und Wasser z\u00e4hlt Kaffee zu den beliebtesten Getr\u00e4nken und Energiespendern \u2013 nicht nur am Morgen, sondern den gesamten Tag \u00fcber. In vielen Kulturen ist der Kaffeegenuss sogar ein traditionelles Ritual. Hier auf lidl-kochen.de findest du die wichtigsten Fragen und Antworten rund um Kaffee, Koffein und Kalorien. Wie viel Koffein hat Kaffee grunds\u00e4tzlich? Koffein [&hellip;]<\/p>\n","protected":false},"author":14,"featured_media":6441,"comment_status":"closed","ping_status":"closed","sticky":false,"template":"","format":"standard","meta":{"_acf_changed":false,"footnotes":""},"categories":[28],"tags":[],"schlagworte":[],"class_list":["post-6440","post","type-post","status-publish","format-standard","has-post-thumbnail","hentry","category-gesunde-ernaehrung"],"acf":[],"yoast_head":"<!-- This site is optimized with the Yoast SEO plugin v27.4 - https:\/\/yoast.com\/product\/yoast-seo-wordpress\/ -->\n<title>Kaffee FAQ \u00bb Sorten, Koffeingehalt &amp; mehr bei Lidl Kochen<\/title>\n<meta name=\"description\" content=\"Kaffee z\u00e4hlt zu den Top-Muntermachern, doch welche Sorten gibt es und wie viel Koffein enthalten sie? Lidl Kochen beantwortet die wichtigsten FAQ.\" \/>\n<meta name=\"robots\" content=\"index, follow, max-snippet:-1, max-image-preview:large, max-video-preview:-1\" \/>\n<link rel=\"canonical\" href=\"https:\/\/www.lidl-kochen.de\/kochideen\/kaffee-faq-die-wichtigsten-fragen-antworten-zum-beliebten-muntermacher\/\" \/>\n<meta property=\"og:locale\" content=\"de_DE\" \/>\n<meta property=\"og:type\" content=\"article\" \/>\n<meta property=\"og:title\" content=\"Kaffee FAQ \u00bb Sorten, Koffeingehalt &amp; mehr bei Lidl Kochen\" \/>\n<meta property=\"og:description\" content=\"Kaffee z\u00e4hlt zu den Top-Muntermachern, doch welche Sorten gibt es und wie viel Koffein enthalten sie? Lidl Kochen beantwortet die wichtigsten FAQ.\" \/>\n<meta property=\"og:url\" content=\"https:\/\/www.lidl-kochen.de\/kochideen\/kaffee-faq-die-wichtigsten-fragen-antworten-zum-beliebten-muntermacher\/\" \/>\n<meta property=\"og:site_name\" content=\"Lidl Kochen Magazin\" \/>\n<meta property=\"article:published_time\" content=\"2024-07-26T06:01:58+00:00\" \/>\n<meta property=\"article:modified_time\" content=\"2024-07-30T22:02:04+00:00\" \/>\n<meta property=\"og:image\" content=\"https:\/\/www.lidl-kochen.de\/kochideen\/wp-content\/uploads\/2024\/07\/cold-brew-coffee-mit-vanillemilch-146685-1.png\" \/>\n\t<meta property=\"og:image:width\" content=\"773\" \/>\n\t<meta property=\"og:image:height\" content=\"420\" \/>\n\t<meta property=\"og:image:type\" content=\"image\/png\" \/>\n<meta name=\"author\" content=\"Arne Cornelius\" \/>\n<meta name=\"twitter:card\" content=\"summary_large_image\" \/>\n<meta name=\"twitter:label1\" content=\"Verfasst von\" \/>\n\t<meta name=\"twitter:data1\" content=\"Arne Cornelius\" \/>\n\t<meta name=\"twitter:label2\" content=\"Gesch\u00e4tzte Lesezeit\" \/>\n\t<meta name=\"twitter:data2\" content=\"4\u00a0Minuten\" \/>\n<script type=\"application\/ld+json\" class=\"yoast-schema-graph\">{\"@context\":\"https:\\\/\\\/schema.org\",\"@graph\":[{\"@type\":\"Article\",\"@id\":\"https:\\\/\\\/www.lidl-kochen.de\\\/kochideen\\\/kaffee-faq-die-wichtigsten-fragen-antworten-zum-beliebten-muntermacher\\\/#article\",\"isPartOf\":{\"@id\":\"https:\\\/\\\/www.lidl-kochen.de\\\/kochideen\\\/kaffee-faq-die-wichtigsten-fragen-antworten-zum-beliebten-muntermacher\\\/\"},\"author\":{\"name\":\"Arne Cornelius\",\"@id\":\"https:\\\/\\\/www.lidl-kochen.de\\\/kochideen\\\/#\\\/schema\\\/person\\\/6fdafc5eb248c33dd3c831b3c65ea9a6\"},\"headline\":\"Kaffee FAQ \u2013 die wichtigsten Fragen &amp; Antworten zum beliebten Muntermacher\",\"datePublished\":\"2024-07-26T06:01:58+00:00\",\"dateModified\":\"2024-07-30T22:02:04+00:00\",\"mainEntityOfPage\":{\"@id\":\"https:\\\/\\\/www.lidl-kochen.de\\\/kochideen\\\/kaffee-faq-die-wichtigsten-fragen-antworten-zum-beliebten-muntermacher\\\/\"},\"wordCount\":578,\"image\":{\"@id\":\"https:\\\/\\\/www.lidl-kochen.de\\\/kochideen\\\/kaffee-faq-die-wichtigsten-fragen-antworten-zum-beliebten-muntermacher\\\/#primaryimage\"},\"thumbnailUrl\":\"https:\\\/\\\/www.lidl-kochen.de\\\/kochideen\\\/wp-content\\\/uploads\\\/2024\\\/07\\\/cold-brew-coffee-mit-vanillemilch-146685-1.png\",\"articleSection\":[\"Gesunde Ern\u00e4hrung\"],\"inLanguage\":\"de\"},{\"@type\":\"WebPage\",\"@id\":\"https:\\\/\\\/www.lidl-kochen.de\\\/kochideen\\\/kaffee-faq-die-wichtigsten-fragen-antworten-zum-beliebten-muntermacher\\\/\",\"url\":\"https:\\\/\\\/www.lidl-kochen.de\\\/kochideen\\\/kaffee-faq-die-wichtigsten-fragen-antworten-zum-beliebten-muntermacher\\\/\",\"name\":\"Kaffee FAQ \u00bb Sorten, Koffeingehalt & mehr bei Lidl Kochen\",\"isPartOf\":{\"@id\":\"https:\\\/\\\/www.lidl-kochen.de\\\/kochideen\\\/#website\"},\"primaryImageOfPage\":{\"@id\":\"https:\\\/\\\/www.lidl-kochen.de\\\/kochideen\\\/kaffee-faq-die-wichtigsten-fragen-antworten-zum-beliebten-muntermacher\\\/#primaryimage\"},\"image\":{\"@id\":\"https:\\\/\\\/www.lidl-kochen.de\\\/kochideen\\\/kaffee-faq-die-wichtigsten-fragen-antworten-zum-beliebten-muntermacher\\\/#primaryimage\"},\"thumbnailUrl\":\"https:\\\/\\\/www.lidl-kochen.de\\\/kochideen\\\/wp-content\\\/uploads\\\/2024\\\/07\\\/cold-brew-coffee-mit-vanillemilch-146685-1.png\",\"datePublished\":\"2024-07-26T06:01:58+00:00\",\"dateModified\":\"2024-07-30T22:02:04+00:00\",\"author\":{\"@id\":\"https:\\\/\\\/www.lidl-kochen.de\\\/kochideen\\\/#\\\/schema\\\/person\\\/6fdafc5eb248c33dd3c831b3c65ea9a6\"},\"description\":\"Kaffee z\u00e4hlt zu den Top-Muntermachern, doch welche Sorten gibt es und wie viel Koffein enthalten sie? Lidl Kochen beantwortet die wichtigsten FAQ.\",\"breadcrumb\":{\"@id\":\"https:\\\/\\\/www.lidl-kochen.de\\\/kochideen\\\/kaffee-faq-die-wichtigsten-fragen-antworten-zum-beliebten-muntermacher\\\/#breadcrumb\"},\"inLanguage\":\"de\",\"potentialAction\":[{\"@type\":\"ReadAction\",\"target\":[\"https:\\\/\\\/www.lidl-kochen.de\\\/kochideen\\\/kaffee-faq-die-wichtigsten-fragen-antworten-zum-beliebten-muntermacher\\\/\"]}]},{\"@type\":\"ImageObject\",\"inLanguage\":\"de\",\"@id\":\"https:\\\/\\\/www.lidl-kochen.de\\\/kochideen\\\/kaffee-faq-die-wichtigsten-fragen-antworten-zum-beliebten-muntermacher\\\/#primaryimage\",\"url\":\"https:\\\/\\\/www.lidl-kochen.de\\\/kochideen\\\/wp-content\\\/uploads\\\/2024\\\/07\\\/cold-brew-coffee-mit-vanillemilch-146685-1.png\",\"contentUrl\":\"https:\\\/\\\/www.lidl-kochen.de\\\/kochideen\\\/wp-content\\\/uploads\\\/2024\\\/07\\\/cold-brew-coffee-mit-vanillemilch-146685-1.png\",\"width\":773,\"height\":420,\"caption\":\"Cold Brew Coffee mit Vanillemilch mit Vanillegeschmack\"},{\"@type\":\"BreadcrumbList\",\"@id\":\"https:\\\/\\\/www.lidl-kochen.de\\\/kochideen\\\/kaffee-faq-die-wichtigsten-fragen-antworten-zum-beliebten-muntermacher\\\/#breadcrumb\",\"itemListElement\":[{\"@type\":\"ListItem\",\"position\":1,\"name\":\"Startseite\",\"item\":\"https:\\\/\\\/www.lidl-kochen.de\\\/kochideen\\\/\"},{\"@type\":\"ListItem\",\"position\":2,\"name\":\"Kaffee FAQ \u2013 die wichtigsten Fragen &amp; Antworten zum beliebten Muntermacher\"}]},{\"@type\":\"WebSite\",\"@id\":\"https:\\\/\\\/www.lidl-kochen.de\\\/kochideen\\\/#website\",\"url\":\"https:\\\/\\\/www.lidl-kochen.de\\\/kochideen\\\/\",\"name\":\"Lidl Kochen Magazin\",\"description\":\"Das Magazin rund ums Kochen\",\"potentialAction\":[{\"@type\":\"SearchAction\",\"target\":{\"@type\":\"EntryPoint\",\"urlTemplate\":\"https:\\\/\\\/www.lidl-kochen.de\\\/kochideen\\\/?s={search_term_string}\"},\"query-input\":{\"@type\":\"PropertyValueSpecification\",\"valueRequired\":true,\"valueName\":\"search_term_string\"}}],\"inLanguage\":\"de\"},{\"@type\":\"Person\",\"@id\":\"https:\\\/\\\/www.lidl-kochen.de\\\/kochideen\\\/#\\\/schema\\\/person\\\/6fdafc5eb248c33dd3c831b3c65ea9a6\",\"name\":\"Arne Cornelius\",\"image\":{\"@type\":\"ImageObject\",\"inLanguage\":\"de\",\"@id\":\"https:\\\/\\\/secure.gravatar.com\\\/avatar\\\/33a39c551314e21591e98fe0d45c531f39bab65c3bf5c419474486a2427f1e5f?s=96&d=mm&r=g\",\"url\":\"https:\\\/\\\/secure.gravatar.com\\\/avatar\\\/33a39c551314e21591e98fe0d45c531f39bab65c3bf5c419474486a2427f1e5f?s=96&d=mm&r=g\",\"contentUrl\":\"https:\\\/\\\/secure.gravatar.com\\\/avatar\\\/33a39c551314e21591e98fe0d45c531f39bab65c3bf5c419474486a2427f1e5f?s=96&d=mm&r=g\",\"caption\":\"Arne Cornelius\"}}]}<\/script>\n<!-- \/ Yoast SEO plugin. -->","yoast_head_json":{"title":"Kaffee FAQ \u00bb Sorten, Koffeingehalt & mehr bei Lidl Kochen","description":"Kaffee z\u00e4hlt zu den Top-Muntermachern, doch welche Sorten gibt es und wie viel Koffein enthalten sie? Lidl Kochen beantwortet die wichtigsten FAQ.","robots":{"index":"index","follow":"follow","max-snippet":"max-snippet:-1","max-image-preview":"max-image-preview:large","max-video-preview":"max-video-preview:-1"},"canonical":"https:\/\/www.lidl-kochen.de\/kochideen\/kaffee-faq-die-wichtigsten-fragen-antworten-zum-beliebten-muntermacher\/","og_locale":"de_DE","og_type":"article","og_title":"Kaffee FAQ \u00bb Sorten, Koffeingehalt & mehr bei Lidl Kochen","og_description":"Kaffee z\u00e4hlt zu den Top-Muntermachern, doch welche Sorten gibt es und wie viel Koffein enthalten sie? Lidl Kochen beantwortet die wichtigsten FAQ.","og_url":"https:\/\/www.lidl-kochen.de\/kochideen\/kaffee-faq-die-wichtigsten-fragen-antworten-zum-beliebten-muntermacher\/","og_site_name":"Lidl Kochen Magazin","article_published_time":"2024-07-26T06:01:58+00:00","article_modified_time":"2024-07-30T22:02:04+00:00","og_image":[{"width":773,"height":420,"url":"https:\/\/www.lidl-kochen.de\/kochideen\/wp-content\/uploads\/2024\/07\/cold-brew-coffee-mit-vanillemilch-146685-1.png","type":"image\/png"}],"author":"Arne Cornelius","twitter_card":"summary_large_image","twitter_misc":{"Verfasst von":"Arne Cornelius","Gesch\u00e4tzte Lesezeit":"4\u00a0Minuten"},"schema":{"@context":"https:\/\/schema.org","@graph":[{"@type":"Article","@id":"https:\/\/www.lidl-kochen.de\/kochideen\/kaffee-faq-die-wichtigsten-fragen-antworten-zum-beliebten-muntermacher\/#article","isPartOf":{"@id":"https:\/\/www.lidl-kochen.de\/kochideen\/kaffee-faq-die-wichtigsten-fragen-antworten-zum-beliebten-muntermacher\/"},"author":{"name":"Arne Cornelius","@id":"https:\/\/www.lidl-kochen.de\/kochideen\/#\/schema\/person\/6fdafc5eb248c33dd3c831b3c65ea9a6"},"headline":"Kaffee FAQ \u2013 die wichtigsten Fragen &amp; Antworten zum beliebten Muntermacher","datePublished":"2024-07-26T06:01:58+00:00","dateModified":"2024-07-30T22:02:04+00:00","mainEntityOfPage":{"@id":"https:\/\/www.lidl-kochen.de\/kochideen\/kaffee-faq-die-wichtigsten-fragen-antworten-zum-beliebten-muntermacher\/"},"wordCount":578,"image":{"@id":"https:\/\/www.lidl-kochen.de\/kochideen\/kaffee-faq-die-wichtigsten-fragen-antworten-zum-beliebten-muntermacher\/#primaryimage"},"thumbnailUrl":"https:\/\/www.lidl-kochen.de\/kochideen\/wp-content\/uploads\/2024\/07\/cold-brew-coffee-mit-vanillemilch-146685-1.png","articleSection":["Gesunde Ern\u00e4hrung"],"inLanguage":"de"},{"@type":"WebPage","@id":"https:\/\/www.lidl-kochen.de\/kochideen\/kaffee-faq-die-wichtigsten-fragen-antworten-zum-beliebten-muntermacher\/","url":"https:\/\/www.lidl-kochen.de\/kochideen\/kaffee-faq-die-wichtigsten-fragen-antworten-zum-beliebten-muntermacher\/","name":"Kaffee FAQ \u00bb Sorten, Koffeingehalt & mehr bei Lidl Kochen","isPartOf":{"@id":"https:\/\/www.lidl-kochen.de\/kochideen\/#website"},"primaryImageOfPage":{"@id":"https:\/\/www.lidl-kochen.de\/kochideen\/kaffee-faq-die-wichtigsten-fragen-antworten-zum-beliebten-muntermacher\/#primaryimage"},"image":{"@id":"https:\/\/www.lidl-kochen.de\/kochideen\/kaffee-faq-die-wichtigsten-fragen-antworten-zum-beliebten-muntermacher\/#primaryimage"},"thumbnailUrl":"https:\/\/www.lidl-kochen.de\/kochideen\/wp-content\/uploads\/2024\/07\/cold-brew-coffee-mit-vanillemilch-146685-1.png","datePublished":"2024-07-26T06:01:58+00:00","dateModified":"2024-07-30T22:02:04+00:00","author":{"@id":"https:\/\/www.lidl-kochen.de\/kochideen\/#\/schema\/person\/6fdafc5eb248c33dd3c831b3c65ea9a6"},"description":"Kaffee z\u00e4hlt zu den Top-Muntermachern, doch welche Sorten gibt es und wie viel Koffein enthalten sie? Lidl Kochen beantwortet die wichtigsten FAQ.","breadcrumb":{"@id":"https:\/\/www.lidl-kochen.de\/kochideen\/kaffee-faq-die-wichtigsten-fragen-antworten-zum-beliebten-muntermacher\/#breadcrumb"},"inLanguage":"de","potentialAction":[{"@type":"ReadAction","target":["https:\/\/www.lidl-kochen.de\/kochideen\/kaffee-faq-die-wichtigsten-fragen-antworten-zum-beliebten-muntermacher\/"]}]},{"@type":"ImageObject","inLanguage":"de","@id":"https:\/\/www.lidl-kochen.de\/kochideen\/kaffee-faq-die-wichtigsten-fragen-antworten-zum-beliebten-muntermacher\/#primaryimage","url":"https:\/\/www.lidl-kochen.de\/kochideen\/wp-content\/uploads\/2024\/07\/cold-brew-coffee-mit-vanillemilch-146685-1.png","contentUrl":"https:\/\/www.lidl-kochen.de\/kochideen\/wp-content\/uploads\/2024\/07\/cold-brew-coffee-mit-vanillemilch-146685-1.png","width":773,"height":420,"caption":"Cold Brew Coffee mit Vanillemilch mit Vanillegeschmack"},{"@type":"BreadcrumbList","@id":"https:\/\/www.lidl-kochen.de\/kochideen\/kaffee-faq-die-wichtigsten-fragen-antworten-zum-beliebten-muntermacher\/#breadcrumb","itemListElement":[{"@type":"ListItem","position":1,"name":"Startseite","item":"https:\/\/www.lidl-kochen.de\/kochideen\/"},{"@type":"ListItem","position":2,"name":"Kaffee FAQ \u2013 die wichtigsten Fragen &amp; Antworten zum beliebten Muntermacher"}]},{"@type":"WebSite","@id":"https:\/\/www.lidl-kochen.de\/kochideen\/#website","url":"https:\/\/www.lidl-kochen.de\/kochideen\/","name":"Lidl Kochen Magazin","description":"Das Magazin rund ums Kochen","potentialAction":[{"@type":"SearchAction","target":{"@type":"EntryPoint","urlTemplate":"https:\/\/www.lidl-kochen.de\/kochideen\/?s={search_term_string}"},"query-input":{"@type":"PropertyValueSpecification","valueRequired":true,"valueName":"search_term_string"}}],"inLanguage":"de"},{"@type":"Person","@id":"https:\/\/www.lidl-kochen.de\/kochideen\/#\/schema\/person\/6fdafc5eb248c33dd3c831b3c65ea9a6","name":"Arne Cornelius","image":{"@type":"ImageObject","inLanguage":"de","@id":"https:\/\/secure.gravatar.com\/avatar\/33a39c551314e21591e98fe0d45c531f39bab65c3bf5c419474486a2427f1e5f?s=96&d=mm&r=g","url":"https:\/\/secure.gravatar.com\/avatar\/33a39c551314e21591e98fe0d45c531f39bab65c3bf5c419474486a2427f1e5f?s=96&d=mm&r=g","contentUrl":"https:\/\/secure.gravatar.com\/avatar\/33a39c551314e21591e98fe0d45c531f39bab65c3bf5c419474486a2427f1e5f?s=96&d=mm&r=g","caption":"Arne Cornelius"}}]}},"_links":{"self":[{"href":"https:\/\/www.lidl-kochen.de\/kochideen\/wp-json\/wp\/v2\/posts\/6440","targetHints":{"allow":["GET"]}}],"collection":[{"href":"https:\/\/www.lidl-kochen.de\/kochideen\/wp-json\/wp\/v2\/posts"}],"about":[{"href":"https:\/\/www.lidl-kochen.de\/kochideen\/wp-json\/wp\/v2\/types\/post"}],"author":[{"embeddable":true,"href":"https:\/\/www.lidl-kochen.de\/kochideen\/wp-json\/wp\/v2\/users\/14"}],"replies":[{"embeddable":true,"href":"https:\/\/www.lidl-kochen.de\/kochideen\/wp-json\/wp\/v2\/comments?post=6440"}],"version-history":[{"count":1,"href":"https:\/\/www.lidl-kochen.de\/kochideen\/wp-json\/wp\/v2\/posts\/6440\/revisions"}],"predecessor-version":[{"id":6450,"href":"https:\/\/www.lidl-kochen.de\/kochideen\/wp-json\/wp\/v2\/posts\/6440\/revisions\/6450"}],"wp:featuredmedia":[{"embeddable":true,"href":"https:\/\/www.lidl-kochen.de\/kochideen\/wp-json\/wp\/v2\/media\/6441"}],"wp:attachment":[{"href":"https:\/\/www.lidl-kochen.de\/kochideen\/wp-json\/wp\/v2\/media?parent=6440"}],"wp:term":[{"taxonomy":"category","embeddable":true,"href":"https:\/\/www.lidl-kochen.de\/kochideen\/wp-json\/wp\/v2\/categories?post=6440"},{"taxonomy":"post_tag","embeddable":true,"href":"https:\/\/www.lidl-kochen.de\/kochideen\/wp-json\/wp\/v2\/tags?post=6440"},{"taxonomy":"schlagworte","embeddable":true,"href":"https:\/\/www.lidl-kochen.de\/kochideen\/wp-json\/wp\/v2\/schlagworte?post=6440"}],"curies":[{"name":"wp","href":"https:\/\/api.w.org\/{rel}","templated":true}]}}