{"id":4062,"date":"2022-02-21T16:16:00","date_gmt":"2022-02-21T16:16:00","guid":{"rendered":"https:\/\/www.lidl-kochen.de\/kochideen\/?p=4062"},"modified":"2023-06-20T10:27:25","modified_gmt":"2023-06-20T08:27:25","slug":"brot-low-carb-diaet","status":"publish","type":"post","link":"https:\/\/www.lidl-kochen.de\/kochideen\/brot-low-carb-diaet\/","title":{"rendered":"Welches Brot eignet sich am besten f\u00fcr Low Carb?"},"content":{"rendered":"\n<p>Bei einer Low Carb Di\u00e4t gilt es als die wichtigste Regel, nur wenig Kohlenhydrate zu sich zu nehmen.<\/p>\n\n\n\n<p>G\u00e4ngige Brotsorten k\u00f6nnen hier leider nicht in den Ern\u00e4hrungsplan integriert werden, da sie zu viele Kohlenhydrate beinhalten.<\/p>\n\n\n\n<p>Die gute Nachricht ist jedoch, dass auch diejenigen, die sich f\u00fcr diese Art der Ern\u00e4hrung entschieden haben, nicht auf ihr Fr\u00fchst\u00fccksbrot verzichten m\u00fcssen.<\/p>\n\n\n\n<p>Im Gegenteil! Es stellt sich lediglich die Frage, was ein kohlenhydratarmes Brot ausmacht. Mit ein wenig Hintergrundwissen muss so auf nichts verzichtet werden.<\/p>\n\n\n\n<h3 class=\"wp-block-heading\" id=\"low-carb-brot-einfach-selbst-machen-oder-fertig-kaufen\">Low Carb Brot einfach selbst machen! (oder fertig kaufen)<\/h3>\n\n\n\n<p>Deutschland ist bis heute Spitzenreiter, wenn es um ein besonders vielseitiges Brotangebot geht. Nirgendwo sonst wird so viel Brot gegessen wie hierzulande. Und obwohl die Auswahl vergleichsweise gro\u00df ist, sind alle g\u00e4ngigen Brotsorten sehr reich an Kohlenhydraten.<\/p>\n\n\n\n<p>In der Regel stellt es hier eine beliebte L\u00f6sung dar, selbst aktiv zu werden und sein eigenes Brot zu backen \u2013 gern auch auf der Basis einer praktischen Backmischung. Auf diese Weise ist es ganz einfach m\u00f6glich, die Kohlenhydrate durch Fette oder Proteine zu ersetzen.<\/p>\n\n\n\n<p>Mittlerweile gibt es jedoch auch einige Hersteller, die bereits fertige Low Carb Brote anbieten.<\/p>\n\n\n\n<p>Eines haben jedoch alle Backwaren dieser Art gemein: den hohen Proteinanteil. 30 Gramm auf 100 Gramm Brot stellen hier keine Seltenheit dar. Der Anteil an Kohlenhydraten ist hingegen deutlich geringer. Viele Produkte kommen hier mit maximal vier bis f\u00fcnf Gramm aus.<\/p>\n\n\n\t\t<div data-elementor-type=\"section\" data-elementor-id=\"426\" class=\"elementor elementor-426\" data-elementor-post-type=\"elementor_library\">\n\t\t\t\t\t<section class=\"elementor-section elementor-top-section elementor-element elementor-element-5a19f4f elementor-section-full_width elementor-section-height-default elementor-section-height-default\" data-id=\"5a19f4f\" data-element_type=\"section\" data-e-type=\"section\" data-settings=\"{&quot;jet_parallax_layout_list&quot;:[{&quot;jet_parallax_layout_image&quot;:{&quot;url&quot;:&quot;&quot;,&quot;id&quot;:&quot;&quot;,&quot;size&quot;:&quot;&quot;},&quot;_id&quot;:&quot;72f4053&quot;,&quot;jet_parallax_layout_image_tablet&quot;:{&quot;url&quot;:&quot;&quot;,&quot;id&quot;:&quot;&quot;,&quot;size&quot;:&quot;&quot;},&quot;jet_parallax_layout_image_mobile&quot;:{&quot;url&quot;:&quot;&quot;,&quot;id&quot;:&quot;&quot;,&quot;size&quot;:&quot;&quot;},&quot;jet_parallax_layout_speed&quot;:{&quot;unit&quot;:&quot;%&quot;,&quot;size&quot;:50,&quot;sizes&quot;:[]},&quot;jet_parallax_layout_type&quot;:&quot;scroll&quot;,&quot;jet_parallax_layout_direction&quot;:&quot;1&quot;,&quot;jet_parallax_layout_fx_direction&quot;:null,&quot;jet_parallax_layout_z_index&quot;:&quot;&quot;,&quot;jet_parallax_layout_bg_x&quot;:50,&quot;jet_parallax_layout_bg_x_tablet&quot;:&quot;&quot;,&quot;jet_parallax_layout_bg_x_mobile&quot;:&quot;&quot;,&quot;jet_parallax_layout_bg_y&quot;:50,&quot;jet_parallax_layout_bg_y_tablet&quot;:&quot;&quot;,&quot;jet_parallax_layout_bg_y_mobile&quot;:&quot;&quot;,&quot;jet_parallax_layout_bg_size&quot;:&quot;auto&quot;,&quot;jet_parallax_layout_bg_size_tablet&quot;:&quot;&quot;,&quot;jet_parallax_layout_bg_size_mobile&quot;:&quot;&quot;,&quot;jet_parallax_layout_animation_prop&quot;:&quot;transform&quot;,&quot;jet_parallax_layout_on&quot;:[&quot;desktop&quot;,&quot;tablet&quot;]}]}\">\n\t\t\t\t\t\t<div class=\"elementor-container elementor-column-gap-default\">\n\t\t\t\t\t<div class=\"elementor-column elementor-col-100 elementor-top-column elementor-element elementor-element-b1cd5c3\" data-id=\"b1cd5c3\" data-element_type=\"column\" data-e-type=\"column\" data-settings=\"{&quot;background_background&quot;:&quot;classic&quot;,&quot;_ob_teleporter_use&quot;:false}\">\n\t\t\t<div class=\"elementor-widget-wrap elementor-element-populated\">\n\t\t\t\t\t\t<div class=\"elementor-element elementor-element-cc19aec elementor-widget elementor-widget-jet-listing-grid\" data-id=\"cc19aec\" data-element_type=\"widget\" data-e-type=\"widget\" data-settings=\"{&quot;columns&quot;:&quot;2&quot;,&quot;columns_tablet&quot;:&quot;2&quot;,&quot;columns_mobile&quot;:&quot;1&quot;}\" data-widget_type=\"jet-listing-grid.default\">\n\t\t\t\t<div class=\"elementor-widget-container\">\n\t\t\t\t\t<div class=\"jet-listing-grid jet-listing\"><div class=\"jet-listing-grid__items grid-col-desk-2 grid-col-tablet-2 grid-col-mobile-1 jet-listing-grid--344\" data-queried-id=\"4062|WP_Post\" data-nav=\"{&quot;enabled&quot;:false,&quot;type&quot;:null,&quot;more_el&quot;:null,&quot;query&quot;:[],&quot;widget_settings&quot;:{&quot;lisitng_id&quot;:344,&quot;posts_num&quot;:2,&quot;columns&quot;:2,&quot;columns_tablet&quot;:2,&quot;columns_mobile&quot;:1,&quot;column_min_width&quot;:240,&quot;column_min_width_tablet&quot;:240,&quot;column_min_width_mobile&quot;:240,&quot;inline_columns_css&quot;:false,&quot;is_archive_template&quot;:&quot;&quot;,&quot;post_status&quot;:[&quot;publish&quot;],&quot;use_random_posts_num&quot;:&quot;&quot;,&quot;max_posts_num&quot;:9,&quot;not_found_message&quot;:&quot;No data was found&quot;,&quot;is_masonry&quot;:false,&quot;equal_columns_height&quot;:&quot;&quot;,&quot;use_load_more&quot;:&quot;&quot;,&quot;load_more_id&quot;:&quot;&quot;,&quot;load_more_type&quot;:&quot;click&quot;,&quot;load_more_offset&quot;:{&quot;unit&quot;:&quot;px&quot;,&quot;size&quot;:0,&quot;sizes&quot;:[]},&quot;use_custom_post_types&quot;:&quot;&quot;,&quot;custom_post_types&quot;:[],&quot;hide_widget_if&quot;:&quot;&quot;,&quot;carousel_enabled&quot;:&quot;&quot;,&quot;slides_to_scroll&quot;:&quot;1&quot;,&quot;arrows&quot;:&quot;true&quot;,&quot;arrow_icon&quot;:&quot;fa fa-angle-left&quot;,&quot;dots&quot;:&quot;&quot;,&quot;autoplay&quot;:&quot;true&quot;,&quot;pause_on_hover&quot;:&quot;true&quot;,&quot;autoplay_speed&quot;:5000,&quot;infinite&quot;:&quot;true&quot;,&quot;center_mode&quot;:&quot;&quot;,&quot;effect&quot;:&quot;slide&quot;,&quot;speed&quot;:500,&quot;inject_alternative_items&quot;:&quot;&quot;,&quot;injection_items&quot;:[],&quot;scroll_slider_enabled&quot;:&quot;&quot;,&quot;scroll_slider_on&quot;:[&quot;desktop&quot;,&quot;tablet&quot;,&quot;mobile&quot;],&quot;custom_query&quot;:false,&quot;custom_query_id&quot;:&quot;&quot;,&quot;_element_id&quot;:&quot;&quot;,&quot;collapse_first_last_gap&quot;:false,&quot;list_tag_selection&quot;:&quot;&quot;,&quot;list_items_wrapper_tag&quot;:&quot;div&quot;,&quot;list_item_tag&quot;:&quot;div&quot;,&quot;empty_items_wrapper_tag&quot;:&quot;div&quot;}}\" data-page=\"1\" data-pages=\"20\" data-listing-source=\"posts\" data-listing-id=\"344\" data-query-id=\"\"><div class=\"jet-listing-grid__item jet-listing-dynamic-post-1643\" data-post-id=\"1643\"  ><div class=\"jet-engine-listing-overlay-wrap\" data-url=\"https:\/\/www.lidl.de\/de\/midea-ks-6-11-a-side-by-side\/p371042?utm_source=lk_magazin&amp;utm_medium=produkt&amp;utm_campaign=magazin\">\t\t<div data-elementor-type=\"jet-listing-items\" data-elementor-id=\"344\" class=\"elementor elementor-344\" data-elementor-post-type=\"jet-engine\">\n\t\t\t\t\t\t<section class=\"elementor-section elementor-top-section elementor-element elementor-element-415e7b0 elementor-section-boxed elementor-section-height-default elementor-section-height-default\" data-id=\"415e7b0\" data-element_type=\"section\" data-e-type=\"section\" data-settings=\"{&quot;jet_parallax_layout_list&quot;:[{&quot;jet_parallax_layout_image&quot;:{&quot;url&quot;:&quot;&quot;,&quot;id&quot;:&quot;&quot;,&quot;size&quot;:&quot;&quot;},&quot;_id&quot;:&quot;46433ef&quot;,&quot;jet_parallax_layout_image_tablet&quot;:{&quot;url&quot;:&quot;&quot;,&quot;id&quot;:&quot;&quot;,&quot;size&quot;:&quot;&quot;},&quot;jet_parallax_layout_image_mobile&quot;:{&quot;url&quot;:&quot;&quot;,&quot;id&quot;:&quot;&quot;,&quot;size&quot;:&quot;&quot;},&quot;jet_parallax_layout_speed&quot;:{&quot;unit&quot;:&quot;%&quot;,&quot;size&quot;:50,&quot;sizes&quot;:[]},&quot;jet_parallax_layout_type&quot;:&quot;scroll&quot;,&quot;jet_parallax_layout_direction&quot;:&quot;1&quot;,&quot;jet_parallax_layout_fx_direction&quot;:null,&quot;jet_parallax_layout_z_index&quot;:&quot;&quot;,&quot;jet_parallax_layout_bg_x&quot;:50,&quot;jet_parallax_layout_bg_x_tablet&quot;:&quot;&quot;,&quot;jet_parallax_layout_bg_x_mobile&quot;:&quot;&quot;,&quot;jet_parallax_layout_bg_y&quot;:50,&quot;jet_parallax_layout_bg_y_tablet&quot;:&quot;&quot;,&quot;jet_parallax_layout_bg_y_mobile&quot;:&quot;&quot;,&quot;jet_parallax_layout_bg_size&quot;:&quot;auto&quot;,&quot;jet_parallax_layout_bg_size_tablet&quot;:&quot;&quot;,&quot;jet_parallax_layout_bg_size_mobile&quot;:&quot;&quot;,&quot;jet_parallax_layout_animation_prop&quot;:&quot;transform&quot;,&quot;jet_parallax_layout_on&quot;:[&quot;desktop&quot;,&quot;tablet&quot;]}]}\">\n\t\t\t\t\t\t<div class=\"elementor-container elementor-column-gap-default\">\n\t\t\t\t\t<div class=\"elementor-column elementor-col-100 elementor-top-column elementor-element elementor-element-fb36579\" data-id=\"fb36579\" data-element_type=\"column\" data-e-type=\"column\">\n\t\t\t<div class=\"elementor-widget-wrap elementor-element-populated\">\n\t\t\t\t\t\t<section class=\"elementor-section elementor-inner-section elementor-element elementor-element-3470411 elementor-section-boxed elementor-section-height-default elementor-section-height-default\" data-id=\"3470411\" data-element_type=\"section\" data-e-type=\"section\" data-settings=\"{&quot;jet_parallax_layout_list&quot;:[{&quot;jet_parallax_layout_image&quot;:{&quot;url&quot;:&quot;&quot;,&quot;id&quot;:&quot;&quot;,&quot;size&quot;:&quot;&quot;},&quot;_id&quot;:&quot;bd0bd24&quot;,&quot;jet_parallax_layout_image_tablet&quot;:{&quot;url&quot;:&quot;&quot;,&quot;id&quot;:&quot;&quot;,&quot;size&quot;:&quot;&quot;},&quot;jet_parallax_layout_image_mobile&quot;:{&quot;url&quot;:&quot;&quot;,&quot;id&quot;:&quot;&quot;,&quot;size&quot;:&quot;&quot;},&quot;jet_parallax_layout_speed&quot;:{&quot;unit&quot;:&quot;%&quot;,&quot;size&quot;:50,&quot;sizes&quot;:[]},&quot;jet_parallax_layout_type&quot;:&quot;scroll&quot;,&quot;jet_parallax_layout_direction&quot;:&quot;1&quot;,&quot;jet_parallax_layout_fx_direction&quot;:null,&quot;jet_parallax_layout_z_index&quot;:&quot;&quot;,&quot;jet_parallax_layout_bg_x&quot;:50,&quot;jet_parallax_layout_bg_x_tablet&quot;:&quot;&quot;,&quot;jet_parallax_layout_bg_x_mobile&quot;:&quot;&quot;,&quot;jet_parallax_layout_bg_y&quot;:50,&quot;jet_parallax_layout_bg_y_tablet&quot;:&quot;&quot;,&quot;jet_parallax_layout_bg_y_mobile&quot;:&quot;&quot;,&quot;jet_parallax_layout_bg_size&quot;:&quot;auto&quot;,&quot;jet_parallax_layout_bg_size_tablet&quot;:&quot;&quot;,&quot;jet_parallax_layout_bg_size_mobile&quot;:&quot;&quot;,&quot;jet_parallax_layout_animation_prop&quot;:&quot;transform&quot;,&quot;jet_parallax_layout_on&quot;:[&quot;desktop&quot;,&quot;tablet&quot;]}],&quot;background_background&quot;:&quot;classic&quot;}\">\n\t\t\t\t\t\t<div class=\"elementor-container elementor-column-gap-default\">\n\t\t\t\t\t<div class=\"elementor-column elementor-col-100 elementor-inner-column elementor-element elementor-element-7bf52b0\" data-id=\"7bf52b0\" data-element_type=\"column\" data-e-type=\"column\" data-settings=\"{&quot;_ob_teleporter_use&quot;:false}\">\n\t\t\t<div class=\"elementor-widget-wrap elementor-element-populated\">\n\t\t\t\t\t\t<div class=\"elementor-element elementor-element-bd9459e elementor-widget elementor-widget-heading\" data-id=\"bd9459e\" data-element_type=\"widget\" data-e-type=\"widget\" data-widget_type=\"heading.default\">\n\t\t\t\t<div class=\"elementor-widget-container\">\n\t\t\t\t\t<div class=\"elementor-heading-title elementor-size-default\">Midea KS 6.11 A+ Side by Side<\/div>\t\t\t\t<\/div>\n\t\t\t\t<\/div>\n\t\t\t\t<div class=\"elementor-element elementor-element-7e00b57 elementor-widget elementor-widget-image\" data-id=\"7e00b57\" data-element_type=\"widget\" data-e-type=\"widget\" data-widget_type=\"image.default\">\n\t\t\t\t<div class=\"elementor-widget-container\">\n\t\t\t\t\t\t\t\t\t\t\t\t\t\t\t<img fetchpriority=\"high\" decoding=\"async\" width=\"772\" height=\"579\" src=\"https:\/\/www.lidl-kochen.de\/kochideen\/wp-content\/uploads\/2021\/02\/midea-ks-6-11-a-side-by-side.jpg\" class=\"attachment-large size-large wp-image-1644\" alt=\"Midea KS 6.11 A+ Side by Side\" srcset=\"https:\/\/www.lidl-kochen.de\/kochideen\/wp-content\/uploads\/2021\/02\/midea-ks-6-11-a-side-by-side.jpg 772w, https:\/\/www.lidl-kochen.de\/kochideen\/wp-content\/uploads\/2021\/02\/midea-ks-6-11-a-side-by-side-300x225.jpg 300w, https:\/\/www.lidl-kochen.de\/kochideen\/wp-content\/uploads\/2021\/02\/midea-ks-6-11-a-side-by-side-768x576.jpg 768w\" sizes=\"(max-width: 772px) 100vw, 772px\" \/>\t\t\t\t\t\t\t\t\t\t\t\t\t\t\t<\/div>\n\t\t\t\t<\/div>\n\t\t\t\t\t<\/div>\n\t\t<\/div>\n\t\t\t\t\t<\/div>\n\t\t<\/section>\n\t\t\t\t<div class=\"elementor-element elementor-element-537d953 elementor-widget elementor-widget-heading\" data-id=\"537d953\" data-element_type=\"widget\" data-e-type=\"widget\" data-widget_type=\"heading.default\">\n\t\t\t\t<div class=\"elementor-widget-container\">\n\t\t\t\t\t<div class=\"elementor-heading-title elementor-size-default\"><a href=\"https:\/\/www.lidl.de\/de\/midea-ks-6-11-a-side-by-side\/p371042?utm_source=lk_magazin&#038;utm_medium=produkt&#038;utm_campaign=magazin\">Im Shop Ansehen<\/a><\/div>\t\t\t\t<\/div>\n\t\t\t\t<\/div>\n\t\t\t\t\t<\/div>\n\t\t<\/div>\n\t\t\t\t\t<\/div>\n\t\t<\/section>\n\t\t\t\t<\/div>\n\t\t<a href=\"https:\/\/www.lidl.de\/de\/midea-ks-6-11-a-side-by-side\/p371042?utm_source=lk_magazin&amp;utm_medium=produkt&amp;utm_campaign=magazin\" class=\"jet-engine-listing-overlay-link\"><\/a><\/div><\/div><div class=\"jet-listing-grid__item jet-listing-dynamic-post-1365\" data-post-id=\"1365\"  ><div class=\"jet-engine-listing-overlay-wrap\" data-url=\"https:\/\/www.lidl.de\/de\/tepro-holzkohlegrill-grenada-aus-keramik-81-5-cm-arbeitshoehe-mit-pizzastein\/p303999?utm_source=lk_magazin&amp;utm_medium=produkt&amp;utm_campaign=magazin\">\t\t<div data-elementor-type=\"jet-listing-items\" data-elementor-id=\"344\" class=\"elementor elementor-344\" data-elementor-post-type=\"jet-engine\">\n\t\t\t\t\t\t<section class=\"elementor-section elementor-top-section elementor-element elementor-element-415e7b0 elementor-section-boxed elementor-section-height-default elementor-section-height-default\" data-id=\"415e7b0\" data-element_type=\"section\" data-e-type=\"section\" data-settings=\"{&quot;jet_parallax_layout_list&quot;:[{&quot;jet_parallax_layout_image&quot;:{&quot;url&quot;:&quot;&quot;,&quot;id&quot;:&quot;&quot;,&quot;size&quot;:&quot;&quot;},&quot;_id&quot;:&quot;46433ef&quot;,&quot;jet_parallax_layout_image_tablet&quot;:{&quot;url&quot;:&quot;&quot;,&quot;id&quot;:&quot;&quot;,&quot;size&quot;:&quot;&quot;},&quot;jet_parallax_layout_image_mobile&quot;:{&quot;url&quot;:&quot;&quot;,&quot;id&quot;:&quot;&quot;,&quot;size&quot;:&quot;&quot;},&quot;jet_parallax_layout_speed&quot;:{&quot;unit&quot;:&quot;%&quot;,&quot;size&quot;:50,&quot;sizes&quot;:[]},&quot;jet_parallax_layout_type&quot;:&quot;scroll&quot;,&quot;jet_parallax_layout_direction&quot;:&quot;1&quot;,&quot;jet_parallax_layout_fx_direction&quot;:null,&quot;jet_parallax_layout_z_index&quot;:&quot;&quot;,&quot;jet_parallax_layout_bg_x&quot;:50,&quot;jet_parallax_layout_bg_x_tablet&quot;:&quot;&quot;,&quot;jet_parallax_layout_bg_x_mobile&quot;:&quot;&quot;,&quot;jet_parallax_layout_bg_y&quot;:50,&quot;jet_parallax_layout_bg_y_tablet&quot;:&quot;&quot;,&quot;jet_parallax_layout_bg_y_mobile&quot;:&quot;&quot;,&quot;jet_parallax_layout_bg_size&quot;:&quot;auto&quot;,&quot;jet_parallax_layout_bg_size_tablet&quot;:&quot;&quot;,&quot;jet_parallax_layout_bg_size_mobile&quot;:&quot;&quot;,&quot;jet_parallax_layout_animation_prop&quot;:&quot;transform&quot;,&quot;jet_parallax_layout_on&quot;:[&quot;desktop&quot;,&quot;tablet&quot;]}]}\">\n\t\t\t\t\t\t<div class=\"elementor-container elementor-column-gap-default\">\n\t\t\t\t\t<div class=\"elementor-column elementor-col-100 elementor-top-column elementor-element elementor-element-fb36579\" data-id=\"fb36579\" data-element_type=\"column\" data-e-type=\"column\">\n\t\t\t<div class=\"elementor-widget-wrap elementor-element-populated\">\n\t\t\t\t\t\t<section class=\"elementor-section elementor-inner-section elementor-element elementor-element-3470411 elementor-section-boxed elementor-section-height-default elementor-section-height-default\" data-id=\"3470411\" data-element_type=\"section\" data-e-type=\"section\" data-settings=\"{&quot;jet_parallax_layout_list&quot;:[{&quot;jet_parallax_layout_image&quot;:{&quot;url&quot;:&quot;&quot;,&quot;id&quot;:&quot;&quot;,&quot;size&quot;:&quot;&quot;},&quot;_id&quot;:&quot;bd0bd24&quot;,&quot;jet_parallax_layout_image_tablet&quot;:{&quot;url&quot;:&quot;&quot;,&quot;id&quot;:&quot;&quot;,&quot;size&quot;:&quot;&quot;},&quot;jet_parallax_layout_image_mobile&quot;:{&quot;url&quot;:&quot;&quot;,&quot;id&quot;:&quot;&quot;,&quot;size&quot;:&quot;&quot;},&quot;jet_parallax_layout_speed&quot;:{&quot;unit&quot;:&quot;%&quot;,&quot;size&quot;:50,&quot;sizes&quot;:[]},&quot;jet_parallax_layout_type&quot;:&quot;scroll&quot;,&quot;jet_parallax_layout_direction&quot;:&quot;1&quot;,&quot;jet_parallax_layout_fx_direction&quot;:null,&quot;jet_parallax_layout_z_index&quot;:&quot;&quot;,&quot;jet_parallax_layout_bg_x&quot;:50,&quot;jet_parallax_layout_bg_x_tablet&quot;:&quot;&quot;,&quot;jet_parallax_layout_bg_x_mobile&quot;:&quot;&quot;,&quot;jet_parallax_layout_bg_y&quot;:50,&quot;jet_parallax_layout_bg_y_tablet&quot;:&quot;&quot;,&quot;jet_parallax_layout_bg_y_mobile&quot;:&quot;&quot;,&quot;jet_parallax_layout_bg_size&quot;:&quot;auto&quot;,&quot;jet_parallax_layout_bg_size_tablet&quot;:&quot;&quot;,&quot;jet_parallax_layout_bg_size_mobile&quot;:&quot;&quot;,&quot;jet_parallax_layout_animation_prop&quot;:&quot;transform&quot;,&quot;jet_parallax_layout_on&quot;:[&quot;desktop&quot;,&quot;tablet&quot;]}],&quot;background_background&quot;:&quot;classic&quot;}\">\n\t\t\t\t\t\t<div class=\"elementor-container elementor-column-gap-default\">\n\t\t\t\t\t<div class=\"elementor-column elementor-col-100 elementor-inner-column elementor-element elementor-element-7bf52b0\" data-id=\"7bf52b0\" data-element_type=\"column\" data-e-type=\"column\" data-settings=\"{&quot;_ob_teleporter_use&quot;:false}\">\n\t\t\t<div class=\"elementor-widget-wrap elementor-element-populated\">\n\t\t\t\t\t\t<div class=\"elementor-element elementor-element-bd9459e elementor-widget elementor-widget-heading\" data-id=\"bd9459e\" data-element_type=\"widget\" data-e-type=\"widget\" data-widget_type=\"heading.default\">\n\t\t\t\t<div class=\"elementor-widget-container\">\n\t\t\t\t\t<div class=\"elementor-heading-title elementor-size-default\">tepro Holzkohlegrill \u00bbGrenada\u00ab<\/div>\t\t\t\t<\/div>\n\t\t\t\t<\/div>\n\t\t\t\t<div class=\"elementor-element elementor-element-7e00b57 elementor-widget elementor-widget-image\" data-id=\"7e00b57\" data-element_type=\"widget\" data-e-type=\"widget\" data-widget_type=\"image.default\">\n\t\t\t\t<div class=\"elementor-widget-container\">\n\t\t\t\t\t\t\t\t\t\t\t\t\t\t\t<img decoding=\"async\" width=\"772\" height=\"579\" src=\"https:\/\/www.lidl-kochen.de\/kochideen\/wp-content\/uploads\/2021\/02\/tepro-holzkohlegrill-grenada.jpg\" class=\"attachment-large size-large wp-image-1366\" alt=\"tepro Holzkohlegrill \u00bbGrenada\u00ab\" srcset=\"https:\/\/www.lidl-kochen.de\/kochideen\/wp-content\/uploads\/2021\/02\/tepro-holzkohlegrill-grenada.jpg 772w, https:\/\/www.lidl-kochen.de\/kochideen\/wp-content\/uploads\/2021\/02\/tepro-holzkohlegrill-grenada-300x225.jpg 300w, https:\/\/www.lidl-kochen.de\/kochideen\/wp-content\/uploads\/2021\/02\/tepro-holzkohlegrill-grenada-768x576.jpg 768w\" sizes=\"(max-width: 772px) 100vw, 772px\" \/>\t\t\t\t\t\t\t\t\t\t\t\t\t\t\t<\/div>\n\t\t\t\t<\/div>\n\t\t\t\t\t<\/div>\n\t\t<\/div>\n\t\t\t\t\t<\/div>\n\t\t<\/section>\n\t\t\t\t<div class=\"elementor-element elementor-element-537d953 elementor-widget elementor-widget-heading\" data-id=\"537d953\" data-element_type=\"widget\" data-e-type=\"widget\" data-widget_type=\"heading.default\">\n\t\t\t\t<div class=\"elementor-widget-container\">\n\t\t\t\t\t<div class=\"elementor-heading-title elementor-size-default\"><a href=\"https:\/\/www.lidl.de\/de\/tepro-holzkohlegrill-grenada-aus-keramik-81-5-cm-arbeitshoehe-mit-pizzastein\/p303999?utm_source=lk_magazin&#038;utm_medium=produkt&#038;utm_campaign=magazin\">Im Shop Ansehen<\/a><\/div>\t\t\t\t<\/div>\n\t\t\t\t<\/div>\n\t\t\t\t\t<\/div>\n\t\t<\/div>\n\t\t\t\t\t<\/div>\n\t\t<\/section>\n\t\t\t\t<\/div>\n\t\t<a href=\"https:\/\/www.lidl.de\/de\/tepro-holzkohlegrill-grenada-aus-keramik-81-5-cm-arbeitshoehe-mit-pizzastein\/p303999?utm_source=lk_magazin&amp;utm_medium=produkt&amp;utm_campaign=magazin\" class=\"jet-engine-listing-overlay-link\"><\/a><\/div><\/div><\/div><\/div>\t\t\t\t<\/div>\n\t\t\t\t<\/div>\n\t\t\t\t\t<\/div>\n\t\t<\/div>\n\t\t\t\t\t<\/div>\n\t\t<\/section>\n\t\t\t\t<\/div>\n\t\t\n\n\n\n<h2 class=\"wp-block-heading\" id=\"verschiedene-brotvarianten-sorgen-fur-mehr-abwechslung\">Verschiedene Brotvarianten sorgen f\u00fcr mehr Abwechslung<\/h2>\n\n\n\n<p>Wie bereits erw\u00e4hnt, haben schon viele Hersteller erkannt, dass das Interesse an einer Low Carb Ern\u00e4hrung im Laufe der Zeit kontinuierlich gewachsen ist. Daher wurde auch das Sortiment an kohlenhydratarmen Produkten im Laufe der Zeit deutlich erweitert.<\/p>\n\n\n\n<p>Wer heute Backwaren dieser Art genie\u00dfen m\u00f6chte, kann unter anderem auch auf Kn\u00e4ckebrot und Kuchen setzen.<\/p>\n\n\n\n<h3 class=\"wp-block-heading\" id=\"wie-sollten-eiweissbrote-gelagert-werden\">Wie sollten Eiwei\u00dfbrote gelagert werden?<\/h3>\n\n\n\n<p>Wer die Haltbarkeit seines Eiwei\u00dfbrotes positiv beeinflussen m\u00f6chte, sollte \u2013 wie bei anderen Brotsorten auch \u2013 nat\u00fcrlich auf die richtige Lagerung achten. Auch die Frage, ob das betreffende Brot selbst gebacken oder gekauft wurde.<\/p>\n\n\n\n<p>Gekauftes Brot sollte am besten in einem Beh\u00e4lter aus Ton oder Stein und bei Zimmertemperatur aufbewahrt werden. Auf diese Weise h\u00e4lt das Brot l\u00e4nger und schmeckt auch nach einigen Tagen noch frisch.<\/p>\n\n\n\n<p>Im K\u00fchlschrank f\u00fchlen sich selbstgebackene Eiwei\u00dfbrote hingegen nicht sehr wohl, da hier vergleichsweise schnell die Feuchtigkeit entzogen wird. Das Ergebnis: das Brot wird schneller hart und schmeckt alt.<\/p>\n\n\n\n<p>Einzelne Scheiben k\u00f6nnen jedoch im Notfall durchaus eingefroren werden.<\/p>\n\n\n\t\t<div data-elementor-type=\"section\" data-elementor-id=\"437\" class=\"elementor elementor-437\" data-elementor-post-type=\"elementor_library\">\n\t\t\t\t\t<section class=\"elementor-section elementor-top-section elementor-element elementor-element-27cebaf4 elementor-section-full_width elementor-section-height-default elementor-section-height-default\" data-id=\"27cebaf4\" data-element_type=\"section\" data-e-type=\"section\" data-settings=\"{&quot;jet_parallax_layout_list&quot;:[{&quot;jet_parallax_layout_image&quot;:{&quot;url&quot;:&quot;&quot;,&quot;id&quot;:&quot;&quot;,&quot;size&quot;:&quot;&quot;},&quot;_id&quot;:&quot;72f4053&quot;,&quot;jet_parallax_layout_image_tablet&quot;:{&quot;url&quot;:&quot;&quot;,&quot;id&quot;:&quot;&quot;,&quot;size&quot;:&quot;&quot;},&quot;jet_parallax_layout_image_mobile&quot;:{&quot;url&quot;:&quot;&quot;,&quot;id&quot;:&quot;&quot;,&quot;size&quot;:&quot;&quot;},&quot;jet_parallax_layout_speed&quot;:{&quot;unit&quot;:&quot;%&quot;,&quot;size&quot;:50,&quot;sizes&quot;:[]},&quot;jet_parallax_layout_type&quot;:&quot;scroll&quot;,&quot;jet_parallax_layout_direction&quot;:&quot;1&quot;,&quot;jet_parallax_layout_fx_direction&quot;:null,&quot;jet_parallax_layout_z_index&quot;:&quot;&quot;,&quot;jet_parallax_layout_bg_x&quot;:50,&quot;jet_parallax_layout_bg_x_tablet&quot;:&quot;&quot;,&quot;jet_parallax_layout_bg_x_mobile&quot;:&quot;&quot;,&quot;jet_parallax_layout_bg_y&quot;:50,&quot;jet_parallax_layout_bg_y_tablet&quot;:&quot;&quot;,&quot;jet_parallax_layout_bg_y_mobile&quot;:&quot;&quot;,&quot;jet_parallax_layout_bg_size&quot;:&quot;auto&quot;,&quot;jet_parallax_layout_bg_size_tablet&quot;:&quot;&quot;,&quot;jet_parallax_layout_bg_size_mobile&quot;:&quot;&quot;,&quot;jet_parallax_layout_animation_prop&quot;:&quot;transform&quot;,&quot;jet_parallax_layout_on&quot;:[&quot;desktop&quot;,&quot;tablet&quot;]}]}\">\n\t\t\t\t\t\t<div class=\"elementor-container elementor-column-gap-default\">\n\t\t\t\t\t<div class=\"elementor-column elementor-col-100 elementor-top-column elementor-element elementor-element-593b90d9\" data-id=\"593b90d9\" data-element_type=\"column\" data-e-type=\"column\" data-settings=\"{&quot;_ob_teleporter_use&quot;:false}\">\n\t\t\t<div class=\"elementor-widget-wrap elementor-element-populated\">\n\t\t\t\t\t\t<div class=\"elementor-element elementor-element-2b7ca800 elementor-widget elementor-widget-jet-listing-grid\" data-id=\"2b7ca800\" data-element_type=\"widget\" data-e-type=\"widget\" data-settings=\"{&quot;columns&quot;:&quot;1&quot;}\" data-widget_type=\"jet-listing-grid.default\">\n\t\t\t\t<div class=\"elementor-widget-container\">\n\t\t\t\t\t<div class=\"jet-listing-grid jet-listing\"><div class=\"jet-listing-not-found jet-listing-grid__items\" data-nav=\"{&quot;enabled&quot;:false,&quot;type&quot;:null,&quot;more_el&quot;:null,&quot;query&quot;:[],&quot;widget_settings&quot;:{&quot;lisitng_id&quot;:425,&quot;posts_num&quot;:1,&quot;columns&quot;:1,&quot;columns_tablet&quot;:1,&quot;columns_mobile&quot;:1,&quot;column_min_width&quot;:240,&quot;column_min_width_tablet&quot;:240,&quot;column_min_width_mobile&quot;:240,&quot;inline_columns_css&quot;:false,&quot;is_archive_template&quot;:&quot;&quot;,&quot;post_status&quot;:[&quot;publish&quot;],&quot;use_random_posts_num&quot;:&quot;&quot;,&quot;max_posts_num&quot;:9,&quot;not_found_message&quot;:&quot;No data was found&quot;,&quot;is_masonry&quot;:false,&quot;equal_columns_height&quot;:&quot;&quot;,&quot;use_load_more&quot;:&quot;&quot;,&quot;load_more_id&quot;:&quot;&quot;,&quot;load_more_type&quot;:&quot;click&quot;,&quot;load_more_offset&quot;:{&quot;unit&quot;:&quot;px&quot;,&quot;size&quot;:0,&quot;sizes&quot;:[]},&quot;use_custom_post_types&quot;:&quot;&quot;,&quot;custom_post_types&quot;:[],&quot;hide_widget_if&quot;:&quot;&quot;,&quot;carousel_enabled&quot;:&quot;&quot;,&quot;slides_to_scroll&quot;:&quot;1&quot;,&quot;arrows&quot;:&quot;true&quot;,&quot;arrow_icon&quot;:&quot;fa fa-angle-left&quot;,&quot;dots&quot;:&quot;&quot;,&quot;autoplay&quot;:&quot;true&quot;,&quot;pause_on_hover&quot;:&quot;true&quot;,&quot;autoplay_speed&quot;:5000,&quot;infinite&quot;:&quot;true&quot;,&quot;center_mode&quot;:&quot;&quot;,&quot;effect&quot;:&quot;slide&quot;,&quot;speed&quot;:500,&quot;inject_alternative_items&quot;:&quot;&quot;,&quot;injection_items&quot;:[],&quot;scroll_slider_enabled&quot;:&quot;&quot;,&quot;scroll_slider_on&quot;:[&quot;desktop&quot;,&quot;tablet&quot;,&quot;mobile&quot;],&quot;custom_query&quot;:false,&quot;custom_query_id&quot;:&quot;&quot;,&quot;_element_id&quot;:&quot;&quot;,&quot;collapse_first_last_gap&quot;:false,&quot;list_tag_selection&quot;:&quot;&quot;,&quot;list_items_wrapper_tag&quot;:&quot;div&quot;,&quot;list_item_tag&quot;:&quot;div&quot;,&quot;empty_items_wrapper_tag&quot;:&quot;div&quot;}}\" data-listing-source=\"posts\" data-listing-id=\"425\" data-query-id=\"\" data-queried-id=\"4062|WP_Post\">No data was found<\/div><\/div>\t\t\t\t<\/div>\n\t\t\t\t<\/div>\n\t\t\t\t\t<\/div>\n\t\t<\/div>\n\t\t\t\t\t<\/div>\n\t\t<\/section>\n\t\t\t\t<\/div>\n\t\t\n\n\n\n<h3 class=\"wp-block-heading\" id=\"selbstgebackenes-eiweissbrot-einige-tricks-konnen-fur-eine-langere-haltbarkeit-sorgen\">Selbstgebackenes Eiwei\u00dfbrot \u2013 einige Tricks k\u00f6nnen f\u00fcr eine l\u00e4ngere Haltbarkeit sorgen<\/h3>\n\n\n\n<p>Vor allem Menschen aus Single- oder Paarhaushalten kennen das Problem: selbstgebackenes Brot schmeckt unglaublich lecker, ist jedoch in vielen F\u00e4llen zu gro\u00df, um binnen weniger Tage aufgebraucht zu werden. &nbsp;<\/p>\n\n\n\n<p>Es gibt jedoch einen kleinen Trick, der helfen kann, f\u00fcr eine etwas l\u00e4ngere Haltbarkeit zu sorgen. Gemahlene Mandeln k\u00f6nnen als nat\u00fcrliches Konservierungsmittel eingesetzt werden. Auf diese Weise besteht die M\u00f6glichkeit, die Haltbarkeit des Brotes auf bis zu eine Woche auszuweiten (zum Vergleich: gekauftes Eiwei\u00dfbrot sollte in der Regel nach drei bis vier Tagen aufgebraucht sein.).<\/p>\n\n\n\n<p>Auch eine Lagerung im K\u00fchlschrank, auf die bei der gekauften Variante verzichtet werden sollte, ist dann oft m\u00f6glich. Wichtig ist es hier lediglich, das selbstgebackene Brot vorher in Alufolie einzuwickeln.<\/p>\n","protected":false},"excerpt":{"rendered":"<p>Bei einer Low Carb Di\u00e4t gilt es als die wichtigste Regel, nur wenig Kohlenhydrate zu sich zu nehmen. G\u00e4ngige Brotsorten k\u00f6nnen hier leider nicht in den Ern\u00e4hrungsplan integriert werden, da sie zu viele Kohlenhydrate beinhalten. Die gute Nachricht ist jedoch, dass auch diejenigen, die sich f\u00fcr diese Art der Ern\u00e4hrung entschieden haben, nicht auf ihr Fr\u00fchst\u00fccksbrot verzichten m\u00fcssen.<\/p>\n","protected":false},"author":13,"featured_media":3960,"comment_status":"closed","ping_status":"open","sticky":false,"template":"","format":"standard","meta":{"_acf_changed":false,"footnotes":""},"categories":[353],"tags":[314,294,295,315,100],"schlagworte":[43],"class_list":["post-4062","post","type-post","status-publish","format-standard","has-post-thumbnail","hentry","category-fitnessernaehrung","tag-brot","tag-grundrezept","tag-klassiker","tag-lowcarb","tag-rezept","schlagworte-produkt"],"acf":[],"yoast_head":"<!-- This site is optimized with the Yoast SEO plugin v27.4 - https:\/\/yoast.com\/product\/yoast-seo-wordpress\/ -->\n<title>Welches Brot eignet sich am besten f\u00fcr Low Carb? | Lidl Kochen Magazin<\/title>\n<meta name=\"description\" content=\"Bei einer Low Carb Di\u00e4t gilt es als die wichtigste Regel, nur wenig Kohlenhydrate zu sich zu nehmen. \u25b6 Welches Brot ist f\u00fcr eine Low-Carb Di\u00e4t geeignet?\" \/>\n<meta name=\"robots\" content=\"index, follow, max-snippet:-1, max-image-preview:large, max-video-preview:-1\" \/>\n<link rel=\"canonical\" href=\"https:\/\/www.lidl-kochen.de\/kochideen\/brot-low-carb-diaet\/\" \/>\n<meta property=\"og:locale\" content=\"de_DE\" \/>\n<meta property=\"og:type\" content=\"article\" \/>\n<meta property=\"og:title\" content=\"Welches Brot eignet sich am besten f\u00fcr Low Carb? | Lidl Kochen Magazin\" \/>\n<meta property=\"og:description\" content=\"Bei einer Low Carb Di\u00e4t gilt es als die wichtigste Regel, nur wenig Kohlenhydrate zu sich zu nehmen. \u25b6 Welches Brot ist f\u00fcr eine Low-Carb Di\u00e4t geeignet?\" \/>\n<meta property=\"og:url\" content=\"https:\/\/www.lidl-kochen.de\/kochideen\/brot-low-carb-diaet\/\" \/>\n<meta property=\"og:site_name\" content=\"Lidl Kochen Magazin\" \/>\n<meta property=\"article:published_time\" content=\"2022-02-21T16:16:00+00:00\" \/>\n<meta property=\"article:modified_time\" content=\"2023-06-20T08:27:25+00:00\" \/>\n<meta property=\"og:image\" content=\"https:\/\/www.lidl-kochen.de\/kochideen\/wp-content\/uploads\/2022\/01\/Brot.jpeg\" \/>\n\t<meta property=\"og:image:width\" content=\"1920\" \/>\n\t<meta property=\"og:image:height\" content=\"1280\" \/>\n\t<meta property=\"og:image:type\" content=\"image\/jpeg\" \/>\n<meta name=\"author\" content=\"Anna Loraine Hartmann\" \/>\n<meta name=\"twitter:card\" content=\"summary_large_image\" \/>\n<meta name=\"twitter:label1\" content=\"Verfasst von\" \/>\n\t<meta name=\"twitter:data1\" content=\"Anna Loraine Hartmann\" \/>\n\t<meta name=\"twitter:label2\" content=\"Gesch\u00e4tzte Lesezeit\" \/>\n\t<meta name=\"twitter:data2\" content=\"3\u00a0Minuten\" \/>\n<script type=\"application\/ld+json\" class=\"yoast-schema-graph\">{\"@context\":\"https:\\\/\\\/schema.org\",\"@graph\":[{\"@type\":\"Article\",\"@id\":\"https:\\\/\\\/www.lidl-kochen.de\\\/kochideen\\\/brot-low-carb-diaet\\\/#article\",\"isPartOf\":{\"@id\":\"https:\\\/\\\/www.lidl-kochen.de\\\/kochideen\\\/brot-low-carb-diaet\\\/\"},\"author\":{\"name\":\"Anna Loraine Hartmann\",\"@id\":\"https:\\\/\\\/www.lidl-kochen.de\\\/kochideen\\\/#\\\/schema\\\/person\\\/ea897e5ed76af86c2bd8570b3d0bf8a9\"},\"headline\":\"Welches Brot eignet sich am besten f\u00fcr Low Carb?\",\"datePublished\":\"2022-02-21T16:16:00+00:00\",\"dateModified\":\"2023-06-20T08:27:25+00:00\",\"mainEntityOfPage\":{\"@id\":\"https:\\\/\\\/www.lidl-kochen.de\\\/kochideen\\\/brot-low-carb-diaet\\\/\"},\"wordCount\":571,\"image\":{\"@id\":\"https:\\\/\\\/www.lidl-kochen.de\\\/kochideen\\\/brot-low-carb-diaet\\\/#primaryimage\"},\"thumbnailUrl\":\"https:\\\/\\\/www.lidl-kochen.de\\\/kochideen\\\/wp-content\\\/uploads\\\/2022\\\/01\\\/Brot.jpeg\",\"keywords\":[\"brot\",\"grundrezept\",\"klassiker\",\"lowcarb\",\"rezept\"],\"articleSection\":[\"Fitness\"],\"inLanguage\":\"de\"},{\"@type\":\"WebPage\",\"@id\":\"https:\\\/\\\/www.lidl-kochen.de\\\/kochideen\\\/brot-low-carb-diaet\\\/\",\"url\":\"https:\\\/\\\/www.lidl-kochen.de\\\/kochideen\\\/brot-low-carb-diaet\\\/\",\"name\":\"Welches Brot eignet sich am besten f\u00fcr Low Carb? | Lidl Kochen Magazin\",\"isPartOf\":{\"@id\":\"https:\\\/\\\/www.lidl-kochen.de\\\/kochideen\\\/#website\"},\"primaryImageOfPage\":{\"@id\":\"https:\\\/\\\/www.lidl-kochen.de\\\/kochideen\\\/brot-low-carb-diaet\\\/#primaryimage\"},\"image\":{\"@id\":\"https:\\\/\\\/www.lidl-kochen.de\\\/kochideen\\\/brot-low-carb-diaet\\\/#primaryimage\"},\"thumbnailUrl\":\"https:\\\/\\\/www.lidl-kochen.de\\\/kochideen\\\/wp-content\\\/uploads\\\/2022\\\/01\\\/Brot.jpeg\",\"datePublished\":\"2022-02-21T16:16:00+00:00\",\"dateModified\":\"2023-06-20T08:27:25+00:00\",\"author\":{\"@id\":\"https:\\\/\\\/www.lidl-kochen.de\\\/kochideen\\\/#\\\/schema\\\/person\\\/ea897e5ed76af86c2bd8570b3d0bf8a9\"},\"description\":\"Bei einer Low Carb Di\u00e4t gilt es als die wichtigste Regel, nur wenig Kohlenhydrate zu sich zu nehmen. \u25b6 Welches Brot ist f\u00fcr eine Low-Carb Di\u00e4t geeignet?\",\"breadcrumb\":{\"@id\":\"https:\\\/\\\/www.lidl-kochen.de\\\/kochideen\\\/brot-low-carb-diaet\\\/#breadcrumb\"},\"inLanguage\":\"de\",\"potentialAction\":[{\"@type\":\"ReadAction\",\"target\":[\"https:\\\/\\\/www.lidl-kochen.de\\\/kochideen\\\/brot-low-carb-diaet\\\/\"]}]},{\"@type\":\"ImageObject\",\"inLanguage\":\"de\",\"@id\":\"https:\\\/\\\/www.lidl-kochen.de\\\/kochideen\\\/brot-low-carb-diaet\\\/#primaryimage\",\"url\":\"https:\\\/\\\/www.lidl-kochen.de\\\/kochideen\\\/wp-content\\\/uploads\\\/2022\\\/01\\\/Brot.jpeg\",\"contentUrl\":\"https:\\\/\\\/www.lidl-kochen.de\\\/kochideen\\\/wp-content\\\/uploads\\\/2022\\\/01\\\/Brot.jpeg\",\"width\":1920,\"height\":1280,\"caption\":\"Bei einer Low Carb Di\u00e4t gilt es als die wichtigste Regel, nur wenig Kohlenhydrate zu sich zu nehmen. G\u00e4ngige Brotsorten k\u00f6nnen hier leider nicht in den Ern\u00e4hrungsplan integriert werden, da sie zu viele Kohlenhydrate beinhalten. Die gute Nachricht ist jedoch, dass auch diejenigen, die sich f\u00fcr diese Art der Ern\u00e4hrung entschieden haben, nicht auf ihr Fr\u00fchst\u00fccksbrot verzichten m\u00fcssen.\"},{\"@type\":\"BreadcrumbList\",\"@id\":\"https:\\\/\\\/www.lidl-kochen.de\\\/kochideen\\\/brot-low-carb-diaet\\\/#breadcrumb\",\"itemListElement\":[{\"@type\":\"ListItem\",\"position\":1,\"name\":\"Startseite\",\"item\":\"https:\\\/\\\/www.lidl-kochen.de\\\/kochideen\\\/\"},{\"@type\":\"ListItem\",\"position\":2,\"name\":\"Welches Brot eignet sich am besten f\u00fcr Low Carb?\"}]},{\"@type\":\"WebSite\",\"@id\":\"https:\\\/\\\/www.lidl-kochen.de\\\/kochideen\\\/#website\",\"url\":\"https:\\\/\\\/www.lidl-kochen.de\\\/kochideen\\\/\",\"name\":\"Lidl Kochen Magazin\",\"description\":\"Das Magazin rund ums Kochen\",\"potentialAction\":[{\"@type\":\"SearchAction\",\"target\":{\"@type\":\"EntryPoint\",\"urlTemplate\":\"https:\\\/\\\/www.lidl-kochen.de\\\/kochideen\\\/?s={search_term_string}\"},\"query-input\":{\"@type\":\"PropertyValueSpecification\",\"valueRequired\":true,\"valueName\":\"search_term_string\"}}],\"inLanguage\":\"de\"},{\"@type\":\"Person\",\"@id\":\"https:\\\/\\\/www.lidl-kochen.de\\\/kochideen\\\/#\\\/schema\\\/person\\\/ea897e5ed76af86c2bd8570b3d0bf8a9\",\"name\":\"Anna Loraine Hartmann\",\"image\":{\"@type\":\"ImageObject\",\"inLanguage\":\"de\",\"@id\":\"https:\\\/\\\/secure.gravatar.com\\\/avatar\\\/0fd5f03ba99d0df2b345928a1360c215de34857da7adee6280fb95b22bbd16cc?s=96&d=mm&r=g\",\"url\":\"https:\\\/\\\/secure.gravatar.com\\\/avatar\\\/0fd5f03ba99d0df2b345928a1360c215de34857da7adee6280fb95b22bbd16cc?s=96&d=mm&r=g\",\"contentUrl\":\"https:\\\/\\\/secure.gravatar.com\\\/avatar\\\/0fd5f03ba99d0df2b345928a1360c215de34857da7adee6280fb95b22bbd16cc?s=96&d=mm&r=g\",\"caption\":\"Anna Loraine Hartmann\"}}]}<\/script>\n<!-- \/ Yoast SEO plugin. -->","yoast_head_json":{"title":"Welches Brot eignet sich am besten f\u00fcr Low Carb? | Lidl Kochen Magazin","description":"Bei einer Low Carb Di\u00e4t gilt es als die wichtigste Regel, nur wenig Kohlenhydrate zu sich zu nehmen. \u25b6 Welches Brot ist f\u00fcr eine Low-Carb Di\u00e4t geeignet?","robots":{"index":"index","follow":"follow","max-snippet":"max-snippet:-1","max-image-preview":"max-image-preview:large","max-video-preview":"max-video-preview:-1"},"canonical":"https:\/\/www.lidl-kochen.de\/kochideen\/brot-low-carb-diaet\/","og_locale":"de_DE","og_type":"article","og_title":"Welches Brot eignet sich am besten f\u00fcr Low Carb? | Lidl Kochen Magazin","og_description":"Bei einer Low Carb Di\u00e4t gilt es als die wichtigste Regel, nur wenig Kohlenhydrate zu sich zu nehmen. \u25b6 Welches Brot ist f\u00fcr eine Low-Carb Di\u00e4t geeignet?","og_url":"https:\/\/www.lidl-kochen.de\/kochideen\/brot-low-carb-diaet\/","og_site_name":"Lidl Kochen Magazin","article_published_time":"2022-02-21T16:16:00+00:00","article_modified_time":"2023-06-20T08:27:25+00:00","og_image":[{"width":1920,"height":1280,"url":"https:\/\/www.lidl-kochen.de\/kochideen\/wp-content\/uploads\/2022\/01\/Brot.jpeg","type":"image\/jpeg"}],"author":"Anna Loraine Hartmann","twitter_card":"summary_large_image","twitter_misc":{"Verfasst von":"Anna Loraine Hartmann","Gesch\u00e4tzte Lesezeit":"3\u00a0Minuten"},"schema":{"@context":"https:\/\/schema.org","@graph":[{"@type":"Article","@id":"https:\/\/www.lidl-kochen.de\/kochideen\/brot-low-carb-diaet\/#article","isPartOf":{"@id":"https:\/\/www.lidl-kochen.de\/kochideen\/brot-low-carb-diaet\/"},"author":{"name":"Anna Loraine Hartmann","@id":"https:\/\/www.lidl-kochen.de\/kochideen\/#\/schema\/person\/ea897e5ed76af86c2bd8570b3d0bf8a9"},"headline":"Welches Brot eignet sich am besten f\u00fcr Low Carb?","datePublished":"2022-02-21T16:16:00+00:00","dateModified":"2023-06-20T08:27:25+00:00","mainEntityOfPage":{"@id":"https:\/\/www.lidl-kochen.de\/kochideen\/brot-low-carb-diaet\/"},"wordCount":571,"image":{"@id":"https:\/\/www.lidl-kochen.de\/kochideen\/brot-low-carb-diaet\/#primaryimage"},"thumbnailUrl":"https:\/\/www.lidl-kochen.de\/kochideen\/wp-content\/uploads\/2022\/01\/Brot.jpeg","keywords":["brot","grundrezept","klassiker","lowcarb","rezept"],"articleSection":["Fitness"],"inLanguage":"de"},{"@type":"WebPage","@id":"https:\/\/www.lidl-kochen.de\/kochideen\/brot-low-carb-diaet\/","url":"https:\/\/www.lidl-kochen.de\/kochideen\/brot-low-carb-diaet\/","name":"Welches Brot eignet sich am besten f\u00fcr Low Carb? | Lidl Kochen Magazin","isPartOf":{"@id":"https:\/\/www.lidl-kochen.de\/kochideen\/#website"},"primaryImageOfPage":{"@id":"https:\/\/www.lidl-kochen.de\/kochideen\/brot-low-carb-diaet\/#primaryimage"},"image":{"@id":"https:\/\/www.lidl-kochen.de\/kochideen\/brot-low-carb-diaet\/#primaryimage"},"thumbnailUrl":"https:\/\/www.lidl-kochen.de\/kochideen\/wp-content\/uploads\/2022\/01\/Brot.jpeg","datePublished":"2022-02-21T16:16:00+00:00","dateModified":"2023-06-20T08:27:25+00:00","author":{"@id":"https:\/\/www.lidl-kochen.de\/kochideen\/#\/schema\/person\/ea897e5ed76af86c2bd8570b3d0bf8a9"},"description":"Bei einer Low Carb Di\u00e4t gilt es als die wichtigste Regel, nur wenig Kohlenhydrate zu sich zu nehmen. \u25b6 Welches Brot ist f\u00fcr eine Low-Carb Di\u00e4t geeignet?","breadcrumb":{"@id":"https:\/\/www.lidl-kochen.de\/kochideen\/brot-low-carb-diaet\/#breadcrumb"},"inLanguage":"de","potentialAction":[{"@type":"ReadAction","target":["https:\/\/www.lidl-kochen.de\/kochideen\/brot-low-carb-diaet\/"]}]},{"@type":"ImageObject","inLanguage":"de","@id":"https:\/\/www.lidl-kochen.de\/kochideen\/brot-low-carb-diaet\/#primaryimage","url":"https:\/\/www.lidl-kochen.de\/kochideen\/wp-content\/uploads\/2022\/01\/Brot.jpeg","contentUrl":"https:\/\/www.lidl-kochen.de\/kochideen\/wp-content\/uploads\/2022\/01\/Brot.jpeg","width":1920,"height":1280,"caption":"Bei einer Low Carb Di\u00e4t gilt es als die wichtigste Regel, nur wenig Kohlenhydrate zu sich zu nehmen. G\u00e4ngige Brotsorten k\u00f6nnen hier leider nicht in den Ern\u00e4hrungsplan integriert werden, da sie zu viele Kohlenhydrate beinhalten. Die gute Nachricht ist jedoch, dass auch diejenigen, die sich f\u00fcr diese Art der Ern\u00e4hrung entschieden haben, nicht auf ihr Fr\u00fchst\u00fccksbrot verzichten m\u00fcssen."},{"@type":"BreadcrumbList","@id":"https:\/\/www.lidl-kochen.de\/kochideen\/brot-low-carb-diaet\/#breadcrumb","itemListElement":[{"@type":"ListItem","position":1,"name":"Startseite","item":"https:\/\/www.lidl-kochen.de\/kochideen\/"},{"@type":"ListItem","position":2,"name":"Welches Brot eignet sich am besten f\u00fcr Low Carb?"}]},{"@type":"WebSite","@id":"https:\/\/www.lidl-kochen.de\/kochideen\/#website","url":"https:\/\/www.lidl-kochen.de\/kochideen\/","name":"Lidl Kochen Magazin","description":"Das Magazin rund ums Kochen","potentialAction":[{"@type":"SearchAction","target":{"@type":"EntryPoint","urlTemplate":"https:\/\/www.lidl-kochen.de\/kochideen\/?s={search_term_string}"},"query-input":{"@type":"PropertyValueSpecification","valueRequired":true,"valueName":"search_term_string"}}],"inLanguage":"de"},{"@type":"Person","@id":"https:\/\/www.lidl-kochen.de\/kochideen\/#\/schema\/person\/ea897e5ed76af86c2bd8570b3d0bf8a9","name":"Anna Loraine Hartmann","image":{"@type":"ImageObject","inLanguage":"de","@id":"https:\/\/secure.gravatar.com\/avatar\/0fd5f03ba99d0df2b345928a1360c215de34857da7adee6280fb95b22bbd16cc?s=96&d=mm&r=g","url":"https:\/\/secure.gravatar.com\/avatar\/0fd5f03ba99d0df2b345928a1360c215de34857da7adee6280fb95b22bbd16cc?s=96&d=mm&r=g","contentUrl":"https:\/\/secure.gravatar.com\/avatar\/0fd5f03ba99d0df2b345928a1360c215de34857da7adee6280fb95b22bbd16cc?s=96&d=mm&r=g","caption":"Anna Loraine Hartmann"}}]}},"_links":{"self":[{"href":"https:\/\/www.lidl-kochen.de\/kochideen\/wp-json\/wp\/v2\/posts\/4062","targetHints":{"allow":["GET"]}}],"collection":[{"href":"https:\/\/www.lidl-kochen.de\/kochideen\/wp-json\/wp\/v2\/posts"}],"about":[{"href":"https:\/\/www.lidl-kochen.de\/kochideen\/wp-json\/wp\/v2\/types\/post"}],"author":[{"embeddable":true,"href":"https:\/\/www.lidl-kochen.de\/kochideen\/wp-json\/wp\/v2\/users\/13"}],"replies":[{"embeddable":true,"href":"https:\/\/www.lidl-kochen.de\/kochideen\/wp-json\/wp\/v2\/comments?post=4062"}],"version-history":[{"count":4,"href":"https:\/\/www.lidl-kochen.de\/kochideen\/wp-json\/wp\/v2\/posts\/4062\/revisions"}],"predecessor-version":[{"id":4070,"href":"https:\/\/www.lidl-kochen.de\/kochideen\/wp-json\/wp\/v2\/posts\/4062\/revisions\/4070"}],"wp:featuredmedia":[{"embeddable":true,"href":"https:\/\/www.lidl-kochen.de\/kochideen\/wp-json\/wp\/v2\/media\/3960"}],"wp:attachment":[{"href":"https:\/\/www.lidl-kochen.de\/kochideen\/wp-json\/wp\/v2\/media?parent=4062"}],"wp:term":[{"taxonomy":"category","embeddable":true,"href":"https:\/\/www.lidl-kochen.de\/kochideen\/wp-json\/wp\/v2\/categories?post=4062"},{"taxonomy":"post_tag","embeddable":true,"href":"https:\/\/www.lidl-kochen.de\/kochideen\/wp-json\/wp\/v2\/tags?post=4062"},{"taxonomy":"schlagworte","embeddable":true,"href":"https:\/\/www.lidl-kochen.de\/kochideen\/wp-json\/wp\/v2\/schlagworte?post=4062"}],"curies":[{"name":"wp","href":"https:\/\/api.w.org\/{rel}","templated":true}]}}