{"id":4056,"date":"2022-02-21T13:14:00","date_gmt":"2022-02-21T13:14:00","guid":{"rendered":"https:\/\/www.lidl-kochen.de\/kochideen\/?p=4056"},"modified":"2024-01-17T12:53:50","modified_gmt":"2024-01-17T11:53:50","slug":"welches-oel-nutzt-man-wofuer","status":"publish","type":"post","link":"https:\/\/www.lidl-kochen.de\/kochideen\/welches-oel-nutzt-man-wofuer\/","title":{"rendered":"Welches \u00d6l nutzt man wof\u00fcr?"},"content":{"rendered":"\n<p>Wer sich auf der Suche nach den beliebtesten Speise\u00f6len befindet, st\u00f6\u00dft \u2013 zumindest in Deutschland \u2013 vergleichsweise schnell auf das Sonnenblumen\u00f6l. Kein Wunder! Immerhin kann diese \u00d6lvariante in vielen Bereichen eingesetzt werden. Egal, ob beim Braten bzw. Anbraten, D\u00fcnsten und zur Zubereitung verschiedener Dressings: Sonnenblumen\u00f6l stellt so gut wie immer eine hervorragende Wahl dar.<\/p>\n\n\n\n<p>Es gibt jedoch noch viele weitere Speise\u00f6le, die im Zusammenhang mit den unterschiedlichsten Gerichten ihre Vorteile zeigen.<\/p>\n\n\n\n<p>Nicht jedes \u00d6l ist aber so vielseitig einsetzbar wie das Sonnenblumen\u00f6l. Unter anderem spielt hierbei \u2013 je nach \u00d6lvariante \u2013 auch immer wieder der Eigengeschmack eine wichtige Rolle.<\/p>\n\n\n\n<p>Mit Hinblick auf die Einsatzbereiche von \u00d6len ist es im ersten Schritt wichtig, zwischen nativem und raffiniertem \u00d6l zu unterscheiden.<\/p>\n\n\n\t\t<div data-elementor-type=\"section\" data-elementor-id=\"426\" class=\"elementor elementor-426\" data-elementor-post-type=\"elementor_library\">\n\t\t\t\t\t<section class=\"elementor-section elementor-top-section elementor-element elementor-element-5a19f4f elementor-section-full_width elementor-section-height-default elementor-section-height-default\" data-id=\"5a19f4f\" data-element_type=\"section\" data-e-type=\"section\" data-settings=\"{&quot;jet_parallax_layout_list&quot;:[{&quot;jet_parallax_layout_image&quot;:{&quot;url&quot;:&quot;&quot;,&quot;id&quot;:&quot;&quot;,&quot;size&quot;:&quot;&quot;},&quot;_id&quot;:&quot;72f4053&quot;,&quot;jet_parallax_layout_image_tablet&quot;:{&quot;url&quot;:&quot;&quot;,&quot;id&quot;:&quot;&quot;,&quot;size&quot;:&quot;&quot;},&quot;jet_parallax_layout_image_mobile&quot;:{&quot;url&quot;:&quot;&quot;,&quot;id&quot;:&quot;&quot;,&quot;size&quot;:&quot;&quot;},&quot;jet_parallax_layout_speed&quot;:{&quot;unit&quot;:&quot;%&quot;,&quot;size&quot;:50,&quot;sizes&quot;:[]},&quot;jet_parallax_layout_type&quot;:&quot;scroll&quot;,&quot;jet_parallax_layout_direction&quot;:&quot;1&quot;,&quot;jet_parallax_layout_fx_direction&quot;:null,&quot;jet_parallax_layout_z_index&quot;:&quot;&quot;,&quot;jet_parallax_layout_bg_x&quot;:50,&quot;jet_parallax_layout_bg_x_tablet&quot;:&quot;&quot;,&quot;jet_parallax_layout_bg_x_mobile&quot;:&quot;&quot;,&quot;jet_parallax_layout_bg_y&quot;:50,&quot;jet_parallax_layout_bg_y_tablet&quot;:&quot;&quot;,&quot;jet_parallax_layout_bg_y_mobile&quot;:&quot;&quot;,&quot;jet_parallax_layout_bg_size&quot;:&quot;auto&quot;,&quot;jet_parallax_layout_bg_size_tablet&quot;:&quot;&quot;,&quot;jet_parallax_layout_bg_size_mobile&quot;:&quot;&quot;,&quot;jet_parallax_layout_animation_prop&quot;:&quot;transform&quot;,&quot;jet_parallax_layout_on&quot;:[&quot;desktop&quot;,&quot;tablet&quot;]}]}\">\n\t\t\t\t\t\t<div class=\"elementor-container elementor-column-gap-default\">\n\t\t\t\t\t<div class=\"elementor-column elementor-col-100 elementor-top-column elementor-element elementor-element-b1cd5c3\" data-id=\"b1cd5c3\" data-element_type=\"column\" data-e-type=\"column\" data-settings=\"{&quot;background_background&quot;:&quot;classic&quot;,&quot;_ob_teleporter_use&quot;:false}\">\n\t\t\t<div class=\"elementor-widget-wrap elementor-element-populated\">\n\t\t\t\t\t\t<div class=\"elementor-element elementor-element-cc19aec elementor-widget elementor-widget-jet-listing-grid\" data-id=\"cc19aec\" data-element_type=\"widget\" data-e-type=\"widget\" data-settings=\"{&quot;columns&quot;:&quot;2&quot;,&quot;columns_tablet&quot;:&quot;2&quot;,&quot;columns_mobile&quot;:&quot;1&quot;}\" data-widget_type=\"jet-listing-grid.default\">\n\t\t\t\t<div class=\"elementor-widget-container\">\n\t\t\t\t\t<div class=\"jet-listing-grid jet-listing\"><div class=\"jet-listing-grid__items grid-col-desk-2 grid-col-tablet-2 grid-col-mobile-1 jet-listing-grid--344\" data-queried-id=\"4056|WP_Post\" data-nav=\"{&quot;enabled&quot;:false,&quot;type&quot;:null,&quot;more_el&quot;:null,&quot;query&quot;:[],&quot;widget_settings&quot;:{&quot;lisitng_id&quot;:344,&quot;posts_num&quot;:2,&quot;columns&quot;:2,&quot;columns_tablet&quot;:2,&quot;columns_mobile&quot;:1,&quot;column_min_width&quot;:240,&quot;column_min_width_tablet&quot;:240,&quot;column_min_width_mobile&quot;:240,&quot;inline_columns_css&quot;:false,&quot;is_archive_template&quot;:&quot;&quot;,&quot;post_status&quot;:[&quot;publish&quot;],&quot;use_random_posts_num&quot;:&quot;&quot;,&quot;max_posts_num&quot;:9,&quot;not_found_message&quot;:&quot;No data was found&quot;,&quot;is_masonry&quot;:false,&quot;equal_columns_height&quot;:&quot;&quot;,&quot;use_load_more&quot;:&quot;&quot;,&quot;load_more_id&quot;:&quot;&quot;,&quot;load_more_type&quot;:&quot;click&quot;,&quot;load_more_offset&quot;:{&quot;unit&quot;:&quot;px&quot;,&quot;size&quot;:0,&quot;sizes&quot;:[]},&quot;use_custom_post_types&quot;:&quot;&quot;,&quot;custom_post_types&quot;:[],&quot;hide_widget_if&quot;:&quot;&quot;,&quot;carousel_enabled&quot;:&quot;&quot;,&quot;slides_to_scroll&quot;:&quot;1&quot;,&quot;arrows&quot;:&quot;true&quot;,&quot;arrow_icon&quot;:&quot;fa fa-angle-left&quot;,&quot;dots&quot;:&quot;&quot;,&quot;autoplay&quot;:&quot;true&quot;,&quot;pause_on_hover&quot;:&quot;true&quot;,&quot;autoplay_speed&quot;:5000,&quot;infinite&quot;:&quot;true&quot;,&quot;center_mode&quot;:&quot;&quot;,&quot;effect&quot;:&quot;slide&quot;,&quot;speed&quot;:500,&quot;inject_alternative_items&quot;:&quot;&quot;,&quot;injection_items&quot;:[],&quot;scroll_slider_enabled&quot;:&quot;&quot;,&quot;scroll_slider_on&quot;:[&quot;desktop&quot;,&quot;tablet&quot;,&quot;mobile&quot;],&quot;custom_query&quot;:false,&quot;custom_query_id&quot;:&quot;&quot;,&quot;_element_id&quot;:&quot;&quot;,&quot;collapse_first_last_gap&quot;:false,&quot;list_tag_selection&quot;:&quot;&quot;,&quot;list_items_wrapper_tag&quot;:&quot;div&quot;,&quot;list_item_tag&quot;:&quot;div&quot;,&quot;empty_items_wrapper_tag&quot;:&quot;div&quot;}}\" data-page=\"1\" data-pages=\"20\" data-listing-source=\"posts\" data-listing-id=\"344\" data-query-id=\"\"><div class=\"jet-listing-grid__item jet-listing-dynamic-post-1360\" data-post-id=\"1360\"  ><div class=\"jet-engine-listing-overlay-wrap\" data-url=\"https:\/\/www.lidl.de\/de\/ernesto-aluminiumtopf-24-cm-spuelmaschinengeeignet\/p363822?utm_source=lk_magazin&amp;utm_medium=produkt&amp;utm_campaign=magazin\">\t\t<div data-elementor-type=\"jet-listing-items\" data-elementor-id=\"344\" class=\"elementor elementor-344\" data-elementor-post-type=\"jet-engine\">\n\t\t\t\t\t\t<section class=\"elementor-section elementor-top-section elementor-element elementor-element-415e7b0 elementor-section-boxed elementor-section-height-default elementor-section-height-default\" data-id=\"415e7b0\" data-element_type=\"section\" data-e-type=\"section\" data-settings=\"{&quot;jet_parallax_layout_list&quot;:[{&quot;jet_parallax_layout_image&quot;:{&quot;url&quot;:&quot;&quot;,&quot;id&quot;:&quot;&quot;,&quot;size&quot;:&quot;&quot;},&quot;_id&quot;:&quot;46433ef&quot;,&quot;jet_parallax_layout_image_tablet&quot;:{&quot;url&quot;:&quot;&quot;,&quot;id&quot;:&quot;&quot;,&quot;size&quot;:&quot;&quot;},&quot;jet_parallax_layout_image_mobile&quot;:{&quot;url&quot;:&quot;&quot;,&quot;id&quot;:&quot;&quot;,&quot;size&quot;:&quot;&quot;},&quot;jet_parallax_layout_speed&quot;:{&quot;unit&quot;:&quot;%&quot;,&quot;size&quot;:50,&quot;sizes&quot;:[]},&quot;jet_parallax_layout_type&quot;:&quot;scroll&quot;,&quot;jet_parallax_layout_direction&quot;:&quot;1&quot;,&quot;jet_parallax_layout_fx_direction&quot;:null,&quot;jet_parallax_layout_z_index&quot;:&quot;&quot;,&quot;jet_parallax_layout_bg_x&quot;:50,&quot;jet_parallax_layout_bg_x_tablet&quot;:&quot;&quot;,&quot;jet_parallax_layout_bg_x_mobile&quot;:&quot;&quot;,&quot;jet_parallax_layout_bg_y&quot;:50,&quot;jet_parallax_layout_bg_y_tablet&quot;:&quot;&quot;,&quot;jet_parallax_layout_bg_y_mobile&quot;:&quot;&quot;,&quot;jet_parallax_layout_bg_size&quot;:&quot;auto&quot;,&quot;jet_parallax_layout_bg_size_tablet&quot;:&quot;&quot;,&quot;jet_parallax_layout_bg_size_mobile&quot;:&quot;&quot;,&quot;jet_parallax_layout_animation_prop&quot;:&quot;transform&quot;,&quot;jet_parallax_layout_on&quot;:[&quot;desktop&quot;,&quot;tablet&quot;]}]}\">\n\t\t\t\t\t\t<div class=\"elementor-container elementor-column-gap-default\">\n\t\t\t\t\t<div class=\"elementor-column elementor-col-100 elementor-top-column elementor-element elementor-element-fb36579\" data-id=\"fb36579\" data-element_type=\"column\" data-e-type=\"column\">\n\t\t\t<div class=\"elementor-widget-wrap elementor-element-populated\">\n\t\t\t\t\t\t<section class=\"elementor-section elementor-inner-section elementor-element elementor-element-3470411 elementor-section-boxed elementor-section-height-default elementor-section-height-default\" data-id=\"3470411\" data-element_type=\"section\" data-e-type=\"section\" data-settings=\"{&quot;jet_parallax_layout_list&quot;:[{&quot;jet_parallax_layout_image&quot;:{&quot;url&quot;:&quot;&quot;,&quot;id&quot;:&quot;&quot;,&quot;size&quot;:&quot;&quot;},&quot;_id&quot;:&quot;bd0bd24&quot;,&quot;jet_parallax_layout_image_tablet&quot;:{&quot;url&quot;:&quot;&quot;,&quot;id&quot;:&quot;&quot;,&quot;size&quot;:&quot;&quot;},&quot;jet_parallax_layout_image_mobile&quot;:{&quot;url&quot;:&quot;&quot;,&quot;id&quot;:&quot;&quot;,&quot;size&quot;:&quot;&quot;},&quot;jet_parallax_layout_speed&quot;:{&quot;unit&quot;:&quot;%&quot;,&quot;size&quot;:50,&quot;sizes&quot;:[]},&quot;jet_parallax_layout_type&quot;:&quot;scroll&quot;,&quot;jet_parallax_layout_direction&quot;:&quot;1&quot;,&quot;jet_parallax_layout_fx_direction&quot;:null,&quot;jet_parallax_layout_z_index&quot;:&quot;&quot;,&quot;jet_parallax_layout_bg_x&quot;:50,&quot;jet_parallax_layout_bg_x_tablet&quot;:&quot;&quot;,&quot;jet_parallax_layout_bg_x_mobile&quot;:&quot;&quot;,&quot;jet_parallax_layout_bg_y&quot;:50,&quot;jet_parallax_layout_bg_y_tablet&quot;:&quot;&quot;,&quot;jet_parallax_layout_bg_y_mobile&quot;:&quot;&quot;,&quot;jet_parallax_layout_bg_size&quot;:&quot;auto&quot;,&quot;jet_parallax_layout_bg_size_tablet&quot;:&quot;&quot;,&quot;jet_parallax_layout_bg_size_mobile&quot;:&quot;&quot;,&quot;jet_parallax_layout_animation_prop&quot;:&quot;transform&quot;,&quot;jet_parallax_layout_on&quot;:[&quot;desktop&quot;,&quot;tablet&quot;]}],&quot;background_background&quot;:&quot;classic&quot;}\">\n\t\t\t\t\t\t<div class=\"elementor-container elementor-column-gap-default\">\n\t\t\t\t\t<div class=\"elementor-column elementor-col-100 elementor-inner-column elementor-element elementor-element-7bf52b0\" data-id=\"7bf52b0\" data-element_type=\"column\" data-e-type=\"column\" data-settings=\"{&quot;_ob_teleporter_use&quot;:false}\">\n\t\t\t<div class=\"elementor-widget-wrap elementor-element-populated\">\n\t\t\t\t\t\t<div class=\"elementor-element elementor-element-bd9459e elementor-widget elementor-widget-heading\" data-id=\"bd9459e\" data-element_type=\"widget\" data-e-type=\"widget\" data-widget_type=\"heading.default\">\n\t\t\t\t<div class=\"elementor-widget-container\">\n\t\t\t\t\t<div class=\"elementor-heading-title elementor-size-default\">ERNESTO\u00ae Aluminiumtopf, 24 cm<\/div>\t\t\t\t<\/div>\n\t\t\t\t<\/div>\n\t\t\t\t<div class=\"elementor-element elementor-element-7e00b57 elementor-widget elementor-widget-image\" data-id=\"7e00b57\" data-element_type=\"widget\" data-e-type=\"widget\" data-widget_type=\"image.default\">\n\t\t\t\t<div class=\"elementor-widget-container\">\n\t\t\t\t\t\t\t\t\t\t\t\t\t\t\t<img fetchpriority=\"high\" decoding=\"async\" width=\"772\" height=\"579\" src=\"https:\/\/www.lidl-kochen.de\/kochideen\/wp-content\/uploads\/2021\/02\/ernesto-aluminiumtopf-24-cm.jpg\" class=\"attachment-large size-large wp-image-1361\" alt=\"ERNESTO\u00ae Aluminiumtopf, 24 cm\" srcset=\"https:\/\/www.lidl-kochen.de\/kochideen\/wp-content\/uploads\/2021\/02\/ernesto-aluminiumtopf-24-cm.jpg 772w, https:\/\/www.lidl-kochen.de\/kochideen\/wp-content\/uploads\/2021\/02\/ernesto-aluminiumtopf-24-cm-300x225.jpg 300w, https:\/\/www.lidl-kochen.de\/kochideen\/wp-content\/uploads\/2021\/02\/ernesto-aluminiumtopf-24-cm-768x576.jpg 768w\" sizes=\"(max-width: 772px) 100vw, 772px\" \/>\t\t\t\t\t\t\t\t\t\t\t\t\t\t\t<\/div>\n\t\t\t\t<\/div>\n\t\t\t\t\t<\/div>\n\t\t<\/div>\n\t\t\t\t\t<\/div>\n\t\t<\/section>\n\t\t\t\t<div class=\"elementor-element elementor-element-537d953 elementor-widget elementor-widget-heading\" data-id=\"537d953\" data-element_type=\"widget\" data-e-type=\"widget\" data-widget_type=\"heading.default\">\n\t\t\t\t<div class=\"elementor-widget-container\">\n\t\t\t\t\t<div class=\"elementor-heading-title elementor-size-default\"><a href=\"https:\/\/www.lidl.de\/de\/ernesto-aluminiumtopf-24-cm-spuelmaschinengeeignet\/p363822?utm_source=lk_magazin&#038;utm_medium=produkt&#038;utm_campaign=magazin\">Im Shop Ansehen<\/a><\/div>\t\t\t\t<\/div>\n\t\t\t\t<\/div>\n\t\t\t\t\t<\/div>\n\t\t<\/div>\n\t\t\t\t\t<\/div>\n\t\t<\/section>\n\t\t\t\t<\/div>\n\t\t<a href=\"https:\/\/www.lidl.de\/de\/ernesto-aluminiumtopf-24-cm-spuelmaschinengeeignet\/p363822?utm_source=lk_magazin&amp;utm_medium=produkt&amp;utm_campaign=magazin\" class=\"jet-engine-listing-overlay-link\"><\/a><\/div><\/div><div class=\"jet-listing-grid__item jet-listing-dynamic-post-1368\" data-post-id=\"1368\"  ><div class=\"jet-engine-listing-overlay-wrap\" data-url=\"https:\/\/www.lidl.de\/de\/silvercrest-kontaktgrill-skg-1700-b3\/p361722?utm_source=lk_magazin&amp;utm_medium=produkt&amp;utm_campaign=magazin\">\t\t<div data-elementor-type=\"jet-listing-items\" data-elementor-id=\"344\" class=\"elementor elementor-344\" data-elementor-post-type=\"jet-engine\">\n\t\t\t\t\t\t<section class=\"elementor-section elementor-top-section elementor-element elementor-element-415e7b0 elementor-section-boxed elementor-section-height-default elementor-section-height-default\" data-id=\"415e7b0\" data-element_type=\"section\" data-e-type=\"section\" data-settings=\"{&quot;jet_parallax_layout_list&quot;:[{&quot;jet_parallax_layout_image&quot;:{&quot;url&quot;:&quot;&quot;,&quot;id&quot;:&quot;&quot;,&quot;size&quot;:&quot;&quot;},&quot;_id&quot;:&quot;46433ef&quot;,&quot;jet_parallax_layout_image_tablet&quot;:{&quot;url&quot;:&quot;&quot;,&quot;id&quot;:&quot;&quot;,&quot;size&quot;:&quot;&quot;},&quot;jet_parallax_layout_image_mobile&quot;:{&quot;url&quot;:&quot;&quot;,&quot;id&quot;:&quot;&quot;,&quot;size&quot;:&quot;&quot;},&quot;jet_parallax_layout_speed&quot;:{&quot;unit&quot;:&quot;%&quot;,&quot;size&quot;:50,&quot;sizes&quot;:[]},&quot;jet_parallax_layout_type&quot;:&quot;scroll&quot;,&quot;jet_parallax_layout_direction&quot;:&quot;1&quot;,&quot;jet_parallax_layout_fx_direction&quot;:null,&quot;jet_parallax_layout_z_index&quot;:&quot;&quot;,&quot;jet_parallax_layout_bg_x&quot;:50,&quot;jet_parallax_layout_bg_x_tablet&quot;:&quot;&quot;,&quot;jet_parallax_layout_bg_x_mobile&quot;:&quot;&quot;,&quot;jet_parallax_layout_bg_y&quot;:50,&quot;jet_parallax_layout_bg_y_tablet&quot;:&quot;&quot;,&quot;jet_parallax_layout_bg_y_mobile&quot;:&quot;&quot;,&quot;jet_parallax_layout_bg_size&quot;:&quot;auto&quot;,&quot;jet_parallax_layout_bg_size_tablet&quot;:&quot;&quot;,&quot;jet_parallax_layout_bg_size_mobile&quot;:&quot;&quot;,&quot;jet_parallax_layout_animation_prop&quot;:&quot;transform&quot;,&quot;jet_parallax_layout_on&quot;:[&quot;desktop&quot;,&quot;tablet&quot;]}]}\">\n\t\t\t\t\t\t<div class=\"elementor-container elementor-column-gap-default\">\n\t\t\t\t\t<div class=\"elementor-column elementor-col-100 elementor-top-column elementor-element elementor-element-fb36579\" data-id=\"fb36579\" data-element_type=\"column\" data-e-type=\"column\">\n\t\t\t<div class=\"elementor-widget-wrap elementor-element-populated\">\n\t\t\t\t\t\t<section class=\"elementor-section elementor-inner-section elementor-element elementor-element-3470411 elementor-section-boxed elementor-section-height-default elementor-section-height-default\" data-id=\"3470411\" data-element_type=\"section\" data-e-type=\"section\" data-settings=\"{&quot;jet_parallax_layout_list&quot;:[{&quot;jet_parallax_layout_image&quot;:{&quot;url&quot;:&quot;&quot;,&quot;id&quot;:&quot;&quot;,&quot;size&quot;:&quot;&quot;},&quot;_id&quot;:&quot;bd0bd24&quot;,&quot;jet_parallax_layout_image_tablet&quot;:{&quot;url&quot;:&quot;&quot;,&quot;id&quot;:&quot;&quot;,&quot;size&quot;:&quot;&quot;},&quot;jet_parallax_layout_image_mobile&quot;:{&quot;url&quot;:&quot;&quot;,&quot;id&quot;:&quot;&quot;,&quot;size&quot;:&quot;&quot;},&quot;jet_parallax_layout_speed&quot;:{&quot;unit&quot;:&quot;%&quot;,&quot;size&quot;:50,&quot;sizes&quot;:[]},&quot;jet_parallax_layout_type&quot;:&quot;scroll&quot;,&quot;jet_parallax_layout_direction&quot;:&quot;1&quot;,&quot;jet_parallax_layout_fx_direction&quot;:null,&quot;jet_parallax_layout_z_index&quot;:&quot;&quot;,&quot;jet_parallax_layout_bg_x&quot;:50,&quot;jet_parallax_layout_bg_x_tablet&quot;:&quot;&quot;,&quot;jet_parallax_layout_bg_x_mobile&quot;:&quot;&quot;,&quot;jet_parallax_layout_bg_y&quot;:50,&quot;jet_parallax_layout_bg_y_tablet&quot;:&quot;&quot;,&quot;jet_parallax_layout_bg_y_mobile&quot;:&quot;&quot;,&quot;jet_parallax_layout_bg_size&quot;:&quot;auto&quot;,&quot;jet_parallax_layout_bg_size_tablet&quot;:&quot;&quot;,&quot;jet_parallax_layout_bg_size_mobile&quot;:&quot;&quot;,&quot;jet_parallax_layout_animation_prop&quot;:&quot;transform&quot;,&quot;jet_parallax_layout_on&quot;:[&quot;desktop&quot;,&quot;tablet&quot;]}],&quot;background_background&quot;:&quot;classic&quot;}\">\n\t\t\t\t\t\t<div class=\"elementor-container elementor-column-gap-default\">\n\t\t\t\t\t<div class=\"elementor-column elementor-col-100 elementor-inner-column elementor-element elementor-element-7bf52b0\" data-id=\"7bf52b0\" data-element_type=\"column\" data-e-type=\"column\" data-settings=\"{&quot;_ob_teleporter_use&quot;:false}\">\n\t\t\t<div class=\"elementor-widget-wrap elementor-element-populated\">\n\t\t\t\t\t\t<div class=\"elementor-element elementor-element-bd9459e elementor-widget elementor-widget-heading\" data-id=\"bd9459e\" data-element_type=\"widget\" data-e-type=\"widget\" data-widget_type=\"heading.default\">\n\t\t\t\t<div class=\"elementor-widget-container\">\n\t\t\t\t\t<div class=\"elementor-heading-title elementor-size-default\">SILVERCREST\u00ae Kontaktgrill SKG 1700 B3<\/div>\t\t\t\t<\/div>\n\t\t\t\t<\/div>\n\t\t\t\t<div class=\"elementor-element elementor-element-7e00b57 elementor-widget elementor-widget-image\" data-id=\"7e00b57\" data-element_type=\"widget\" data-e-type=\"widget\" data-widget_type=\"image.default\">\n\t\t\t\t<div class=\"elementor-widget-container\">\n\t\t\t\t\t\t\t\t\t\t\t\t\t\t\t<img decoding=\"async\" width=\"772\" height=\"579\" src=\"https:\/\/www.lidl-kochen.de\/kochideen\/wp-content\/uploads\/2021\/02\/silvercrest-kontaktgrill-skg-1700-b3.jpg\" class=\"attachment-large size-large wp-image-1369\" alt=\"SILVERCREST\u00ae Kontaktgrill SKG 1700 B3\" srcset=\"https:\/\/www.lidl-kochen.de\/kochideen\/wp-content\/uploads\/2021\/02\/silvercrest-kontaktgrill-skg-1700-b3.jpg 772w, https:\/\/www.lidl-kochen.de\/kochideen\/wp-content\/uploads\/2021\/02\/silvercrest-kontaktgrill-skg-1700-b3-300x225.jpg 300w, https:\/\/www.lidl-kochen.de\/kochideen\/wp-content\/uploads\/2021\/02\/silvercrest-kontaktgrill-skg-1700-b3-768x576.jpg 768w\" sizes=\"(max-width: 772px) 100vw, 772px\" \/>\t\t\t\t\t\t\t\t\t\t\t\t\t\t\t<\/div>\n\t\t\t\t<\/div>\n\t\t\t\t\t<\/div>\n\t\t<\/div>\n\t\t\t\t\t<\/div>\n\t\t<\/section>\n\t\t\t\t<div class=\"elementor-element elementor-element-537d953 elementor-widget elementor-widget-heading\" data-id=\"537d953\" data-element_type=\"widget\" data-e-type=\"widget\" data-widget_type=\"heading.default\">\n\t\t\t\t<div class=\"elementor-widget-container\">\n\t\t\t\t\t<div class=\"elementor-heading-title elementor-size-default\"><a href=\"https:\/\/www.lidl.de\/de\/silvercrest-kontaktgrill-skg-1700-b3\/p361722?utm_source=lk_magazin&#038;utm_medium=produkt&#038;utm_campaign=magazin\">Im Shop Ansehen<\/a><\/div>\t\t\t\t<\/div>\n\t\t\t\t<\/div>\n\t\t\t\t\t<\/div>\n\t\t<\/div>\n\t\t\t\t\t<\/div>\n\t\t<\/section>\n\t\t\t\t<\/div>\n\t\t<a href=\"https:\/\/www.lidl.de\/de\/silvercrest-kontaktgrill-skg-1700-b3\/p361722?utm_source=lk_magazin&amp;utm_medium=produkt&amp;utm_campaign=magazin\" class=\"jet-engine-listing-overlay-link\"><\/a><\/div><\/div><\/div><\/div>\t\t\t\t<\/div>\n\t\t\t\t<\/div>\n\t\t\t\t\t<\/div>\n\t\t<\/div>\n\t\t\t\t\t<\/div>\n\t\t<\/section>\n\t\t\t\t<\/div>\n\t\t\n\n\n\n<h2 class=\"wp-block-heading\" id=\"wie-unterscheiden-sich-natives-und-raffiniertes-ol-voneinander\">Wie unterscheiden sich natives und raffiniertes \u00d6l voneinander?<\/h2>\n\n\n\n<p>Der Unterschied zwischen diesen beiden \u00d6lvarianten ist einfach erkl\u00e4rt und auch wichtig, wenn es darum geht, das passende \u00d6l f\u00fcr eine Speise zu finden.<\/p>\n\n\n\n<p>Grunds\u00e4tzlich gilt, dass in nativen \u00d6len viele N\u00e4hrstoffe enthalten sind. &nbsp;Raffinierte \u00d6le verlieren hingegen durch die besondere Art der Bearbeitung viele wichtige Inhaltsstoffe.<\/p>\n\n\n\n<p>Der Vorteil liegt im Zusammenhang mit raffinierten \u00d6len jedoch klar in einem h\u00f6heren Rauchpunkt. Dieser zeigt an, ab wann ein \u00d6l \u201ekippt\u201c und das Essen mit Bitterstoffen und anderen Zus\u00e4tzen verf\u00e4lscht. Dieser Punkt ist dann erreicht, wenn das \u00d6l beginnt, zu rauchen. Somit erkl\u00e4rt sich auch die Bezeichnung \u201eRauchpunkt\u201c.<\/p>\n\n\n\n<p>Natives \u00d6l zeichnet sich durch einen niedrigeren Rauchpunkt aus und kann daher nicht zum hei\u00dfen Anbraten verwendet werden. Auch beim Frittieren sollte immer auf die raffinierte Variante gesetzt werden.<\/p>\n\n\n\n<h2 class=\"wp-block-heading\" id=\"ole-und-ihre-moglichen-einsatzbereiche-in-der-ubersicht\">\u00d6le und ihre m\u00f6glichen Einsatzbereiche in der \u00dcbersicht<\/h2>\n\n\n\n<p>Wie bereits erw\u00e4hnt, bietet nicht jedes \u00d6l so viel Flexibilit\u00e4t wie das Sonnenblumen\u00f6l. Daher ist es wichtig, sich am besten vor dem Kochen mit den jeweiligen Charakteristika des \u00d6ls auseinanderzusetzen. Auf diese Weise ist es unter anderem m\u00f6glich, einem Gericht eine besondere Note zu verleihen (und einem \u00dcbertreten des oben erw\u00e4hnten Rauchpunktes vorzubeugen).<\/p>\n\n\n\n<h2 class=\"wp-block-heading\" id=\"welches-ol-eignet-sich-fur-die-kalte-kuche\">Welches \u00d6l eignet sich f\u00fcr die Kalte K\u00fcche?<\/h2>\n\n\n\n<p>Prinzipiell ist jedes Speise\u00f6l dazu geeignet, um in der Kalten K\u00fcche verwendet zu werden. Hier kommen vor allem die Vorz\u00fcge des nativen \u00d6ls zum Tragen.<\/p>\n\n\n\n<p>Egal, ob mit:<\/p>\n\n\n\n<ul class=\"wp-block-list\"><li>Leinsaat\u00f6l<\/li><li>Schwarzk\u00fcmmel\u00f6l<\/li><li>Mohn\u00f6l<\/li><li>Oliven\u00f6l<\/li><li>Raps\u00f6l oder K\u00fcrbiskern\u00f6l\u2026<\/li><\/ul>\n\n\n\n<p>\u2026 die Liste an M\u00f6glichkeiten ist lang. Die einzelnen \u00d6lsorten kommen mal mehr, mal weniger geschmacksintensiv daher. Hier lohnt es sich durchaus, verschiedene Kombinationen auszutesten.<\/p>\n\n\n\n<h2 class=\"wp-block-heading\" id=\"welche-ole-konnen-in-der-pfanne-erhitzt-werden\">Welche \u00d6le k\u00f6nnen in der Pfanne erhitzt werden?<\/h2>\n\n\n\n<p>\u00d6l wird oftmals zum Braten bzw. D\u00fcnsten verwendet. Gerade dann, wenn die Pfanne nicht beschichtet ist, braucht es ein wenig \u00d6l, um daf\u00fcr zu sorgen, dass das Fleisch, Gem\u00fcse oder die Eier nicht um Untergrund kleben bleiben.<\/p>\n\n\n\n<p>Mit Hinblick auf eine Verwendung in der Pfanne sollte jedoch noch ein weiterer Aspekt ber\u00fccksichtigt werden: der bereits erw\u00e4hnte Rauchpunkt.<\/p>\n\n\n\n<p>Hier empfiehlt es sich unter anderem, auf verschiedene Gew\u00fcrz\u00f6le (wahlweise mit einer besonderen Note) und Sesam\u00f6l zu setzen.<\/p>\n\n\n\n<p>Mit Hinblick auf das Erhitzen von Lebensmitteln unter der Nutzung von Oliven\u00f6l sollte immer beachtet werden, dass die Temperaturgrenze von 200\u00b0C nicht \u00fcberschritten werden darf.<\/p>\n\n\n\n<p>Bei der Frage: welches \u00d6l kann ich beim Erhitzen in der Pfanne verwenden, spielt also auch immer die Intensit\u00e4t der Hitze eine entscheidende Rolle.<\/p>\n\n\n\n<h3 class=\"wp-block-heading\" id=\"mit-welchen-olen-kann-frittiert-werden\">Mit welchen \u00d6len kann frittiert werden?<\/h3>\n\n\n\n<p>Egal, ob Pommes, Nuggets oder Paniertes: frittiert schmecken vielen Menschen die entsprechenden Gerichte oft besser als aus dem Ofen. Wer mit \u00d6l frittieren m\u00f6chte, braucht definitiv immer ein \u00d6l, das mit einem hohen Rauchpunkt aufwartet. Hier eignen sich unter anderem Maiskeim\u00f6l, Sonnenblumen\u00f6l, 7-Saaten\u00f6l und Brat\u00f6l ideal.<\/p>\n","protected":false},"excerpt":{"rendered":"<p>Welches \u00d6l nutzt man wof\u00fcr? Wer sich auf der Suche nach den beliebtesten Speise\u00f6len befindet, st\u00f6\u00dft \u2013 zumindest in Deutschland \u2013 vergleichsweise schnell auf das Sonnenblumen\u00f6l. Kein Wunder! Immerhin kann diese \u00d6lvariante in vielen Bereichen eingesetzt werden. Egal, ob beim Braten bzw. Anbraten, D\u00fcnsten und zur Zubereitung verschiedener Dressings: Sonnenblumen\u00f6l stellt so gut wie immer eine hervorragende Wahl dar.<\/p>\n","protected":false},"author":13,"featured_media":4057,"comment_status":"closed","ping_status":"open","sticky":false,"template":"","format":"standard","meta":{"_acf_changed":false,"footnotes":""},"categories":[30],"tags":[295,312,99],"schlagworte":[313,67,43],"class_list":["post-4056","post","type-post","status-publish","format-standard","has-post-thumbnail","hentry","category-lebensmittelkunde","tag-klassiker","tag-oel","tag-produkt","schlagworte-oel","schlagworte-olivenoel","schlagworte-produkt"],"acf":[],"yoast_head":"<!-- This site is optimized with the Yoast SEO plugin v27.4 - https:\/\/yoast.com\/product\/yoast-seo-wordpress\/ -->\n<title>Welches Speise\u00f6l verwendet man wof\u00fcr ? | Lidl-Kochen Magazin<\/title>\n<meta name=\"description\" content=\"Nicht\u00a0jedes\u00a0\u00d6l\u00a0ist\u00a0so\u00a0vielseitig\u00a0einsetzbar\u00a0wie\u00a0das\u00a0Sonnenblumen\u00f6l. Auch der\u00a0Eigengeschmack spielt\u00a0eine\u00a0wichtige\u00a0Rolle.\u00a0\u25b6\u00a0Jetzt\u00a0informieren!\" \/>\n<meta name=\"robots\" content=\"index, follow, max-snippet:-1, max-image-preview:large, max-video-preview:-1\" \/>\n<link rel=\"canonical\" href=\"https:\/\/www.lidl-kochen.de\/kochideen\/welches-oel-nutzt-man-wofuer\/\" \/>\n<meta property=\"og:locale\" content=\"de_DE\" \/>\n<meta property=\"og:type\" content=\"article\" \/>\n<meta property=\"og:title\" content=\"Welches Speise\u00f6l verwendet man wof\u00fcr ? | Lidl-Kochen Magazin\" \/>\n<meta property=\"og:description\" content=\"Nicht\u00a0jedes\u00a0\u00d6l\u00a0ist\u00a0so\u00a0vielseitig\u00a0einsetzbar\u00a0wie\u00a0das\u00a0Sonnenblumen\u00f6l. Auch der\u00a0Eigengeschmack spielt\u00a0eine\u00a0wichtige\u00a0Rolle.\u00a0\u25b6\u00a0Jetzt\u00a0informieren!\" \/>\n<meta property=\"og:url\" content=\"https:\/\/www.lidl-kochen.de\/kochideen\/welches-oel-nutzt-man-wofuer\/\" \/>\n<meta property=\"og:site_name\" content=\"Lidl Kochen Magazin\" \/>\n<meta property=\"article:published_time\" content=\"2022-02-21T13:14:00+00:00\" \/>\n<meta property=\"article:modified_time\" content=\"2024-01-17T11:53:50+00:00\" \/>\n<meta property=\"og:image\" content=\"https:\/\/www.lidl-kochen.de\/kochideen\/wp-content\/uploads\/2022\/02\/O\u0308L.jpeg\" \/>\n\t<meta property=\"og:image:width\" content=\"1024\" \/>\n\t<meta property=\"og:image:height\" content=\"683\" \/>\n\t<meta property=\"og:image:type\" content=\"image\/jpeg\" \/>\n<meta name=\"author\" content=\"Anna Loraine Hartmann\" \/>\n<meta name=\"twitter:card\" content=\"summary_large_image\" \/>\n<meta name=\"twitter:label1\" content=\"Verfasst von\" \/>\n\t<meta name=\"twitter:data1\" content=\"Anna Loraine Hartmann\" \/>\n\t<meta name=\"twitter:label2\" content=\"Gesch\u00e4tzte Lesezeit\" \/>\n\t<meta name=\"twitter:data2\" content=\"4\u00a0Minuten\" \/>\n<script type=\"application\/ld+json\" class=\"yoast-schema-graph\">{\"@context\":\"https:\\\/\\\/schema.org\",\"@graph\":[{\"@type\":\"Article\",\"@id\":\"https:\\\/\\\/www.lidl-kochen.de\\\/kochideen\\\/welches-oel-nutzt-man-wofuer\\\/#article\",\"isPartOf\":{\"@id\":\"https:\\\/\\\/www.lidl-kochen.de\\\/kochideen\\\/welches-oel-nutzt-man-wofuer\\\/\"},\"author\":{\"name\":\"Anna Loraine Hartmann\",\"@id\":\"https:\\\/\\\/www.lidl-kochen.de\\\/kochideen\\\/#\\\/schema\\\/person\\\/ea897e5ed76af86c2bd8570b3d0bf8a9\"},\"headline\":\"Welches \u00d6l nutzt man wof\u00fcr?\",\"datePublished\":\"2022-02-21T13:14:00+00:00\",\"dateModified\":\"2024-01-17T11:53:50+00:00\",\"mainEntityOfPage\":{\"@id\":\"https:\\\/\\\/www.lidl-kochen.de\\\/kochideen\\\/welches-oel-nutzt-man-wofuer\\\/\"},\"wordCount\":621,\"image\":{\"@id\":\"https:\\\/\\\/www.lidl-kochen.de\\\/kochideen\\\/welches-oel-nutzt-man-wofuer\\\/#primaryimage\"},\"thumbnailUrl\":\"https:\\\/\\\/www.lidl-kochen.de\\\/kochideen\\\/wp-content\\\/uploads\\\/2022\\\/02\\\/O\u0308L.jpeg\",\"keywords\":[\"klassiker\",\"\u00f6l\",\"produkt\"],\"articleSection\":[\"Lebensmittelkunde\"],\"inLanguage\":\"de\"},{\"@type\":\"WebPage\",\"@id\":\"https:\\\/\\\/www.lidl-kochen.de\\\/kochideen\\\/welches-oel-nutzt-man-wofuer\\\/\",\"url\":\"https:\\\/\\\/www.lidl-kochen.de\\\/kochideen\\\/welches-oel-nutzt-man-wofuer\\\/\",\"name\":\"Welches Speise\u00f6l verwendet man wof\u00fcr ? | Lidl-Kochen Magazin\",\"isPartOf\":{\"@id\":\"https:\\\/\\\/www.lidl-kochen.de\\\/kochideen\\\/#website\"},\"primaryImageOfPage\":{\"@id\":\"https:\\\/\\\/www.lidl-kochen.de\\\/kochideen\\\/welches-oel-nutzt-man-wofuer\\\/#primaryimage\"},\"image\":{\"@id\":\"https:\\\/\\\/www.lidl-kochen.de\\\/kochideen\\\/welches-oel-nutzt-man-wofuer\\\/#primaryimage\"},\"thumbnailUrl\":\"https:\\\/\\\/www.lidl-kochen.de\\\/kochideen\\\/wp-content\\\/uploads\\\/2022\\\/02\\\/O\u0308L.jpeg\",\"datePublished\":\"2022-02-21T13:14:00+00:00\",\"dateModified\":\"2024-01-17T11:53:50+00:00\",\"author\":{\"@id\":\"https:\\\/\\\/www.lidl-kochen.de\\\/kochideen\\\/#\\\/schema\\\/person\\\/ea897e5ed76af86c2bd8570b3d0bf8a9\"},\"description\":\"Nicht\u00a0jedes\u00a0\u00d6l\u00a0ist\u00a0so\u00a0vielseitig\u00a0einsetzbar\u00a0wie\u00a0das\u00a0Sonnenblumen\u00f6l. Auch der\u00a0Eigengeschmack spielt\u00a0eine\u00a0wichtige\u00a0Rolle.\u00a0\u25b6\u00a0Jetzt\u00a0informieren!\",\"breadcrumb\":{\"@id\":\"https:\\\/\\\/www.lidl-kochen.de\\\/kochideen\\\/welches-oel-nutzt-man-wofuer\\\/#breadcrumb\"},\"inLanguage\":\"de\",\"potentialAction\":[{\"@type\":\"ReadAction\",\"target\":[\"https:\\\/\\\/www.lidl-kochen.de\\\/kochideen\\\/welches-oel-nutzt-man-wofuer\\\/\"]}]},{\"@type\":\"ImageObject\",\"inLanguage\":\"de\",\"@id\":\"https:\\\/\\\/www.lidl-kochen.de\\\/kochideen\\\/welches-oel-nutzt-man-wofuer\\\/#primaryimage\",\"url\":\"https:\\\/\\\/www.lidl-kochen.de\\\/kochideen\\\/wp-content\\\/uploads\\\/2022\\\/02\\\/O\u0308L.jpeg\",\"contentUrl\":\"https:\\\/\\\/www.lidl-kochen.de\\\/kochideen\\\/wp-content\\\/uploads\\\/2022\\\/02\\\/O\u0308L.jpeg\",\"width\":1024,\"height\":683,\"caption\":\"\u00d6l\"},{\"@type\":\"BreadcrumbList\",\"@id\":\"https:\\\/\\\/www.lidl-kochen.de\\\/kochideen\\\/welches-oel-nutzt-man-wofuer\\\/#breadcrumb\",\"itemListElement\":[{\"@type\":\"ListItem\",\"position\":1,\"name\":\"Startseite\",\"item\":\"https:\\\/\\\/www.lidl-kochen.de\\\/kochideen\\\/\"},{\"@type\":\"ListItem\",\"position\":2,\"name\":\"Welches \u00d6l nutzt man wof\u00fcr?\"}]},{\"@type\":\"WebSite\",\"@id\":\"https:\\\/\\\/www.lidl-kochen.de\\\/kochideen\\\/#website\",\"url\":\"https:\\\/\\\/www.lidl-kochen.de\\\/kochideen\\\/\",\"name\":\"Lidl Kochen Magazin\",\"description\":\"Das Magazin rund ums Kochen\",\"potentialAction\":[{\"@type\":\"SearchAction\",\"target\":{\"@type\":\"EntryPoint\",\"urlTemplate\":\"https:\\\/\\\/www.lidl-kochen.de\\\/kochideen\\\/?s={search_term_string}\"},\"query-input\":{\"@type\":\"PropertyValueSpecification\",\"valueRequired\":true,\"valueName\":\"search_term_string\"}}],\"inLanguage\":\"de\"},{\"@type\":\"Person\",\"@id\":\"https:\\\/\\\/www.lidl-kochen.de\\\/kochideen\\\/#\\\/schema\\\/person\\\/ea897e5ed76af86c2bd8570b3d0bf8a9\",\"name\":\"Anna Loraine Hartmann\",\"image\":{\"@type\":\"ImageObject\",\"inLanguage\":\"de\",\"@id\":\"https:\\\/\\\/secure.gravatar.com\\\/avatar\\\/0fd5f03ba99d0df2b345928a1360c215de34857da7adee6280fb95b22bbd16cc?s=96&d=mm&r=g\",\"url\":\"https:\\\/\\\/secure.gravatar.com\\\/avatar\\\/0fd5f03ba99d0df2b345928a1360c215de34857da7adee6280fb95b22bbd16cc?s=96&d=mm&r=g\",\"contentUrl\":\"https:\\\/\\\/secure.gravatar.com\\\/avatar\\\/0fd5f03ba99d0df2b345928a1360c215de34857da7adee6280fb95b22bbd16cc?s=96&d=mm&r=g\",\"caption\":\"Anna Loraine Hartmann\"}}]}<\/script>\n<!-- \/ Yoast SEO plugin. -->","yoast_head_json":{"title":"Welches Speise\u00f6l verwendet man wof\u00fcr ? | Lidl-Kochen Magazin","description":"Nicht\u00a0jedes\u00a0\u00d6l\u00a0ist\u00a0so\u00a0vielseitig\u00a0einsetzbar\u00a0wie\u00a0das\u00a0Sonnenblumen\u00f6l. Auch der\u00a0Eigengeschmack spielt\u00a0eine\u00a0wichtige\u00a0Rolle.\u00a0\u25b6\u00a0Jetzt\u00a0informieren!","robots":{"index":"index","follow":"follow","max-snippet":"max-snippet:-1","max-image-preview":"max-image-preview:large","max-video-preview":"max-video-preview:-1"},"canonical":"https:\/\/www.lidl-kochen.de\/kochideen\/welches-oel-nutzt-man-wofuer\/","og_locale":"de_DE","og_type":"article","og_title":"Welches Speise\u00f6l verwendet man wof\u00fcr ? | Lidl-Kochen Magazin","og_description":"Nicht\u00a0jedes\u00a0\u00d6l\u00a0ist\u00a0so\u00a0vielseitig\u00a0einsetzbar\u00a0wie\u00a0das\u00a0Sonnenblumen\u00f6l. Auch der\u00a0Eigengeschmack spielt\u00a0eine\u00a0wichtige\u00a0Rolle.\u00a0\u25b6\u00a0Jetzt\u00a0informieren!","og_url":"https:\/\/www.lidl-kochen.de\/kochideen\/welches-oel-nutzt-man-wofuer\/","og_site_name":"Lidl Kochen Magazin","article_published_time":"2022-02-21T13:14:00+00:00","article_modified_time":"2024-01-17T11:53:50+00:00","og_image":[{"width":1024,"height":683,"url":"https:\/\/www.lidl-kochen.de\/kochideen\/wp-content\/uploads\/2022\/02\/O\u0308L.jpeg","type":"image\/jpeg"}],"author":"Anna Loraine Hartmann","twitter_card":"summary_large_image","twitter_misc":{"Verfasst von":"Anna Loraine Hartmann","Gesch\u00e4tzte Lesezeit":"4\u00a0Minuten"},"schema":{"@context":"https:\/\/schema.org","@graph":[{"@type":"Article","@id":"https:\/\/www.lidl-kochen.de\/kochideen\/welches-oel-nutzt-man-wofuer\/#article","isPartOf":{"@id":"https:\/\/www.lidl-kochen.de\/kochideen\/welches-oel-nutzt-man-wofuer\/"},"author":{"name":"Anna Loraine Hartmann","@id":"https:\/\/www.lidl-kochen.de\/kochideen\/#\/schema\/person\/ea897e5ed76af86c2bd8570b3d0bf8a9"},"headline":"Welches \u00d6l nutzt man wof\u00fcr?","datePublished":"2022-02-21T13:14:00+00:00","dateModified":"2024-01-17T11:53:50+00:00","mainEntityOfPage":{"@id":"https:\/\/www.lidl-kochen.de\/kochideen\/welches-oel-nutzt-man-wofuer\/"},"wordCount":621,"image":{"@id":"https:\/\/www.lidl-kochen.de\/kochideen\/welches-oel-nutzt-man-wofuer\/#primaryimage"},"thumbnailUrl":"https:\/\/www.lidl-kochen.de\/kochideen\/wp-content\/uploads\/2022\/02\/O\u0308L.jpeg","keywords":["klassiker","\u00f6l","produkt"],"articleSection":["Lebensmittelkunde"],"inLanguage":"de"},{"@type":"WebPage","@id":"https:\/\/www.lidl-kochen.de\/kochideen\/welches-oel-nutzt-man-wofuer\/","url":"https:\/\/www.lidl-kochen.de\/kochideen\/welches-oel-nutzt-man-wofuer\/","name":"Welches Speise\u00f6l verwendet man wof\u00fcr ? | Lidl-Kochen Magazin","isPartOf":{"@id":"https:\/\/www.lidl-kochen.de\/kochideen\/#website"},"primaryImageOfPage":{"@id":"https:\/\/www.lidl-kochen.de\/kochideen\/welches-oel-nutzt-man-wofuer\/#primaryimage"},"image":{"@id":"https:\/\/www.lidl-kochen.de\/kochideen\/welches-oel-nutzt-man-wofuer\/#primaryimage"},"thumbnailUrl":"https:\/\/www.lidl-kochen.de\/kochideen\/wp-content\/uploads\/2022\/02\/O\u0308L.jpeg","datePublished":"2022-02-21T13:14:00+00:00","dateModified":"2024-01-17T11:53:50+00:00","author":{"@id":"https:\/\/www.lidl-kochen.de\/kochideen\/#\/schema\/person\/ea897e5ed76af86c2bd8570b3d0bf8a9"},"description":"Nicht\u00a0jedes\u00a0\u00d6l\u00a0ist\u00a0so\u00a0vielseitig\u00a0einsetzbar\u00a0wie\u00a0das\u00a0Sonnenblumen\u00f6l. Auch der\u00a0Eigengeschmack spielt\u00a0eine\u00a0wichtige\u00a0Rolle.\u00a0\u25b6\u00a0Jetzt\u00a0informieren!","breadcrumb":{"@id":"https:\/\/www.lidl-kochen.de\/kochideen\/welches-oel-nutzt-man-wofuer\/#breadcrumb"},"inLanguage":"de","potentialAction":[{"@type":"ReadAction","target":["https:\/\/www.lidl-kochen.de\/kochideen\/welches-oel-nutzt-man-wofuer\/"]}]},{"@type":"ImageObject","inLanguage":"de","@id":"https:\/\/www.lidl-kochen.de\/kochideen\/welches-oel-nutzt-man-wofuer\/#primaryimage","url":"https:\/\/www.lidl-kochen.de\/kochideen\/wp-content\/uploads\/2022\/02\/O\u0308L.jpeg","contentUrl":"https:\/\/www.lidl-kochen.de\/kochideen\/wp-content\/uploads\/2022\/02\/O\u0308L.jpeg","width":1024,"height":683,"caption":"\u00d6l"},{"@type":"BreadcrumbList","@id":"https:\/\/www.lidl-kochen.de\/kochideen\/welches-oel-nutzt-man-wofuer\/#breadcrumb","itemListElement":[{"@type":"ListItem","position":1,"name":"Startseite","item":"https:\/\/www.lidl-kochen.de\/kochideen\/"},{"@type":"ListItem","position":2,"name":"Welches \u00d6l nutzt man wof\u00fcr?"}]},{"@type":"WebSite","@id":"https:\/\/www.lidl-kochen.de\/kochideen\/#website","url":"https:\/\/www.lidl-kochen.de\/kochideen\/","name":"Lidl Kochen Magazin","description":"Das Magazin rund ums Kochen","potentialAction":[{"@type":"SearchAction","target":{"@type":"EntryPoint","urlTemplate":"https:\/\/www.lidl-kochen.de\/kochideen\/?s={search_term_string}"},"query-input":{"@type":"PropertyValueSpecification","valueRequired":true,"valueName":"search_term_string"}}],"inLanguage":"de"},{"@type":"Person","@id":"https:\/\/www.lidl-kochen.de\/kochideen\/#\/schema\/person\/ea897e5ed76af86c2bd8570b3d0bf8a9","name":"Anna Loraine Hartmann","image":{"@type":"ImageObject","inLanguage":"de","@id":"https:\/\/secure.gravatar.com\/avatar\/0fd5f03ba99d0df2b345928a1360c215de34857da7adee6280fb95b22bbd16cc?s=96&d=mm&r=g","url":"https:\/\/secure.gravatar.com\/avatar\/0fd5f03ba99d0df2b345928a1360c215de34857da7adee6280fb95b22bbd16cc?s=96&d=mm&r=g","contentUrl":"https:\/\/secure.gravatar.com\/avatar\/0fd5f03ba99d0df2b345928a1360c215de34857da7adee6280fb95b22bbd16cc?s=96&d=mm&r=g","caption":"Anna Loraine Hartmann"}}]}},"_links":{"self":[{"href":"https:\/\/www.lidl-kochen.de\/kochideen\/wp-json\/wp\/v2\/posts\/4056","targetHints":{"allow":["GET"]}}],"collection":[{"href":"https:\/\/www.lidl-kochen.de\/kochideen\/wp-json\/wp\/v2\/posts"}],"about":[{"href":"https:\/\/www.lidl-kochen.de\/kochideen\/wp-json\/wp\/v2\/types\/post"}],"author":[{"embeddable":true,"href":"https:\/\/www.lidl-kochen.de\/kochideen\/wp-json\/wp\/v2\/users\/13"}],"replies":[{"embeddable":true,"href":"https:\/\/www.lidl-kochen.de\/kochideen\/wp-json\/wp\/v2\/comments?post=4056"}],"version-history":[{"count":2,"href":"https:\/\/www.lidl-kochen.de\/kochideen\/wp-json\/wp\/v2\/posts\/4056\/revisions"}],"predecessor-version":[{"id":4060,"href":"https:\/\/www.lidl-kochen.de\/kochideen\/wp-json\/wp\/v2\/posts\/4056\/revisions\/4060"}],"wp:featuredmedia":[{"embeddable":true,"href":"https:\/\/www.lidl-kochen.de\/kochideen\/wp-json\/wp\/v2\/media\/4057"}],"wp:attachment":[{"href":"https:\/\/www.lidl-kochen.de\/kochideen\/wp-json\/wp\/v2\/media?parent=4056"}],"wp:term":[{"taxonomy":"category","embeddable":true,"href":"https:\/\/www.lidl-kochen.de\/kochideen\/wp-json\/wp\/v2\/categories?post=4056"},{"taxonomy":"post_tag","embeddable":true,"href":"https:\/\/www.lidl-kochen.de\/kochideen\/wp-json\/wp\/v2\/tags?post=4056"},{"taxonomy":"schlagworte","embeddable":true,"href":"https:\/\/www.lidl-kochen.de\/kochideen\/wp-json\/wp\/v2\/schlagworte?post=4056"}],"curies":[{"name":"wp","href":"https:\/\/api.w.org\/{rel}","templated":true}]}}