{"id":3927,"date":"2022-01-07T17:38:11","date_gmt":"2022-01-07T17:38:11","guid":{"rendered":"https:\/\/www.lidl-kochen.de\/kochideen\/?p=3927"},"modified":"2024-01-17T14:00:03","modified_gmt":"2024-01-17T13:00:03","slug":"wie-lagert-man-kartoffeln-optimal","status":"publish","type":"post","link":"https:\/\/www.lidl-kochen.de\/kochideen\/wie-lagert-man-kartoffeln-optimal\/","title":{"rendered":"Wie lagert man Kartoffeln optimal?"},"content":{"rendered":"\n<p>Kartoffeln geh\u00f6ren zu den Lebensmitteln, die in der Regel gern \u00fcber einen l\u00e4ngeren Zeitraum gelagert werden. Oft werden sie in gr\u00f6\u00dferen Mengen gekauft, um dann nach und nach zubereitet und entsprechend aufgebraucht zu werden.<\/p>\n\n\n\n<p>Die gute Nachricht ist, dass sich die Erd\u00e4pfel ganz leicht lagern und so noch l\u00e4nger haltbar machen lassen. Wer hier Kompromisse eingeht, riskiert, dass die Kartoffeln keimen und \u2013 manchmal schon nach kurzer Zeit \u2013 gr\u00fcne Stellen aufweisen. Genau das gilt es nat\u00fcrlich, zu vermeiden.<\/p>\n\n\n\n<p>Die folgenden Abschnitte zeigen auf, wie einfach Kartoffeln gelagert werden k\u00f6nnen und worauf geachtet werden sollte.<\/p>\n\n\n\n<h2 class=\"wp-block-heading\" id=\"besonders-wichtig-kartoffeln-sollten-vor-licht-und-warme-geschutzt-werden\">Besonders wichtig: Kartoffeln sollten vor Licht und W\u00e4rme gesch\u00fctzt werden<\/h2>\n\n\n\n<p>Es gibt zwei Einfl\u00fcsse, die daf\u00fcr sorgen k\u00f6nnen, dass Kartoffeln schnell keimen: Licht und W\u00e4rme. Dementsprechend gilt es, die Erd\u00e4pfel genau hiervor zu sch\u00fctzen. Immerhin sind besagte Keime nicht nur nicht genie\u00dfbar, sondern auch daf\u00fcr verantwortlich, dass der Kartoffel N\u00e4hrstoffe entzogen werden.<\/p>\n\n\n\n<p>Dies zeigt sich oft auch \u00e4u\u00dferlich und zwar nicht nur an den Keimen selbst, sondern auch daran, dass die betroffene Kartoffel eher weich und geschmacksarm daherkommt. Zudem bilden die Keime auch Giftstoffe, die sich negativ auf die Gesundheit auswirken.<\/p>\n\n\n\n<p>Wer hier eine lange Haltbarkeit gew\u00e4hrleisten m\u00f6chte, sollte seine Erd\u00e4pfel daher in jedem Fall an einem dunklen und k\u00fchlen Ort lagern. Viele setzen hier auf den Keller. Doch keine Sorge! Auch diejenigen, die keinen Keller zur Verf\u00fcgung haben, k\u00f6nne Kartoffeln korrekt lagern. Die folgenden Punkte zeigen auf, wie es geht!<\/p>\n\n\n\t\t<div data-elementor-type=\"section\" data-elementor-id=\"426\" class=\"elementor elementor-426\" data-elementor-post-type=\"elementor_library\">\n\t\t\t\t\t<section class=\"elementor-section elementor-top-section elementor-element elementor-element-5a19f4f elementor-section-full_width elementor-section-height-default elementor-section-height-default\" data-id=\"5a19f4f\" data-element_type=\"section\" data-e-type=\"section\" data-settings=\"{&quot;jet_parallax_layout_list&quot;:[{&quot;jet_parallax_layout_image&quot;:{&quot;url&quot;:&quot;&quot;,&quot;id&quot;:&quot;&quot;,&quot;size&quot;:&quot;&quot;},&quot;_id&quot;:&quot;72f4053&quot;,&quot;jet_parallax_layout_image_tablet&quot;:{&quot;url&quot;:&quot;&quot;,&quot;id&quot;:&quot;&quot;,&quot;size&quot;:&quot;&quot;},&quot;jet_parallax_layout_image_mobile&quot;:{&quot;url&quot;:&quot;&quot;,&quot;id&quot;:&quot;&quot;,&quot;size&quot;:&quot;&quot;},&quot;jet_parallax_layout_speed&quot;:{&quot;unit&quot;:&quot;%&quot;,&quot;size&quot;:50,&quot;sizes&quot;:[]},&quot;jet_parallax_layout_type&quot;:&quot;scroll&quot;,&quot;jet_parallax_layout_direction&quot;:&quot;1&quot;,&quot;jet_parallax_layout_fx_direction&quot;:null,&quot;jet_parallax_layout_z_index&quot;:&quot;&quot;,&quot;jet_parallax_layout_bg_x&quot;:50,&quot;jet_parallax_layout_bg_x_tablet&quot;:&quot;&quot;,&quot;jet_parallax_layout_bg_x_mobile&quot;:&quot;&quot;,&quot;jet_parallax_layout_bg_y&quot;:50,&quot;jet_parallax_layout_bg_y_tablet&quot;:&quot;&quot;,&quot;jet_parallax_layout_bg_y_mobile&quot;:&quot;&quot;,&quot;jet_parallax_layout_bg_size&quot;:&quot;auto&quot;,&quot;jet_parallax_layout_bg_size_tablet&quot;:&quot;&quot;,&quot;jet_parallax_layout_bg_size_mobile&quot;:&quot;&quot;,&quot;jet_parallax_layout_animation_prop&quot;:&quot;transform&quot;,&quot;jet_parallax_layout_on&quot;:[&quot;desktop&quot;,&quot;tablet&quot;]}]}\">\n\t\t\t\t\t\t<div class=\"elementor-container elementor-column-gap-default\">\n\t\t\t\t\t<div class=\"elementor-column elementor-col-100 elementor-top-column elementor-element elementor-element-b1cd5c3\" data-id=\"b1cd5c3\" data-element_type=\"column\" data-e-type=\"column\" data-settings=\"{&quot;background_background&quot;:&quot;classic&quot;,&quot;_ob_teleporter_use&quot;:false}\">\n\t\t\t<div class=\"elementor-widget-wrap elementor-element-populated\">\n\t\t\t\t\t\t<div class=\"elementor-element elementor-element-cc19aec elementor-widget elementor-widget-jet-listing-grid\" data-id=\"cc19aec\" data-element_type=\"widget\" data-e-type=\"widget\" data-settings=\"{&quot;columns&quot;:&quot;2&quot;,&quot;columns_tablet&quot;:&quot;2&quot;,&quot;columns_mobile&quot;:&quot;1&quot;}\" data-widget_type=\"jet-listing-grid.default\">\n\t\t\t\t<div class=\"elementor-widget-container\">\n\t\t\t\t\t<div class=\"jet-listing-grid jet-listing\"><div class=\"jet-listing-grid__items grid-col-desk-2 grid-col-tablet-2 grid-col-mobile-1 jet-listing-grid--344\" data-queried-id=\"3927|WP_Post\" data-nav=\"{&quot;enabled&quot;:false,&quot;type&quot;:null,&quot;more_el&quot;:null,&quot;query&quot;:[],&quot;widget_settings&quot;:{&quot;lisitng_id&quot;:344,&quot;posts_num&quot;:2,&quot;columns&quot;:2,&quot;columns_tablet&quot;:2,&quot;columns_mobile&quot;:1,&quot;column_min_width&quot;:240,&quot;column_min_width_tablet&quot;:240,&quot;column_min_width_mobile&quot;:240,&quot;inline_columns_css&quot;:false,&quot;is_archive_template&quot;:&quot;&quot;,&quot;post_status&quot;:[&quot;publish&quot;],&quot;use_random_posts_num&quot;:&quot;&quot;,&quot;max_posts_num&quot;:9,&quot;not_found_message&quot;:&quot;No data was found&quot;,&quot;is_masonry&quot;:false,&quot;equal_columns_height&quot;:&quot;&quot;,&quot;use_load_more&quot;:&quot;&quot;,&quot;load_more_id&quot;:&quot;&quot;,&quot;load_more_type&quot;:&quot;click&quot;,&quot;load_more_offset&quot;:{&quot;unit&quot;:&quot;px&quot;,&quot;size&quot;:0,&quot;sizes&quot;:[]},&quot;use_custom_post_types&quot;:&quot;&quot;,&quot;custom_post_types&quot;:[],&quot;hide_widget_if&quot;:&quot;&quot;,&quot;carousel_enabled&quot;:&quot;&quot;,&quot;slides_to_scroll&quot;:&quot;1&quot;,&quot;arrows&quot;:&quot;true&quot;,&quot;arrow_icon&quot;:&quot;fa fa-angle-left&quot;,&quot;dots&quot;:&quot;&quot;,&quot;autoplay&quot;:&quot;true&quot;,&quot;pause_on_hover&quot;:&quot;true&quot;,&quot;autoplay_speed&quot;:5000,&quot;infinite&quot;:&quot;true&quot;,&quot;center_mode&quot;:&quot;&quot;,&quot;effect&quot;:&quot;slide&quot;,&quot;speed&quot;:500,&quot;inject_alternative_items&quot;:&quot;&quot;,&quot;injection_items&quot;:[],&quot;scroll_slider_enabled&quot;:&quot;&quot;,&quot;scroll_slider_on&quot;:[&quot;desktop&quot;,&quot;tablet&quot;,&quot;mobile&quot;],&quot;custom_query&quot;:false,&quot;custom_query_id&quot;:&quot;&quot;,&quot;_element_id&quot;:&quot;&quot;,&quot;collapse_first_last_gap&quot;:false,&quot;list_tag_selection&quot;:&quot;&quot;,&quot;list_items_wrapper_tag&quot;:&quot;div&quot;,&quot;list_item_tag&quot;:&quot;div&quot;,&quot;empty_items_wrapper_tag&quot;:&quot;div&quot;}}\" data-page=\"1\" data-pages=\"25\" data-listing-source=\"posts\" data-listing-id=\"344\" data-query-id=\"\"><div class=\"jet-listing-grid__item jet-listing-dynamic-post-1324\" data-post-id=\"1324\"  ><div class=\"jet-engine-listing-overlay-wrap\" data-url=\"https:\/\/www.lidl.de\/de\/ernesto-keramikmesser-mit-abstellfunktion-schutzhuelle\/p368831?utm_source=lk_magazin&amp;utm_medium=produkt&amp;utm_campaign=magazin\">\t\t<div data-elementor-type=\"jet-listing-items\" data-elementor-id=\"344\" class=\"elementor elementor-344\" data-elementor-post-type=\"jet-engine\">\n\t\t\t\t\t\t<section class=\"elementor-section elementor-top-section elementor-element elementor-element-415e7b0 elementor-section-boxed elementor-section-height-default elementor-section-height-default\" data-id=\"415e7b0\" data-element_type=\"section\" data-e-type=\"section\" data-settings=\"{&quot;jet_parallax_layout_list&quot;:[{&quot;jet_parallax_layout_image&quot;:{&quot;url&quot;:&quot;&quot;,&quot;id&quot;:&quot;&quot;,&quot;size&quot;:&quot;&quot;},&quot;_id&quot;:&quot;46433ef&quot;,&quot;jet_parallax_layout_image_tablet&quot;:{&quot;url&quot;:&quot;&quot;,&quot;id&quot;:&quot;&quot;,&quot;size&quot;:&quot;&quot;},&quot;jet_parallax_layout_image_mobile&quot;:{&quot;url&quot;:&quot;&quot;,&quot;id&quot;:&quot;&quot;,&quot;size&quot;:&quot;&quot;},&quot;jet_parallax_layout_speed&quot;:{&quot;unit&quot;:&quot;%&quot;,&quot;size&quot;:50,&quot;sizes&quot;:[]},&quot;jet_parallax_layout_type&quot;:&quot;scroll&quot;,&quot;jet_parallax_layout_direction&quot;:&quot;1&quot;,&quot;jet_parallax_layout_fx_direction&quot;:null,&quot;jet_parallax_layout_z_index&quot;:&quot;&quot;,&quot;jet_parallax_layout_bg_x&quot;:50,&quot;jet_parallax_layout_bg_x_tablet&quot;:&quot;&quot;,&quot;jet_parallax_layout_bg_x_mobile&quot;:&quot;&quot;,&quot;jet_parallax_layout_bg_y&quot;:50,&quot;jet_parallax_layout_bg_y_tablet&quot;:&quot;&quot;,&quot;jet_parallax_layout_bg_y_mobile&quot;:&quot;&quot;,&quot;jet_parallax_layout_bg_size&quot;:&quot;auto&quot;,&quot;jet_parallax_layout_bg_size_tablet&quot;:&quot;&quot;,&quot;jet_parallax_layout_bg_size_mobile&quot;:&quot;&quot;,&quot;jet_parallax_layout_animation_prop&quot;:&quot;transform&quot;,&quot;jet_parallax_layout_on&quot;:[&quot;desktop&quot;,&quot;tablet&quot;]}]}\">\n\t\t\t\t\t\t<div class=\"elementor-container elementor-column-gap-default\">\n\t\t\t\t\t<div class=\"elementor-column elementor-col-100 elementor-top-column elementor-element elementor-element-fb36579\" data-id=\"fb36579\" data-element_type=\"column\" data-e-type=\"column\">\n\t\t\t<div class=\"elementor-widget-wrap elementor-element-populated\">\n\t\t\t\t\t\t<section class=\"elementor-section elementor-inner-section elementor-element elementor-element-3470411 elementor-section-boxed elementor-section-height-default elementor-section-height-default\" data-id=\"3470411\" data-element_type=\"section\" data-e-type=\"section\" data-settings=\"{&quot;jet_parallax_layout_list&quot;:[{&quot;jet_parallax_layout_image&quot;:{&quot;url&quot;:&quot;&quot;,&quot;id&quot;:&quot;&quot;,&quot;size&quot;:&quot;&quot;},&quot;_id&quot;:&quot;bd0bd24&quot;,&quot;jet_parallax_layout_image_tablet&quot;:{&quot;url&quot;:&quot;&quot;,&quot;id&quot;:&quot;&quot;,&quot;size&quot;:&quot;&quot;},&quot;jet_parallax_layout_image_mobile&quot;:{&quot;url&quot;:&quot;&quot;,&quot;id&quot;:&quot;&quot;,&quot;size&quot;:&quot;&quot;},&quot;jet_parallax_layout_speed&quot;:{&quot;unit&quot;:&quot;%&quot;,&quot;size&quot;:50,&quot;sizes&quot;:[]},&quot;jet_parallax_layout_type&quot;:&quot;scroll&quot;,&quot;jet_parallax_layout_direction&quot;:&quot;1&quot;,&quot;jet_parallax_layout_fx_direction&quot;:null,&quot;jet_parallax_layout_z_index&quot;:&quot;&quot;,&quot;jet_parallax_layout_bg_x&quot;:50,&quot;jet_parallax_layout_bg_x_tablet&quot;:&quot;&quot;,&quot;jet_parallax_layout_bg_x_mobile&quot;:&quot;&quot;,&quot;jet_parallax_layout_bg_y&quot;:50,&quot;jet_parallax_layout_bg_y_tablet&quot;:&quot;&quot;,&quot;jet_parallax_layout_bg_y_mobile&quot;:&quot;&quot;,&quot;jet_parallax_layout_bg_size&quot;:&quot;auto&quot;,&quot;jet_parallax_layout_bg_size_tablet&quot;:&quot;&quot;,&quot;jet_parallax_layout_bg_size_mobile&quot;:&quot;&quot;,&quot;jet_parallax_layout_animation_prop&quot;:&quot;transform&quot;,&quot;jet_parallax_layout_on&quot;:[&quot;desktop&quot;,&quot;tablet&quot;]}],&quot;background_background&quot;:&quot;classic&quot;}\">\n\t\t\t\t\t\t<div class=\"elementor-container elementor-column-gap-default\">\n\t\t\t\t\t<div class=\"elementor-column elementor-col-100 elementor-inner-column elementor-element elementor-element-7bf52b0\" data-id=\"7bf52b0\" data-element_type=\"column\" data-e-type=\"column\" data-settings=\"{&quot;_ob_teleporter_use&quot;:false}\">\n\t\t\t<div class=\"elementor-widget-wrap elementor-element-populated\">\n\t\t\t\t\t\t<div class=\"elementor-element elementor-element-bd9459e elementor-widget elementor-widget-heading\" data-id=\"bd9459e\" data-element_type=\"widget\" data-e-type=\"widget\" data-widget_type=\"heading.default\">\n\t\t\t\t<div class=\"elementor-widget-container\">\n\t\t\t\t\t<div class=\"elementor-heading-title elementor-size-default\">ERNESTO\u00ae Keramikmesser, mit Abstellfunktion, Schutzh\u00fclle<\/div>\t\t\t\t<\/div>\n\t\t\t\t<\/div>\n\t\t\t\t<div class=\"elementor-element elementor-element-7e00b57 elementor-widget elementor-widget-image\" data-id=\"7e00b57\" data-element_type=\"widget\" data-e-type=\"widget\" data-widget_type=\"image.default\">\n\t\t\t\t<div class=\"elementor-widget-container\">\n\t\t\t\t\t\t\t\t\t\t\t\t\t\t\t<img fetchpriority=\"high\" decoding=\"async\" width=\"772\" height=\"579\" src=\"https:\/\/www.lidl-kochen.de\/kochideen\/wp-content\/uploads\/2021\/02\/ernesto-keramikmesser-mit-abstellfunktion-schutzhuelle.jpg\" class=\"attachment-large size-large wp-image-1325\" alt=\"ERNESTO\u00ae Keramikmesser, mit Abstellfunktion, Schutzh\u00fclle\" srcset=\"https:\/\/www.lidl-kochen.de\/kochideen\/wp-content\/uploads\/2021\/02\/ernesto-keramikmesser-mit-abstellfunktion-schutzhuelle.jpg 772w, https:\/\/www.lidl-kochen.de\/kochideen\/wp-content\/uploads\/2021\/02\/ernesto-keramikmesser-mit-abstellfunktion-schutzhuelle-300x225.jpg 300w, https:\/\/www.lidl-kochen.de\/kochideen\/wp-content\/uploads\/2021\/02\/ernesto-keramikmesser-mit-abstellfunktion-schutzhuelle-768x576.jpg 768w\" sizes=\"(max-width: 772px) 100vw, 772px\" \/>\t\t\t\t\t\t\t\t\t\t\t\t\t\t\t<\/div>\n\t\t\t\t<\/div>\n\t\t\t\t\t<\/div>\n\t\t<\/div>\n\t\t\t\t\t<\/div>\n\t\t<\/section>\n\t\t\t\t<div class=\"elementor-element elementor-element-537d953 elementor-widget elementor-widget-heading\" data-id=\"537d953\" data-element_type=\"widget\" data-e-type=\"widget\" data-widget_type=\"heading.default\">\n\t\t\t\t<div class=\"elementor-widget-container\">\n\t\t\t\t\t<div class=\"elementor-heading-title elementor-size-default\"><a href=\"https:\/\/www.lidl.de\/de\/ernesto-keramikmesser-mit-abstellfunktion-schutzhuelle\/p368831?utm_source=lk_magazin&#038;utm_medium=produkt&#038;utm_campaign=magazin\">Im Shop Ansehen<\/a><\/div>\t\t\t\t<\/div>\n\t\t\t\t<\/div>\n\t\t\t\t\t<\/div>\n\t\t<\/div>\n\t\t\t\t\t<\/div>\n\t\t<\/section>\n\t\t\t\t<\/div>\n\t\t<a href=\"https:\/\/www.lidl.de\/de\/ernesto-keramikmesser-mit-abstellfunktion-schutzhuelle\/p368831?utm_source=lk_magazin&amp;utm_medium=produkt&amp;utm_campaign=magazin\" class=\"jet-engine-listing-overlay-link\"><\/a><\/div><\/div><div class=\"jet-listing-grid__item jet-listing-dynamic-post-2615\" data-post-id=\"2615\"  ><div class=\"jet-engine-listing-overlay-wrap\" data-url=\"https:\/\/www.lidl.de\/h\/toepfe-pfannen\/h10006218?utm_source=lk_magazin&amp;utm_medium=produkt&amp;utm_campaign=magazin\">\t\t<div data-elementor-type=\"jet-listing-items\" data-elementor-id=\"344\" class=\"elementor elementor-344\" data-elementor-post-type=\"jet-engine\">\n\t\t\t\t\t\t<section class=\"elementor-section elementor-top-section elementor-element elementor-element-415e7b0 elementor-section-boxed elementor-section-height-default elementor-section-height-default\" data-id=\"415e7b0\" data-element_type=\"section\" data-e-type=\"section\" data-settings=\"{&quot;jet_parallax_layout_list&quot;:[{&quot;jet_parallax_layout_image&quot;:{&quot;url&quot;:&quot;&quot;,&quot;id&quot;:&quot;&quot;,&quot;size&quot;:&quot;&quot;},&quot;_id&quot;:&quot;46433ef&quot;,&quot;jet_parallax_layout_image_tablet&quot;:{&quot;url&quot;:&quot;&quot;,&quot;id&quot;:&quot;&quot;,&quot;size&quot;:&quot;&quot;},&quot;jet_parallax_layout_image_mobile&quot;:{&quot;url&quot;:&quot;&quot;,&quot;id&quot;:&quot;&quot;,&quot;size&quot;:&quot;&quot;},&quot;jet_parallax_layout_speed&quot;:{&quot;unit&quot;:&quot;%&quot;,&quot;size&quot;:50,&quot;sizes&quot;:[]},&quot;jet_parallax_layout_type&quot;:&quot;scroll&quot;,&quot;jet_parallax_layout_direction&quot;:&quot;1&quot;,&quot;jet_parallax_layout_fx_direction&quot;:null,&quot;jet_parallax_layout_z_index&quot;:&quot;&quot;,&quot;jet_parallax_layout_bg_x&quot;:50,&quot;jet_parallax_layout_bg_x_tablet&quot;:&quot;&quot;,&quot;jet_parallax_layout_bg_x_mobile&quot;:&quot;&quot;,&quot;jet_parallax_layout_bg_y&quot;:50,&quot;jet_parallax_layout_bg_y_tablet&quot;:&quot;&quot;,&quot;jet_parallax_layout_bg_y_mobile&quot;:&quot;&quot;,&quot;jet_parallax_layout_bg_size&quot;:&quot;auto&quot;,&quot;jet_parallax_layout_bg_size_tablet&quot;:&quot;&quot;,&quot;jet_parallax_layout_bg_size_mobile&quot;:&quot;&quot;,&quot;jet_parallax_layout_animation_prop&quot;:&quot;transform&quot;,&quot;jet_parallax_layout_on&quot;:[&quot;desktop&quot;,&quot;tablet&quot;]}]}\">\n\t\t\t\t\t\t<div class=\"elementor-container elementor-column-gap-default\">\n\t\t\t\t\t<div class=\"elementor-column elementor-col-100 elementor-top-column elementor-element elementor-element-fb36579\" data-id=\"fb36579\" data-element_type=\"column\" data-e-type=\"column\">\n\t\t\t<div class=\"elementor-widget-wrap elementor-element-populated\">\n\t\t\t\t\t\t<section class=\"elementor-section elementor-inner-section elementor-element elementor-element-3470411 elementor-section-boxed elementor-section-height-default elementor-section-height-default\" data-id=\"3470411\" data-element_type=\"section\" data-e-type=\"section\" data-settings=\"{&quot;jet_parallax_layout_list&quot;:[{&quot;jet_parallax_layout_image&quot;:{&quot;url&quot;:&quot;&quot;,&quot;id&quot;:&quot;&quot;,&quot;size&quot;:&quot;&quot;},&quot;_id&quot;:&quot;bd0bd24&quot;,&quot;jet_parallax_layout_image_tablet&quot;:{&quot;url&quot;:&quot;&quot;,&quot;id&quot;:&quot;&quot;,&quot;size&quot;:&quot;&quot;},&quot;jet_parallax_layout_image_mobile&quot;:{&quot;url&quot;:&quot;&quot;,&quot;id&quot;:&quot;&quot;,&quot;size&quot;:&quot;&quot;},&quot;jet_parallax_layout_speed&quot;:{&quot;unit&quot;:&quot;%&quot;,&quot;size&quot;:50,&quot;sizes&quot;:[]},&quot;jet_parallax_layout_type&quot;:&quot;scroll&quot;,&quot;jet_parallax_layout_direction&quot;:&quot;1&quot;,&quot;jet_parallax_layout_fx_direction&quot;:null,&quot;jet_parallax_layout_z_index&quot;:&quot;&quot;,&quot;jet_parallax_layout_bg_x&quot;:50,&quot;jet_parallax_layout_bg_x_tablet&quot;:&quot;&quot;,&quot;jet_parallax_layout_bg_x_mobile&quot;:&quot;&quot;,&quot;jet_parallax_layout_bg_y&quot;:50,&quot;jet_parallax_layout_bg_y_tablet&quot;:&quot;&quot;,&quot;jet_parallax_layout_bg_y_mobile&quot;:&quot;&quot;,&quot;jet_parallax_layout_bg_size&quot;:&quot;auto&quot;,&quot;jet_parallax_layout_bg_size_tablet&quot;:&quot;&quot;,&quot;jet_parallax_layout_bg_size_mobile&quot;:&quot;&quot;,&quot;jet_parallax_layout_animation_prop&quot;:&quot;transform&quot;,&quot;jet_parallax_layout_on&quot;:[&quot;desktop&quot;,&quot;tablet&quot;]}],&quot;background_background&quot;:&quot;classic&quot;}\">\n\t\t\t\t\t\t<div class=\"elementor-container elementor-column-gap-default\">\n\t\t\t\t\t<div class=\"elementor-column elementor-col-100 elementor-inner-column elementor-element elementor-element-7bf52b0\" data-id=\"7bf52b0\" data-element_type=\"column\" data-e-type=\"column\" data-settings=\"{&quot;_ob_teleporter_use&quot;:false}\">\n\t\t\t<div class=\"elementor-widget-wrap elementor-element-populated\">\n\t\t\t\t\t\t<div class=\"elementor-element elementor-element-bd9459e elementor-widget elementor-widget-heading\" data-id=\"bd9459e\" data-element_type=\"widget\" data-e-type=\"widget\" data-widget_type=\"heading.default\">\n\t\t\t\t<div class=\"elementor-widget-container\">\n\t\t\t\t\t<div class=\"elementor-heading-title elementor-size-default\">T\u00f6pfe<\/div>\t\t\t\t<\/div>\n\t\t\t\t<\/div>\n\t\t\t\t<div class=\"elementor-element elementor-element-7e00b57 elementor-widget elementor-widget-image\" data-id=\"7e00b57\" data-element_type=\"widget\" data-e-type=\"widget\" data-widget_type=\"image.default\">\n\t\t\t\t<div class=\"elementor-widget-container\">\n\t\t\t\t\t\t\t\t\t\t\t\t\t\t\t<img decoding=\"async\" width=\"800\" height=\"600\" src=\"https:\/\/www.lidl-kochen.de\/kochideen\/wp-content\/uploads\/2021\/04\/toepfepfannen-1024x768.webp\" class=\"attachment-large size-large wp-image-5498\" alt=\"\" srcset=\"https:\/\/www.lidl-kochen.de\/kochideen\/wp-content\/uploads\/2021\/04\/toepfepfannen-1024x768.webp 1024w, https:\/\/www.lidl-kochen.de\/kochideen\/wp-content\/uploads\/2021\/04\/toepfepfannen-300x225.webp 300w, https:\/\/www.lidl-kochen.de\/kochideen\/wp-content\/uploads\/2021\/04\/toepfepfannen-768x576.webp 768w, https:\/\/www.lidl-kochen.de\/kochideen\/wp-content\/uploads\/2021\/04\/toepfepfannen.webp 1500w\" sizes=\"(max-width: 800px) 100vw, 800px\" \/>\t\t\t\t\t\t\t\t\t\t\t\t\t\t\t<\/div>\n\t\t\t\t<\/div>\n\t\t\t\t\t<\/div>\n\t\t<\/div>\n\t\t\t\t\t<\/div>\n\t\t<\/section>\n\t\t\t\t<div class=\"elementor-element elementor-element-537d953 elementor-widget elementor-widget-heading\" data-id=\"537d953\" data-element_type=\"widget\" data-e-type=\"widget\" data-widget_type=\"heading.default\">\n\t\t\t\t<div class=\"elementor-widget-container\">\n\t\t\t\t\t<div class=\"elementor-heading-title elementor-size-default\"><a href=\"https:\/\/www.lidl.de\/h\/toepfe-pfannen\/h10006218?utm_source=lk_magazin&#038;utm_medium=produkt&#038;utm_campaign=magazin\">Im Shop Ansehen<\/a><\/div>\t\t\t\t<\/div>\n\t\t\t\t<\/div>\n\t\t\t\t\t<\/div>\n\t\t<\/div>\n\t\t\t\t\t<\/div>\n\t\t<\/section>\n\t\t\t\t<\/div>\n\t\t<a href=\"https:\/\/www.lidl.de\/h\/toepfe-pfannen\/h10006218?utm_source=lk_magazin&amp;utm_medium=produkt&amp;utm_campaign=magazin\" class=\"jet-engine-listing-overlay-link\"><\/a><\/div><\/div><\/div><\/div>\t\t\t\t<\/div>\n\t\t\t\t<\/div>\n\t\t\t\t\t<\/div>\n\t\t<\/div>\n\t\t\t\t\t<\/div>\n\t\t<\/section>\n\t\t\t\t<\/div>\n\t\t\n\n\n\n<h2 class=\"wp-block-heading\" id=\"kartoffeln-richtig-lagern-so-kann-die-basis-fur-eine-lange-haltbarkeit-geschaffen-werden\">Kartoffeln richtig lagern \u2013 so kann die Basis f\u00fcr eine lange Haltbarkeit geschaffen werden<\/h2>\n\n\n\n<p>Um Kartoffeln \u2013 im Idealfall \u2013 \u00fcber mehrere Monate haltbar zu machen, ist es ratsam, auf die folgenden Punkte zu achten:<\/p>\n\n\n\n<ul class=\"wp-block-list\"><li>Kartoffeln f\u00fchlen sich vor allem an dunklen Orten wohl. Wer keinen Keller oder keine Speisekammer sein Eigen nennt, kann die Erd\u00e4pfel auch in einem Leinenbeutel aufbewahren und diesen an einem k\u00fchlen Ort (im Idealfall unter 10\u00b0C) lagern. Doch Vorsicht! Wird es zu kalt, wird mitunter der Geschmack der Knollen negativ beeinflusst. Daher sollten Kartoffeln nicht im Tiefk\u00fchlfach gelagert werden.<\/li><li>Kartoffeln k\u00f6nnen nicht nur keimen, sondern auch schimmeln. Besonders \u00e4rgerlich: eine geschimmelte Knolle kann daf\u00fcr sorgen, dass der komplette Beutel weggeworfen werden muss. Daher sollte immer daf\u00fcr gesorgt werden, dass die Kartoffeln trocken bleiben. Eine lockere Aufschichtung sorgt daf\u00fcr, dass \u2013 im Idealfall \u2013 jede Kartoffel mit ausreichend Luft versorgt wird. Um diesen Effekt noch weiter zu optimieren, bietet es sich an, hin und wieder \u201eumzuschichten\u201c und die Kartoffeln, die urspr\u00fcnglich unten lagen, nach oben zu holen.<\/li><li>Trotz einer vorbildlichen Lagerung kann es nat\u00fcrlich sein, dass sich Triebe bilden. Daher ist es wichtig, die Kartoffeln in regelm\u00e4\u00dfigen Abst\u00e4nden zu kontrollieren und so herauszufinden, welche Knollen als erstes verarbeitet werden m\u00fcssen. Auch Kartoffeln, deren Schale besch\u00e4digt wurde, sollten im Idealfall schnell auf dem Teller landen.<\/li><\/ul>\n\n\n\n<p>Hierbei gilt es nat\u00fcrlich auch, keine Kompromisse einzugehen. Erd\u00e4pfel, die geschimmelt oder verfault sind, m\u00fcssen selbstverst\u00e4ndlich entsorgt werden.<\/p>\n\n\n\n<ul class=\"wp-block-list\"><li>Kartoffeln sollten immer m\u00f6glichst \u201eallein\u201c und \u201eunter sich\u201c gelagert werden. Ansonsten kann es sein, dass sie deutlich k\u00fcrzer als gew\u00f6hnlich haltbar sind. Besonders riskant ist in diesem Zusammenhang das Lagern zusammen mit verschiedenen Obstsorten.<\/li><\/ul>\n\n\n\n<h2 class=\"wp-block-heading\" id=\"wie-lange-sind-kartoffeln-haltbar\">Wie lange sind Kartoffeln haltbar?<\/h2>\n\n\n\n<p>Viele werden sich daran erinnern, dass der regelm\u00e4\u00dfige Gang zum Kartoffelberg im Keller fr\u00fcher zum Standard geh\u00f6rte. Oft wurde hier kiloweise auf Vorrat gekauft. Kein Wunder! Immerhin sind Erd\u00e4pfel, wenn sie:<\/p>\n\n\n\n<ul class=\"wp-block-list\"><li>trocken<\/li><li>k\u00fchl<\/li><li>allein f\u00fcr sich<\/li><li>regelm\u00e4\u00dfig kontrolliert und nach Alter verbraucht werden<\/li><\/ul>\n\n\n\n<p>oft \u00fcber mehrere Monate haltbar. Gleichzeitig ist es nat\u00fcrlich auch sinnvoll, immer die eigenen Platzverh\u00e4ltnisse und die individuellen Essensgewohnheiten zu ber\u00fccksichtigen. Wer beispielsweise wenig Lagerfl\u00e4che zur Verf\u00fcgung hat und ohnehin nur einmal in der Woche Kartoffeln isst, kann selbstverst\u00e4ndlich auch von Vornherein auf kleinere Verpackungseinheiten setzen.<\/p>\n","protected":false},"excerpt":{"rendered":"<p>Kartoffeln geh\u00f6ren zu den Lebensmitteln, die in der Regel gern \u00fcber einen l\u00e4ngeren Zeitraum gelagert werden. Oft werden sie in gr\u00f6\u00dferen Mengen gekauft, um dann nach und nach zubereitet und entsprechend aufgebraucht zu werden.<\/p>\n","protected":false},"author":13,"featured_media":3937,"comment_status":"closed","ping_status":"open","sticky":false,"template":"","format":"standard","meta":{"_acf_changed":false,"footnotes":""},"categories":[27],"tags":[275,287],"schlagworte":[],"class_list":["post-3927","post","type-post","status-publish","format-standard","has-post-thumbnail","hentry","category-koch-und-kuechenwissen","tag-gesund","tag-kartoffel"],"acf":[],"yoast_head":"<!-- This site is optimized with the Yoast SEO plugin v27.4 - https:\/\/yoast.com\/product\/yoast-seo-wordpress\/ -->\n<title>Kartoffeln richtig lagern und aufbewahren | Lidl Kochen Magazin<\/title>\n<meta name=\"description\" content=\"Kartoffeln geh\u00f6ren zu den Lebensmitteln, die gerne \u00fcber einen l\u00e4ngeren Zeitraum gelagert werden. \u25b6 Erfahre hier, wie man sie richtig lagert!\" \/>\n<meta name=\"robots\" content=\"index, follow, max-snippet:-1, max-image-preview:large, max-video-preview:-1\" \/>\n<link rel=\"canonical\" href=\"https:\/\/www.lidl-kochen.de\/kochideen\/wie-lagert-man-kartoffeln-optimal\/\" \/>\n<meta property=\"og:locale\" content=\"de_DE\" \/>\n<meta property=\"og:type\" content=\"article\" \/>\n<meta property=\"og:title\" content=\"Kartoffeln richtig lagern und aufbewahren | Lidl Kochen Magazin\" \/>\n<meta property=\"og:description\" content=\"Kartoffeln geh\u00f6ren zu den Lebensmitteln, die gerne \u00fcber einen l\u00e4ngeren Zeitraum gelagert werden. \u25b6 Erfahre hier, wie man sie richtig lagert!\" \/>\n<meta property=\"og:url\" content=\"https:\/\/www.lidl-kochen.de\/kochideen\/wie-lagert-man-kartoffeln-optimal\/\" \/>\n<meta property=\"og:site_name\" content=\"Lidl Kochen Magazin\" \/>\n<meta property=\"article:published_time\" content=\"2022-01-07T17:38:11+00:00\" \/>\n<meta property=\"article:modified_time\" content=\"2024-01-17T13:00:03+00:00\" \/>\n<meta property=\"og:image\" content=\"https:\/\/www.lidl-kochen.de\/kochideen\/wp-content\/uploads\/2022\/01\/AdobeStock_114722637.jpeg\" \/>\n\t<meta property=\"og:image:width\" content=\"1024\" \/>\n\t<meta property=\"og:image:height\" content=\"683\" \/>\n\t<meta property=\"og:image:type\" content=\"image\/jpeg\" \/>\n<meta name=\"author\" content=\"Anna Loraine Hartmann\" \/>\n<meta name=\"twitter:card\" content=\"summary_large_image\" \/>\n<meta name=\"twitter:label1\" content=\"Verfasst von\" \/>\n\t<meta name=\"twitter:data1\" content=\"Anna Loraine Hartmann\" \/>\n\t<meta name=\"twitter:label2\" content=\"Gesch\u00e4tzte Lesezeit\" \/>\n\t<meta name=\"twitter:data2\" content=\"4\u00a0Minuten\" \/>\n<script type=\"application\/ld+json\" class=\"yoast-schema-graph\">{\"@context\":\"https:\\\/\\\/schema.org\",\"@graph\":[{\"@type\":\"Article\",\"@id\":\"https:\\\/\\\/www.lidl-kochen.de\\\/kochideen\\\/wie-lagert-man-kartoffeln-optimal\\\/#article\",\"isPartOf\":{\"@id\":\"https:\\\/\\\/www.lidl-kochen.de\\\/kochideen\\\/wie-lagert-man-kartoffeln-optimal\\\/\"},\"author\":{\"name\":\"Anna Loraine Hartmann\",\"@id\":\"https:\\\/\\\/www.lidl-kochen.de\\\/kochideen\\\/#\\\/schema\\\/person\\\/ea897e5ed76af86c2bd8570b3d0bf8a9\"},\"headline\":\"Wie lagert man Kartoffeln optimal?\",\"datePublished\":\"2022-01-07T17:38:11+00:00\",\"dateModified\":\"2024-01-17T13:00:03+00:00\",\"mainEntityOfPage\":{\"@id\":\"https:\\\/\\\/www.lidl-kochen.de\\\/kochideen\\\/wie-lagert-man-kartoffeln-optimal\\\/\"},\"wordCount\":661,\"image\":{\"@id\":\"https:\\\/\\\/www.lidl-kochen.de\\\/kochideen\\\/wie-lagert-man-kartoffeln-optimal\\\/#primaryimage\"},\"thumbnailUrl\":\"https:\\\/\\\/www.lidl-kochen.de\\\/kochideen\\\/wp-content\\\/uploads\\\/2022\\\/01\\\/AdobeStock_114722637.jpeg\",\"keywords\":[\"Gesund\",\"Kartoffel\"],\"articleSection\":[\"Koch- &amp; K\u00fcchenwissen\"],\"inLanguage\":\"de\"},{\"@type\":\"WebPage\",\"@id\":\"https:\\\/\\\/www.lidl-kochen.de\\\/kochideen\\\/wie-lagert-man-kartoffeln-optimal\\\/\",\"url\":\"https:\\\/\\\/www.lidl-kochen.de\\\/kochideen\\\/wie-lagert-man-kartoffeln-optimal\\\/\",\"name\":\"Kartoffeln richtig lagern und aufbewahren | Lidl Kochen Magazin\",\"isPartOf\":{\"@id\":\"https:\\\/\\\/www.lidl-kochen.de\\\/kochideen\\\/#website\"},\"primaryImageOfPage\":{\"@id\":\"https:\\\/\\\/www.lidl-kochen.de\\\/kochideen\\\/wie-lagert-man-kartoffeln-optimal\\\/#primaryimage\"},\"image\":{\"@id\":\"https:\\\/\\\/www.lidl-kochen.de\\\/kochideen\\\/wie-lagert-man-kartoffeln-optimal\\\/#primaryimage\"},\"thumbnailUrl\":\"https:\\\/\\\/www.lidl-kochen.de\\\/kochideen\\\/wp-content\\\/uploads\\\/2022\\\/01\\\/AdobeStock_114722637.jpeg\",\"datePublished\":\"2022-01-07T17:38:11+00:00\",\"dateModified\":\"2024-01-17T13:00:03+00:00\",\"author\":{\"@id\":\"https:\\\/\\\/www.lidl-kochen.de\\\/kochideen\\\/#\\\/schema\\\/person\\\/ea897e5ed76af86c2bd8570b3d0bf8a9\"},\"description\":\"Kartoffeln geh\u00f6ren zu den Lebensmitteln, die gerne \u00fcber einen l\u00e4ngeren Zeitraum gelagert werden. \u25b6 Erfahre hier, wie man sie richtig lagert!\",\"breadcrumb\":{\"@id\":\"https:\\\/\\\/www.lidl-kochen.de\\\/kochideen\\\/wie-lagert-man-kartoffeln-optimal\\\/#breadcrumb\"},\"inLanguage\":\"de\",\"potentialAction\":[{\"@type\":\"ReadAction\",\"target\":[\"https:\\\/\\\/www.lidl-kochen.de\\\/kochideen\\\/wie-lagert-man-kartoffeln-optimal\\\/\"]}]},{\"@type\":\"ImageObject\",\"inLanguage\":\"de\",\"@id\":\"https:\\\/\\\/www.lidl-kochen.de\\\/kochideen\\\/wie-lagert-man-kartoffeln-optimal\\\/#primaryimage\",\"url\":\"https:\\\/\\\/www.lidl-kochen.de\\\/kochideen\\\/wp-content\\\/uploads\\\/2022\\\/01\\\/AdobeStock_114722637.jpeg\",\"contentUrl\":\"https:\\\/\\\/www.lidl-kochen.de\\\/kochideen\\\/wp-content\\\/uploads\\\/2022\\\/01\\\/AdobeStock_114722637.jpeg\",\"width\":1024,\"height\":683,\"caption\":\"Wie lagert man Kartoffeln | Lidl Kochen Magazin\"},{\"@type\":\"BreadcrumbList\",\"@id\":\"https:\\\/\\\/www.lidl-kochen.de\\\/kochideen\\\/wie-lagert-man-kartoffeln-optimal\\\/#breadcrumb\",\"itemListElement\":[{\"@type\":\"ListItem\",\"position\":1,\"name\":\"Startseite\",\"item\":\"https:\\\/\\\/www.lidl-kochen.de\\\/kochideen\\\/\"},{\"@type\":\"ListItem\",\"position\":2,\"name\":\"Wie lagert man Kartoffeln optimal?\"}]},{\"@type\":\"WebSite\",\"@id\":\"https:\\\/\\\/www.lidl-kochen.de\\\/kochideen\\\/#website\",\"url\":\"https:\\\/\\\/www.lidl-kochen.de\\\/kochideen\\\/\",\"name\":\"Lidl Kochen Magazin\",\"description\":\"Das Magazin rund ums Kochen\",\"potentialAction\":[{\"@type\":\"SearchAction\",\"target\":{\"@type\":\"EntryPoint\",\"urlTemplate\":\"https:\\\/\\\/www.lidl-kochen.de\\\/kochideen\\\/?s={search_term_string}\"},\"query-input\":{\"@type\":\"PropertyValueSpecification\",\"valueRequired\":true,\"valueName\":\"search_term_string\"}}],\"inLanguage\":\"de\"},{\"@type\":\"Person\",\"@id\":\"https:\\\/\\\/www.lidl-kochen.de\\\/kochideen\\\/#\\\/schema\\\/person\\\/ea897e5ed76af86c2bd8570b3d0bf8a9\",\"name\":\"Anna Loraine Hartmann\",\"image\":{\"@type\":\"ImageObject\",\"inLanguage\":\"de\",\"@id\":\"https:\\\/\\\/secure.gravatar.com\\\/avatar\\\/0fd5f03ba99d0df2b345928a1360c215de34857da7adee6280fb95b22bbd16cc?s=96&d=mm&r=g\",\"url\":\"https:\\\/\\\/secure.gravatar.com\\\/avatar\\\/0fd5f03ba99d0df2b345928a1360c215de34857da7adee6280fb95b22bbd16cc?s=96&d=mm&r=g\",\"contentUrl\":\"https:\\\/\\\/secure.gravatar.com\\\/avatar\\\/0fd5f03ba99d0df2b345928a1360c215de34857da7adee6280fb95b22bbd16cc?s=96&d=mm&r=g\",\"caption\":\"Anna Loraine Hartmann\"}}]}<\/script>\n<!-- \/ Yoast SEO plugin. -->","yoast_head_json":{"title":"Kartoffeln richtig lagern und aufbewahren | Lidl Kochen Magazin","description":"Kartoffeln geh\u00f6ren zu den Lebensmitteln, die gerne \u00fcber einen l\u00e4ngeren Zeitraum gelagert werden. \u25b6 Erfahre hier, wie man sie richtig lagert!","robots":{"index":"index","follow":"follow","max-snippet":"max-snippet:-1","max-image-preview":"max-image-preview:large","max-video-preview":"max-video-preview:-1"},"canonical":"https:\/\/www.lidl-kochen.de\/kochideen\/wie-lagert-man-kartoffeln-optimal\/","og_locale":"de_DE","og_type":"article","og_title":"Kartoffeln richtig lagern und aufbewahren | Lidl Kochen Magazin","og_description":"Kartoffeln geh\u00f6ren zu den Lebensmitteln, die gerne \u00fcber einen l\u00e4ngeren Zeitraum gelagert werden. \u25b6 Erfahre hier, wie man sie richtig lagert!","og_url":"https:\/\/www.lidl-kochen.de\/kochideen\/wie-lagert-man-kartoffeln-optimal\/","og_site_name":"Lidl Kochen Magazin","article_published_time":"2022-01-07T17:38:11+00:00","article_modified_time":"2024-01-17T13:00:03+00:00","og_image":[{"width":1024,"height":683,"url":"https:\/\/www.lidl-kochen.de\/kochideen\/wp-content\/uploads\/2022\/01\/AdobeStock_114722637.jpeg","type":"image\/jpeg"}],"author":"Anna Loraine Hartmann","twitter_card":"summary_large_image","twitter_misc":{"Verfasst von":"Anna Loraine Hartmann","Gesch\u00e4tzte Lesezeit":"4\u00a0Minuten"},"schema":{"@context":"https:\/\/schema.org","@graph":[{"@type":"Article","@id":"https:\/\/www.lidl-kochen.de\/kochideen\/wie-lagert-man-kartoffeln-optimal\/#article","isPartOf":{"@id":"https:\/\/www.lidl-kochen.de\/kochideen\/wie-lagert-man-kartoffeln-optimal\/"},"author":{"name":"Anna Loraine Hartmann","@id":"https:\/\/www.lidl-kochen.de\/kochideen\/#\/schema\/person\/ea897e5ed76af86c2bd8570b3d0bf8a9"},"headline":"Wie lagert man Kartoffeln optimal?","datePublished":"2022-01-07T17:38:11+00:00","dateModified":"2024-01-17T13:00:03+00:00","mainEntityOfPage":{"@id":"https:\/\/www.lidl-kochen.de\/kochideen\/wie-lagert-man-kartoffeln-optimal\/"},"wordCount":661,"image":{"@id":"https:\/\/www.lidl-kochen.de\/kochideen\/wie-lagert-man-kartoffeln-optimal\/#primaryimage"},"thumbnailUrl":"https:\/\/www.lidl-kochen.de\/kochideen\/wp-content\/uploads\/2022\/01\/AdobeStock_114722637.jpeg","keywords":["Gesund","Kartoffel"],"articleSection":["Koch- &amp; K\u00fcchenwissen"],"inLanguage":"de"},{"@type":"WebPage","@id":"https:\/\/www.lidl-kochen.de\/kochideen\/wie-lagert-man-kartoffeln-optimal\/","url":"https:\/\/www.lidl-kochen.de\/kochideen\/wie-lagert-man-kartoffeln-optimal\/","name":"Kartoffeln richtig lagern und aufbewahren | Lidl Kochen Magazin","isPartOf":{"@id":"https:\/\/www.lidl-kochen.de\/kochideen\/#website"},"primaryImageOfPage":{"@id":"https:\/\/www.lidl-kochen.de\/kochideen\/wie-lagert-man-kartoffeln-optimal\/#primaryimage"},"image":{"@id":"https:\/\/www.lidl-kochen.de\/kochideen\/wie-lagert-man-kartoffeln-optimal\/#primaryimage"},"thumbnailUrl":"https:\/\/www.lidl-kochen.de\/kochideen\/wp-content\/uploads\/2022\/01\/AdobeStock_114722637.jpeg","datePublished":"2022-01-07T17:38:11+00:00","dateModified":"2024-01-17T13:00:03+00:00","author":{"@id":"https:\/\/www.lidl-kochen.de\/kochideen\/#\/schema\/person\/ea897e5ed76af86c2bd8570b3d0bf8a9"},"description":"Kartoffeln geh\u00f6ren zu den Lebensmitteln, die gerne \u00fcber einen l\u00e4ngeren Zeitraum gelagert werden. \u25b6 Erfahre hier, wie man sie richtig lagert!","breadcrumb":{"@id":"https:\/\/www.lidl-kochen.de\/kochideen\/wie-lagert-man-kartoffeln-optimal\/#breadcrumb"},"inLanguage":"de","potentialAction":[{"@type":"ReadAction","target":["https:\/\/www.lidl-kochen.de\/kochideen\/wie-lagert-man-kartoffeln-optimal\/"]}]},{"@type":"ImageObject","inLanguage":"de","@id":"https:\/\/www.lidl-kochen.de\/kochideen\/wie-lagert-man-kartoffeln-optimal\/#primaryimage","url":"https:\/\/www.lidl-kochen.de\/kochideen\/wp-content\/uploads\/2022\/01\/AdobeStock_114722637.jpeg","contentUrl":"https:\/\/www.lidl-kochen.de\/kochideen\/wp-content\/uploads\/2022\/01\/AdobeStock_114722637.jpeg","width":1024,"height":683,"caption":"Wie lagert man Kartoffeln | Lidl Kochen Magazin"},{"@type":"BreadcrumbList","@id":"https:\/\/www.lidl-kochen.de\/kochideen\/wie-lagert-man-kartoffeln-optimal\/#breadcrumb","itemListElement":[{"@type":"ListItem","position":1,"name":"Startseite","item":"https:\/\/www.lidl-kochen.de\/kochideen\/"},{"@type":"ListItem","position":2,"name":"Wie lagert man Kartoffeln optimal?"}]},{"@type":"WebSite","@id":"https:\/\/www.lidl-kochen.de\/kochideen\/#website","url":"https:\/\/www.lidl-kochen.de\/kochideen\/","name":"Lidl Kochen Magazin","description":"Das Magazin rund ums Kochen","potentialAction":[{"@type":"SearchAction","target":{"@type":"EntryPoint","urlTemplate":"https:\/\/www.lidl-kochen.de\/kochideen\/?s={search_term_string}"},"query-input":{"@type":"PropertyValueSpecification","valueRequired":true,"valueName":"search_term_string"}}],"inLanguage":"de"},{"@type":"Person","@id":"https:\/\/www.lidl-kochen.de\/kochideen\/#\/schema\/person\/ea897e5ed76af86c2bd8570b3d0bf8a9","name":"Anna Loraine Hartmann","image":{"@type":"ImageObject","inLanguage":"de","@id":"https:\/\/secure.gravatar.com\/avatar\/0fd5f03ba99d0df2b345928a1360c215de34857da7adee6280fb95b22bbd16cc?s=96&d=mm&r=g","url":"https:\/\/secure.gravatar.com\/avatar\/0fd5f03ba99d0df2b345928a1360c215de34857da7adee6280fb95b22bbd16cc?s=96&d=mm&r=g","contentUrl":"https:\/\/secure.gravatar.com\/avatar\/0fd5f03ba99d0df2b345928a1360c215de34857da7adee6280fb95b22bbd16cc?s=96&d=mm&r=g","caption":"Anna Loraine Hartmann"}}]}},"_links":{"self":[{"href":"https:\/\/www.lidl-kochen.de\/kochideen\/wp-json\/wp\/v2\/posts\/3927","targetHints":{"allow":["GET"]}}],"collection":[{"href":"https:\/\/www.lidl-kochen.de\/kochideen\/wp-json\/wp\/v2\/posts"}],"about":[{"href":"https:\/\/www.lidl-kochen.de\/kochideen\/wp-json\/wp\/v2\/types\/post"}],"author":[{"embeddable":true,"href":"https:\/\/www.lidl-kochen.de\/kochideen\/wp-json\/wp\/v2\/users\/13"}],"replies":[{"embeddable":true,"href":"https:\/\/www.lidl-kochen.de\/kochideen\/wp-json\/wp\/v2\/comments?post=3927"}],"version-history":[{"count":3,"href":"https:\/\/www.lidl-kochen.de\/kochideen\/wp-json\/wp\/v2\/posts\/3927\/revisions"}],"predecessor-version":[{"id":4008,"href":"https:\/\/www.lidl-kochen.de\/kochideen\/wp-json\/wp\/v2\/posts\/3927\/revisions\/4008"}],"wp:featuredmedia":[{"embeddable":true,"href":"https:\/\/www.lidl-kochen.de\/kochideen\/wp-json\/wp\/v2\/media\/3937"}],"wp:attachment":[{"href":"https:\/\/www.lidl-kochen.de\/kochideen\/wp-json\/wp\/v2\/media?parent=3927"}],"wp:term":[{"taxonomy":"category","embeddable":true,"href":"https:\/\/www.lidl-kochen.de\/kochideen\/wp-json\/wp\/v2\/categories?post=3927"},{"taxonomy":"post_tag","embeddable":true,"href":"https:\/\/www.lidl-kochen.de\/kochideen\/wp-json\/wp\/v2\/tags?post=3927"},{"taxonomy":"schlagworte","embeddable":true,"href":"https:\/\/www.lidl-kochen.de\/kochideen\/wp-json\/wp\/v2\/schlagworte?post=3927"}],"curies":[{"name":"wp","href":"https:\/\/api.w.org\/{rel}","templated":true}]}}