{"id":3913,"date":"2021-12-13T07:49:57","date_gmt":"2021-12-13T07:49:57","guid":{"rendered":"https:\/\/www.lidl-kochen.de\/kochideen\/?p=3913"},"modified":"2023-06-20T10:27:40","modified_gmt":"2023-06-20T08:27:40","slug":"traditionen-vorsaetze-neujahr-silvester","status":"publish","type":"post","link":"https:\/\/www.lidl-kochen.de\/kochideen\/traditionen-vorsaetze-neujahr-silvester\/","title":{"rendered":"Traditionen, Vors\u00e4tze und Br\u00e4uche zu Neujahr"},"content":{"rendered":"\n<p>Immer wieder, wenn sich das alte Jahr dem Ende neigt, fangen viele Menschen an, sich mit Traditionen und Br\u00e4uchen auseinanderzusetzen. Besonders interessant wird dieses Thema dann, wenn es darum geht, ein wenig hinter die Fassade zu blicken und nicht nur herauszufinden, DASS, sondern WARUM ein bestimmter Brauch es geschafft hat, sich manchmal \u00fcber Jahrhunderte durchzusetzen.<\/p>\n\n\n\n<p>So unterschiedlich die Br\u00e4uche und Traditionen zum Jahreswechsel auch sein m\u00f6gen, haben sie eines gemein: Sie sollen Gl\u00fcck bringen und sich positiv auf das Leben, die finanzielle Situation, die Gro\u00dfe Liebe oder \u00e4hnliches auswirken.<\/p>\n\n\n\n<p>Die folgenden Traditionen sind international besonders weit verbreitet.<\/p>\n\n\n\n<h2 class=\"wp-block-heading\" id=\"tradition-nr-1-aberglaube-und-faulenzen\">Tradition Nr. 1: Aberglaube und Faulenzen<\/h2>\n\n\n\n<p>Hierbei handelt es sich sicherlich um eine besonders sympathische Tradition. Sie besagt, dass es am ersten Tag des neuen Jahres nicht erlaubt sein soll, das Haus zu verlassen. Stattdessen wird \u201evorgeschrieben\u201c, sich im M\u00fc\u00dfiggang zu \u00fcben. Das Ergebnis: Erholung pur! W\u00e4sche waschen, M\u00fcll rausbringen, Geschirr wegr\u00e4umen\u2026 all das entf\u00e4llt. Diejenigen, die diese Tradition feiern, schlafen am 01.01. viel und genie\u00dfen den Tag.<\/p>\n\n\n\t\t<div data-elementor-type=\"section\" data-elementor-id=\"426\" class=\"elementor elementor-426\" data-elementor-post-type=\"elementor_library\">\n\t\t\t\t\t<section class=\"elementor-section elementor-top-section elementor-element elementor-element-5a19f4f elementor-section-full_width elementor-section-height-default elementor-section-height-default\" data-id=\"5a19f4f\" data-element_type=\"section\" data-e-type=\"section\" data-settings=\"{&quot;jet_parallax_layout_list&quot;:[{&quot;jet_parallax_layout_image&quot;:{&quot;url&quot;:&quot;&quot;,&quot;id&quot;:&quot;&quot;,&quot;size&quot;:&quot;&quot;},&quot;_id&quot;:&quot;72f4053&quot;,&quot;jet_parallax_layout_image_tablet&quot;:{&quot;url&quot;:&quot;&quot;,&quot;id&quot;:&quot;&quot;,&quot;size&quot;:&quot;&quot;},&quot;jet_parallax_layout_image_mobile&quot;:{&quot;url&quot;:&quot;&quot;,&quot;id&quot;:&quot;&quot;,&quot;size&quot;:&quot;&quot;},&quot;jet_parallax_layout_speed&quot;:{&quot;unit&quot;:&quot;%&quot;,&quot;size&quot;:50,&quot;sizes&quot;:[]},&quot;jet_parallax_layout_type&quot;:&quot;scroll&quot;,&quot;jet_parallax_layout_direction&quot;:&quot;1&quot;,&quot;jet_parallax_layout_fx_direction&quot;:null,&quot;jet_parallax_layout_z_index&quot;:&quot;&quot;,&quot;jet_parallax_layout_bg_x&quot;:50,&quot;jet_parallax_layout_bg_x_tablet&quot;:&quot;&quot;,&quot;jet_parallax_layout_bg_x_mobile&quot;:&quot;&quot;,&quot;jet_parallax_layout_bg_y&quot;:50,&quot;jet_parallax_layout_bg_y_tablet&quot;:&quot;&quot;,&quot;jet_parallax_layout_bg_y_mobile&quot;:&quot;&quot;,&quot;jet_parallax_layout_bg_size&quot;:&quot;auto&quot;,&quot;jet_parallax_layout_bg_size_tablet&quot;:&quot;&quot;,&quot;jet_parallax_layout_bg_size_mobile&quot;:&quot;&quot;,&quot;jet_parallax_layout_animation_prop&quot;:&quot;transform&quot;,&quot;jet_parallax_layout_on&quot;:[&quot;desktop&quot;,&quot;tablet&quot;]}]}\">\n\t\t\t\t\t\t<div class=\"elementor-container elementor-column-gap-default\">\n\t\t\t\t\t<div class=\"elementor-column elementor-col-100 elementor-top-column elementor-element elementor-element-b1cd5c3\" data-id=\"b1cd5c3\" data-element_type=\"column\" data-e-type=\"column\" data-settings=\"{&quot;background_background&quot;:&quot;classic&quot;,&quot;_ob_teleporter_use&quot;:false}\">\n\t\t\t<div class=\"elementor-widget-wrap elementor-element-populated\">\n\t\t\t\t\t\t<div class=\"elementor-element elementor-element-cc19aec elementor-widget elementor-widget-jet-listing-grid\" data-id=\"cc19aec\" data-element_type=\"widget\" data-e-type=\"widget\" data-settings=\"{&quot;columns&quot;:&quot;2&quot;,&quot;columns_tablet&quot;:&quot;2&quot;,&quot;columns_mobile&quot;:&quot;1&quot;}\" data-widget_type=\"jet-listing-grid.default\">\n\t\t\t\t<div class=\"elementor-widget-container\">\n\t\t\t\t\t<div class=\"jet-listing-grid jet-listing\"><div class=\"jet-listing-grid__items grid-col-desk-2 grid-col-tablet-2 grid-col-mobile-1 jet-listing-grid--344\" data-queried-id=\"3913|WP_Post\" data-nav=\"{&quot;enabled&quot;:false,&quot;type&quot;:null,&quot;more_el&quot;:null,&quot;query&quot;:[],&quot;widget_settings&quot;:{&quot;lisitng_id&quot;:344,&quot;posts_num&quot;:2,&quot;columns&quot;:2,&quot;columns_tablet&quot;:2,&quot;columns_mobile&quot;:1,&quot;column_min_width&quot;:240,&quot;column_min_width_tablet&quot;:240,&quot;column_min_width_mobile&quot;:240,&quot;inline_columns_css&quot;:false,&quot;is_archive_template&quot;:&quot;&quot;,&quot;post_status&quot;:[&quot;publish&quot;],&quot;use_random_posts_num&quot;:&quot;&quot;,&quot;max_posts_num&quot;:9,&quot;not_found_message&quot;:&quot;No data was found&quot;,&quot;is_masonry&quot;:false,&quot;equal_columns_height&quot;:&quot;&quot;,&quot;use_load_more&quot;:&quot;&quot;,&quot;load_more_id&quot;:&quot;&quot;,&quot;load_more_type&quot;:&quot;click&quot;,&quot;load_more_offset&quot;:{&quot;unit&quot;:&quot;px&quot;,&quot;size&quot;:0,&quot;sizes&quot;:[]},&quot;use_custom_post_types&quot;:&quot;&quot;,&quot;custom_post_types&quot;:[],&quot;hide_widget_if&quot;:&quot;&quot;,&quot;carousel_enabled&quot;:&quot;&quot;,&quot;slides_to_scroll&quot;:&quot;1&quot;,&quot;arrows&quot;:&quot;true&quot;,&quot;arrow_icon&quot;:&quot;fa fa-angle-left&quot;,&quot;dots&quot;:&quot;&quot;,&quot;autoplay&quot;:&quot;true&quot;,&quot;pause_on_hover&quot;:&quot;true&quot;,&quot;autoplay_speed&quot;:5000,&quot;infinite&quot;:&quot;true&quot;,&quot;center_mode&quot;:&quot;&quot;,&quot;effect&quot;:&quot;slide&quot;,&quot;speed&quot;:500,&quot;inject_alternative_items&quot;:&quot;&quot;,&quot;injection_items&quot;:[],&quot;scroll_slider_enabled&quot;:&quot;&quot;,&quot;scroll_slider_on&quot;:[&quot;desktop&quot;,&quot;tablet&quot;,&quot;mobile&quot;],&quot;custom_query&quot;:false,&quot;custom_query_id&quot;:&quot;&quot;,&quot;_element_id&quot;:&quot;&quot;,&quot;collapse_first_last_gap&quot;:false,&quot;list_tag_selection&quot;:&quot;&quot;,&quot;list_items_wrapper_tag&quot;:&quot;div&quot;,&quot;list_item_tag&quot;:&quot;div&quot;,&quot;empty_items_wrapper_tag&quot;:&quot;div&quot;}}\" data-page=\"1\" data-pages=\"20\" data-listing-source=\"posts\" data-listing-id=\"344\" data-query-id=\"\"><div class=\"jet-listing-grid__item jet-listing-dynamic-post-1360\" data-post-id=\"1360\"  ><div class=\"jet-engine-listing-overlay-wrap\" data-url=\"https:\/\/www.lidl.de\/de\/ernesto-aluminiumtopf-24-cm-spuelmaschinengeeignet\/p363822?utm_source=lk_magazin&amp;utm_medium=produkt&amp;utm_campaign=magazin\">\t\t<div data-elementor-type=\"jet-listing-items\" data-elementor-id=\"344\" class=\"elementor elementor-344\" data-elementor-post-type=\"jet-engine\">\n\t\t\t\t\t\t<section class=\"elementor-section elementor-top-section elementor-element elementor-element-415e7b0 elementor-section-boxed elementor-section-height-default elementor-section-height-default\" data-id=\"415e7b0\" data-element_type=\"section\" data-e-type=\"section\" data-settings=\"{&quot;jet_parallax_layout_list&quot;:[{&quot;jet_parallax_layout_image&quot;:{&quot;url&quot;:&quot;&quot;,&quot;id&quot;:&quot;&quot;,&quot;size&quot;:&quot;&quot;},&quot;_id&quot;:&quot;46433ef&quot;,&quot;jet_parallax_layout_image_tablet&quot;:{&quot;url&quot;:&quot;&quot;,&quot;id&quot;:&quot;&quot;,&quot;size&quot;:&quot;&quot;},&quot;jet_parallax_layout_image_mobile&quot;:{&quot;url&quot;:&quot;&quot;,&quot;id&quot;:&quot;&quot;,&quot;size&quot;:&quot;&quot;},&quot;jet_parallax_layout_speed&quot;:{&quot;unit&quot;:&quot;%&quot;,&quot;size&quot;:50,&quot;sizes&quot;:[]},&quot;jet_parallax_layout_type&quot;:&quot;scroll&quot;,&quot;jet_parallax_layout_direction&quot;:&quot;1&quot;,&quot;jet_parallax_layout_fx_direction&quot;:null,&quot;jet_parallax_layout_z_index&quot;:&quot;&quot;,&quot;jet_parallax_layout_bg_x&quot;:50,&quot;jet_parallax_layout_bg_x_tablet&quot;:&quot;&quot;,&quot;jet_parallax_layout_bg_x_mobile&quot;:&quot;&quot;,&quot;jet_parallax_layout_bg_y&quot;:50,&quot;jet_parallax_layout_bg_y_tablet&quot;:&quot;&quot;,&quot;jet_parallax_layout_bg_y_mobile&quot;:&quot;&quot;,&quot;jet_parallax_layout_bg_size&quot;:&quot;auto&quot;,&quot;jet_parallax_layout_bg_size_tablet&quot;:&quot;&quot;,&quot;jet_parallax_layout_bg_size_mobile&quot;:&quot;&quot;,&quot;jet_parallax_layout_animation_prop&quot;:&quot;transform&quot;,&quot;jet_parallax_layout_on&quot;:[&quot;desktop&quot;,&quot;tablet&quot;]}]}\">\n\t\t\t\t\t\t<div class=\"elementor-container elementor-column-gap-default\">\n\t\t\t\t\t<div class=\"elementor-column elementor-col-100 elementor-top-column elementor-element elementor-element-fb36579\" data-id=\"fb36579\" data-element_type=\"column\" data-e-type=\"column\">\n\t\t\t<div class=\"elementor-widget-wrap elementor-element-populated\">\n\t\t\t\t\t\t<section class=\"elementor-section elementor-inner-section elementor-element elementor-element-3470411 elementor-section-boxed elementor-section-height-default elementor-section-height-default\" data-id=\"3470411\" data-element_type=\"section\" data-e-type=\"section\" data-settings=\"{&quot;jet_parallax_layout_list&quot;:[{&quot;jet_parallax_layout_image&quot;:{&quot;url&quot;:&quot;&quot;,&quot;id&quot;:&quot;&quot;,&quot;size&quot;:&quot;&quot;},&quot;_id&quot;:&quot;bd0bd24&quot;,&quot;jet_parallax_layout_image_tablet&quot;:{&quot;url&quot;:&quot;&quot;,&quot;id&quot;:&quot;&quot;,&quot;size&quot;:&quot;&quot;},&quot;jet_parallax_layout_image_mobile&quot;:{&quot;url&quot;:&quot;&quot;,&quot;id&quot;:&quot;&quot;,&quot;size&quot;:&quot;&quot;},&quot;jet_parallax_layout_speed&quot;:{&quot;unit&quot;:&quot;%&quot;,&quot;size&quot;:50,&quot;sizes&quot;:[]},&quot;jet_parallax_layout_type&quot;:&quot;scroll&quot;,&quot;jet_parallax_layout_direction&quot;:&quot;1&quot;,&quot;jet_parallax_layout_fx_direction&quot;:null,&quot;jet_parallax_layout_z_index&quot;:&quot;&quot;,&quot;jet_parallax_layout_bg_x&quot;:50,&quot;jet_parallax_layout_bg_x_tablet&quot;:&quot;&quot;,&quot;jet_parallax_layout_bg_x_mobile&quot;:&quot;&quot;,&quot;jet_parallax_layout_bg_y&quot;:50,&quot;jet_parallax_layout_bg_y_tablet&quot;:&quot;&quot;,&quot;jet_parallax_layout_bg_y_mobile&quot;:&quot;&quot;,&quot;jet_parallax_layout_bg_size&quot;:&quot;auto&quot;,&quot;jet_parallax_layout_bg_size_tablet&quot;:&quot;&quot;,&quot;jet_parallax_layout_bg_size_mobile&quot;:&quot;&quot;,&quot;jet_parallax_layout_animation_prop&quot;:&quot;transform&quot;,&quot;jet_parallax_layout_on&quot;:[&quot;desktop&quot;,&quot;tablet&quot;]}],&quot;background_background&quot;:&quot;classic&quot;}\">\n\t\t\t\t\t\t<div class=\"elementor-container elementor-column-gap-default\">\n\t\t\t\t\t<div class=\"elementor-column elementor-col-100 elementor-inner-column elementor-element elementor-element-7bf52b0\" data-id=\"7bf52b0\" data-element_type=\"column\" data-e-type=\"column\" data-settings=\"{&quot;_ob_teleporter_use&quot;:false}\">\n\t\t\t<div class=\"elementor-widget-wrap elementor-element-populated\">\n\t\t\t\t\t\t<div class=\"elementor-element elementor-element-bd9459e elementor-widget elementor-widget-heading\" data-id=\"bd9459e\" data-element_type=\"widget\" data-e-type=\"widget\" data-widget_type=\"heading.default\">\n\t\t\t\t<div class=\"elementor-widget-container\">\n\t\t\t\t\t<div class=\"elementor-heading-title elementor-size-default\">ERNESTO\u00ae Aluminiumtopf, 24 cm<\/div>\t\t\t\t<\/div>\n\t\t\t\t<\/div>\n\t\t\t\t<div class=\"elementor-element elementor-element-7e00b57 elementor-widget elementor-widget-image\" data-id=\"7e00b57\" data-element_type=\"widget\" data-e-type=\"widget\" data-widget_type=\"image.default\">\n\t\t\t\t<div class=\"elementor-widget-container\">\n\t\t\t\t\t\t\t\t\t\t\t\t\t\t\t<img fetchpriority=\"high\" decoding=\"async\" width=\"772\" height=\"579\" src=\"https:\/\/www.lidl-kochen.de\/kochideen\/wp-content\/uploads\/2021\/02\/ernesto-aluminiumtopf-24-cm.jpg\" class=\"attachment-large size-large wp-image-1361\" alt=\"ERNESTO\u00ae Aluminiumtopf, 24 cm\" srcset=\"https:\/\/www.lidl-kochen.de\/kochideen\/wp-content\/uploads\/2021\/02\/ernesto-aluminiumtopf-24-cm.jpg 772w, https:\/\/www.lidl-kochen.de\/kochideen\/wp-content\/uploads\/2021\/02\/ernesto-aluminiumtopf-24-cm-300x225.jpg 300w, https:\/\/www.lidl-kochen.de\/kochideen\/wp-content\/uploads\/2021\/02\/ernesto-aluminiumtopf-24-cm-768x576.jpg 768w\" sizes=\"(max-width: 772px) 100vw, 772px\" \/>\t\t\t\t\t\t\t\t\t\t\t\t\t\t\t<\/div>\n\t\t\t\t<\/div>\n\t\t\t\t\t<\/div>\n\t\t<\/div>\n\t\t\t\t\t<\/div>\n\t\t<\/section>\n\t\t\t\t<div class=\"elementor-element elementor-element-537d953 elementor-widget elementor-widget-heading\" data-id=\"537d953\" data-element_type=\"widget\" data-e-type=\"widget\" data-widget_type=\"heading.default\">\n\t\t\t\t<div class=\"elementor-widget-container\">\n\t\t\t\t\t<div class=\"elementor-heading-title elementor-size-default\"><a href=\"https:\/\/www.lidl.de\/de\/ernesto-aluminiumtopf-24-cm-spuelmaschinengeeignet\/p363822?utm_source=lk_magazin&#038;utm_medium=produkt&#038;utm_campaign=magazin\">Im Shop Ansehen<\/a><\/div>\t\t\t\t<\/div>\n\t\t\t\t<\/div>\n\t\t\t\t\t<\/div>\n\t\t<\/div>\n\t\t\t\t\t<\/div>\n\t\t<\/section>\n\t\t\t\t<\/div>\n\t\t<a href=\"https:\/\/www.lidl.de\/de\/ernesto-aluminiumtopf-24-cm-spuelmaschinengeeignet\/p363822?utm_source=lk_magazin&amp;utm_medium=produkt&amp;utm_campaign=magazin\" class=\"jet-engine-listing-overlay-link\"><\/a><\/div><\/div><div class=\"jet-listing-grid__item jet-listing-dynamic-post-341\" data-post-id=\"341\"  ><div class=\"jet-engine-listing-overlay-wrap\" data-url=\"https:\/\/www.lidl.de\/h\/toepfe-pfannen\/h10006218?utm_source=lk_magazin&amp;utm_medium=produkt&amp;utm_campaign=magazin\">\t\t<div data-elementor-type=\"jet-listing-items\" data-elementor-id=\"344\" class=\"elementor elementor-344\" data-elementor-post-type=\"jet-engine\">\n\t\t\t\t\t\t<section class=\"elementor-section elementor-top-section elementor-element elementor-element-415e7b0 elementor-section-boxed elementor-section-height-default elementor-section-height-default\" data-id=\"415e7b0\" data-element_type=\"section\" data-e-type=\"section\" data-settings=\"{&quot;jet_parallax_layout_list&quot;:[{&quot;jet_parallax_layout_image&quot;:{&quot;url&quot;:&quot;&quot;,&quot;id&quot;:&quot;&quot;,&quot;size&quot;:&quot;&quot;},&quot;_id&quot;:&quot;46433ef&quot;,&quot;jet_parallax_layout_image_tablet&quot;:{&quot;url&quot;:&quot;&quot;,&quot;id&quot;:&quot;&quot;,&quot;size&quot;:&quot;&quot;},&quot;jet_parallax_layout_image_mobile&quot;:{&quot;url&quot;:&quot;&quot;,&quot;id&quot;:&quot;&quot;,&quot;size&quot;:&quot;&quot;},&quot;jet_parallax_layout_speed&quot;:{&quot;unit&quot;:&quot;%&quot;,&quot;size&quot;:50,&quot;sizes&quot;:[]},&quot;jet_parallax_layout_type&quot;:&quot;scroll&quot;,&quot;jet_parallax_layout_direction&quot;:&quot;1&quot;,&quot;jet_parallax_layout_fx_direction&quot;:null,&quot;jet_parallax_layout_z_index&quot;:&quot;&quot;,&quot;jet_parallax_layout_bg_x&quot;:50,&quot;jet_parallax_layout_bg_x_tablet&quot;:&quot;&quot;,&quot;jet_parallax_layout_bg_x_mobile&quot;:&quot;&quot;,&quot;jet_parallax_layout_bg_y&quot;:50,&quot;jet_parallax_layout_bg_y_tablet&quot;:&quot;&quot;,&quot;jet_parallax_layout_bg_y_mobile&quot;:&quot;&quot;,&quot;jet_parallax_layout_bg_size&quot;:&quot;auto&quot;,&quot;jet_parallax_layout_bg_size_tablet&quot;:&quot;&quot;,&quot;jet_parallax_layout_bg_size_mobile&quot;:&quot;&quot;,&quot;jet_parallax_layout_animation_prop&quot;:&quot;transform&quot;,&quot;jet_parallax_layout_on&quot;:[&quot;desktop&quot;,&quot;tablet&quot;]}]}\">\n\t\t\t\t\t\t<div class=\"elementor-container elementor-column-gap-default\">\n\t\t\t\t\t<div class=\"elementor-column elementor-col-100 elementor-top-column elementor-element elementor-element-fb36579\" data-id=\"fb36579\" data-element_type=\"column\" data-e-type=\"column\">\n\t\t\t<div class=\"elementor-widget-wrap elementor-element-populated\">\n\t\t\t\t\t\t<section class=\"elementor-section elementor-inner-section elementor-element elementor-element-3470411 elementor-section-boxed elementor-section-height-default elementor-section-height-default\" data-id=\"3470411\" data-element_type=\"section\" data-e-type=\"section\" data-settings=\"{&quot;jet_parallax_layout_list&quot;:[{&quot;jet_parallax_layout_image&quot;:{&quot;url&quot;:&quot;&quot;,&quot;id&quot;:&quot;&quot;,&quot;size&quot;:&quot;&quot;},&quot;_id&quot;:&quot;bd0bd24&quot;,&quot;jet_parallax_layout_image_tablet&quot;:{&quot;url&quot;:&quot;&quot;,&quot;id&quot;:&quot;&quot;,&quot;size&quot;:&quot;&quot;},&quot;jet_parallax_layout_image_mobile&quot;:{&quot;url&quot;:&quot;&quot;,&quot;id&quot;:&quot;&quot;,&quot;size&quot;:&quot;&quot;},&quot;jet_parallax_layout_speed&quot;:{&quot;unit&quot;:&quot;%&quot;,&quot;size&quot;:50,&quot;sizes&quot;:[]},&quot;jet_parallax_layout_type&quot;:&quot;scroll&quot;,&quot;jet_parallax_layout_direction&quot;:&quot;1&quot;,&quot;jet_parallax_layout_fx_direction&quot;:null,&quot;jet_parallax_layout_z_index&quot;:&quot;&quot;,&quot;jet_parallax_layout_bg_x&quot;:50,&quot;jet_parallax_layout_bg_x_tablet&quot;:&quot;&quot;,&quot;jet_parallax_layout_bg_x_mobile&quot;:&quot;&quot;,&quot;jet_parallax_layout_bg_y&quot;:50,&quot;jet_parallax_layout_bg_y_tablet&quot;:&quot;&quot;,&quot;jet_parallax_layout_bg_y_mobile&quot;:&quot;&quot;,&quot;jet_parallax_layout_bg_size&quot;:&quot;auto&quot;,&quot;jet_parallax_layout_bg_size_tablet&quot;:&quot;&quot;,&quot;jet_parallax_layout_bg_size_mobile&quot;:&quot;&quot;,&quot;jet_parallax_layout_animation_prop&quot;:&quot;transform&quot;,&quot;jet_parallax_layout_on&quot;:[&quot;desktop&quot;,&quot;tablet&quot;]}],&quot;background_background&quot;:&quot;classic&quot;}\">\n\t\t\t\t\t\t<div class=\"elementor-container elementor-column-gap-default\">\n\t\t\t\t\t<div class=\"elementor-column elementor-col-100 elementor-inner-column elementor-element elementor-element-7bf52b0\" data-id=\"7bf52b0\" data-element_type=\"column\" data-e-type=\"column\" data-settings=\"{&quot;_ob_teleporter_use&quot;:false}\">\n\t\t\t<div class=\"elementor-widget-wrap elementor-element-populated\">\n\t\t\t\t\t\t<div class=\"elementor-element elementor-element-bd9459e elementor-widget elementor-widget-heading\" data-id=\"bd9459e\" data-element_type=\"widget\" data-e-type=\"widget\" data-widget_type=\"heading.default\">\n\t\t\t\t<div class=\"elementor-widget-container\">\n\t\t\t\t\t<div class=\"elementor-heading-title elementor-size-default\">T\u00f6pfe &amp; Pfannen auf lidl.de <\/div>\t\t\t\t<\/div>\n\t\t\t\t<\/div>\n\t\t\t\t<div class=\"elementor-element elementor-element-7e00b57 elementor-widget elementor-widget-image\" data-id=\"7e00b57\" data-element_type=\"widget\" data-e-type=\"widget\" data-widget_type=\"image.default\">\n\t\t\t\t<div class=\"elementor-widget-container\">\n\t\t\t\t\t\t\t\t\t\t\t\t\t\t\t<img decoding=\"async\" width=\"800\" height=\"600\" src=\"https:\/\/www.lidl-kochen.de\/kochideen\/wp-content\/uploads\/2020\/12\/gsw-gastro-traditionell-servierpfannen-set-2-teilig-beidseitig-rautengeschmiedet-eisen-zoom-1024x768.jpg\" class=\"attachment-large size-large wp-image-156\" alt=\"\" srcset=\"https:\/\/www.lidl-kochen.de\/kochideen\/wp-content\/uploads\/2020\/12\/gsw-gastro-traditionell-servierpfannen-set-2-teilig-beidseitig-rautengeschmiedet-eisen-zoom-1024x768.jpg 1024w, https:\/\/www.lidl-kochen.de\/kochideen\/wp-content\/uploads\/2020\/12\/gsw-gastro-traditionell-servierpfannen-set-2-teilig-beidseitig-rautengeschmiedet-eisen-zoom-300x225.jpg 300w, https:\/\/www.lidl-kochen.de\/kochideen\/wp-content\/uploads\/2020\/12\/gsw-gastro-traditionell-servierpfannen-set-2-teilig-beidseitig-rautengeschmiedet-eisen-zoom-768x576.jpg 768w, https:\/\/www.lidl-kochen.de\/kochideen\/wp-content\/uploads\/2020\/12\/gsw-gastro-traditionell-servierpfannen-set-2-teilig-beidseitig-rautengeschmiedet-eisen-zoom.jpg 1500w\" sizes=\"(max-width: 800px) 100vw, 800px\" \/>\t\t\t\t\t\t\t\t\t\t\t\t\t\t\t<\/div>\n\t\t\t\t<\/div>\n\t\t\t\t\t<\/div>\n\t\t<\/div>\n\t\t\t\t\t<\/div>\n\t\t<\/section>\n\t\t\t\t<div class=\"elementor-element elementor-element-537d953 elementor-widget elementor-widget-heading\" data-id=\"537d953\" data-element_type=\"widget\" data-e-type=\"widget\" data-widget_type=\"heading.default\">\n\t\t\t\t<div class=\"elementor-widget-container\">\n\t\t\t\t\t<div class=\"elementor-heading-title elementor-size-default\"><a href=\"https:\/\/www.lidl.de\/h\/toepfe-pfannen\/h10006218?utm_source=lk_magazin&#038;utm_medium=produkt&#038;utm_campaign=magazin\">Im Shop Ansehen<\/a><\/div>\t\t\t\t<\/div>\n\t\t\t\t<\/div>\n\t\t\t\t\t<\/div>\n\t\t<\/div>\n\t\t\t\t\t<\/div>\n\t\t<\/section>\n\t\t\t\t<\/div>\n\t\t<a href=\"https:\/\/www.lidl.de\/h\/toepfe-pfannen\/h10006218?utm_source=lk_magazin&amp;utm_medium=produkt&amp;utm_campaign=magazin\" class=\"jet-engine-listing-overlay-link\"><\/a><\/div><\/div><\/div><\/div>\t\t\t\t<\/div>\n\t\t\t\t<\/div>\n\t\t\t\t\t<\/div>\n\t\t<\/div>\n\t\t\t\t\t<\/div>\n\t\t<\/section>\n\t\t\t\t<\/div>\n\t\t\n\n\n\n<h2 class=\"wp-block-heading\" id=\"tradition-nr-2-essen\">Tradition Nr. 2: Essen<\/h2>\n\n\n\n<p>Sicherlich l\u00e4sst sich dar\u00fcber streiten, ob diese Tradition gesund ist. Interessant ist sie jedoch in jedem Fall. Der Aberglaube besagt, dass durch die Menge an Essen, die zwischen den Jahren gegessen wird, bestimmt wird, wie viel Geld im kommenden Jahr zuflie\u00dft. Besonders beliebte kulinarische Hilfsmittel sind unter anderem die Linsensuppe und Neujahrskrapfen.<\/p>\n\n\n\n<h2 class=\"wp-block-heading\" id=\"tradition-nr-3-das-backen\">Tradition Nr. 3: Das Backen<\/h2>\n\n\n\n<p>Zwischen den Jahren haben viele Menschen mehr Zeit. Diese kann optimal zum Backen verwendet werden. Passenderweise handelt es sich hierbei um eine weitere beliebte Tradition. In vielen Familien werden Kr\u00e4nze, Brezeln oder M\u00e4nnchen gebacken. Letztere werden oft mit Hagelzucker bestreut und entweder selbst gegessen oder an die Lieben verschenkt. Ein tolles Pr\u00e4sent f\u00fcr den Start ins neue Jahr, oder nicht?<\/p>\n\n\n\t\t<div data-elementor-type=\"section\" data-elementor-id=\"437\" class=\"elementor elementor-437\" data-elementor-post-type=\"elementor_library\">\n\t\t\t\t\t<section class=\"elementor-section elementor-top-section elementor-element elementor-element-27cebaf4 elementor-section-full_width elementor-section-height-default elementor-section-height-default\" data-id=\"27cebaf4\" data-element_type=\"section\" data-e-type=\"section\" data-settings=\"{&quot;jet_parallax_layout_list&quot;:[{&quot;jet_parallax_layout_image&quot;:{&quot;url&quot;:&quot;&quot;,&quot;id&quot;:&quot;&quot;,&quot;size&quot;:&quot;&quot;},&quot;_id&quot;:&quot;72f4053&quot;,&quot;jet_parallax_layout_image_tablet&quot;:{&quot;url&quot;:&quot;&quot;,&quot;id&quot;:&quot;&quot;,&quot;size&quot;:&quot;&quot;},&quot;jet_parallax_layout_image_mobile&quot;:{&quot;url&quot;:&quot;&quot;,&quot;id&quot;:&quot;&quot;,&quot;size&quot;:&quot;&quot;},&quot;jet_parallax_layout_speed&quot;:{&quot;unit&quot;:&quot;%&quot;,&quot;size&quot;:50,&quot;sizes&quot;:[]},&quot;jet_parallax_layout_type&quot;:&quot;scroll&quot;,&quot;jet_parallax_layout_direction&quot;:&quot;1&quot;,&quot;jet_parallax_layout_fx_direction&quot;:null,&quot;jet_parallax_layout_z_index&quot;:&quot;&quot;,&quot;jet_parallax_layout_bg_x&quot;:50,&quot;jet_parallax_layout_bg_x_tablet&quot;:&quot;&quot;,&quot;jet_parallax_layout_bg_x_mobile&quot;:&quot;&quot;,&quot;jet_parallax_layout_bg_y&quot;:50,&quot;jet_parallax_layout_bg_y_tablet&quot;:&quot;&quot;,&quot;jet_parallax_layout_bg_y_mobile&quot;:&quot;&quot;,&quot;jet_parallax_layout_bg_size&quot;:&quot;auto&quot;,&quot;jet_parallax_layout_bg_size_tablet&quot;:&quot;&quot;,&quot;jet_parallax_layout_bg_size_mobile&quot;:&quot;&quot;,&quot;jet_parallax_layout_animation_prop&quot;:&quot;transform&quot;,&quot;jet_parallax_layout_on&quot;:[&quot;desktop&quot;,&quot;tablet&quot;]}]}\">\n\t\t\t\t\t\t<div class=\"elementor-container elementor-column-gap-default\">\n\t\t\t\t\t<div class=\"elementor-column elementor-col-100 elementor-top-column elementor-element elementor-element-593b90d9\" data-id=\"593b90d9\" data-element_type=\"column\" data-e-type=\"column\" data-settings=\"{&quot;_ob_teleporter_use&quot;:false}\">\n\t\t\t<div class=\"elementor-widget-wrap elementor-element-populated\">\n\t\t\t\t\t\t<div class=\"elementor-element elementor-element-2b7ca800 elementor-widget elementor-widget-jet-listing-grid\" data-id=\"2b7ca800\" data-element_type=\"widget\" data-e-type=\"widget\" data-settings=\"{&quot;columns&quot;:&quot;1&quot;}\" data-widget_type=\"jet-listing-grid.default\">\n\t\t\t\t<div class=\"elementor-widget-container\">\n\t\t\t\t\t<div class=\"jet-listing-grid jet-listing\"><div class=\"jet-listing-not-found jet-listing-grid__items\" data-nav=\"{&quot;enabled&quot;:false,&quot;type&quot;:null,&quot;more_el&quot;:null,&quot;query&quot;:[],&quot;widget_settings&quot;:{&quot;lisitng_id&quot;:425,&quot;posts_num&quot;:1,&quot;columns&quot;:1,&quot;columns_tablet&quot;:1,&quot;columns_mobile&quot;:1,&quot;column_min_width&quot;:240,&quot;column_min_width_tablet&quot;:240,&quot;column_min_width_mobile&quot;:240,&quot;inline_columns_css&quot;:false,&quot;is_archive_template&quot;:&quot;&quot;,&quot;post_status&quot;:[&quot;publish&quot;],&quot;use_random_posts_num&quot;:&quot;&quot;,&quot;max_posts_num&quot;:9,&quot;not_found_message&quot;:&quot;No data was found&quot;,&quot;is_masonry&quot;:false,&quot;equal_columns_height&quot;:&quot;&quot;,&quot;use_load_more&quot;:&quot;&quot;,&quot;load_more_id&quot;:&quot;&quot;,&quot;load_more_type&quot;:&quot;click&quot;,&quot;load_more_offset&quot;:{&quot;unit&quot;:&quot;px&quot;,&quot;size&quot;:0,&quot;sizes&quot;:[]},&quot;use_custom_post_types&quot;:&quot;&quot;,&quot;custom_post_types&quot;:[],&quot;hide_widget_if&quot;:&quot;&quot;,&quot;carousel_enabled&quot;:&quot;&quot;,&quot;slides_to_scroll&quot;:&quot;1&quot;,&quot;arrows&quot;:&quot;true&quot;,&quot;arrow_icon&quot;:&quot;fa fa-angle-left&quot;,&quot;dots&quot;:&quot;&quot;,&quot;autoplay&quot;:&quot;true&quot;,&quot;pause_on_hover&quot;:&quot;true&quot;,&quot;autoplay_speed&quot;:5000,&quot;infinite&quot;:&quot;true&quot;,&quot;center_mode&quot;:&quot;&quot;,&quot;effect&quot;:&quot;slide&quot;,&quot;speed&quot;:500,&quot;inject_alternative_items&quot;:&quot;&quot;,&quot;injection_items&quot;:[],&quot;scroll_slider_enabled&quot;:&quot;&quot;,&quot;scroll_slider_on&quot;:[&quot;desktop&quot;,&quot;tablet&quot;,&quot;mobile&quot;],&quot;custom_query&quot;:false,&quot;custom_query_id&quot;:&quot;&quot;,&quot;_element_id&quot;:&quot;&quot;,&quot;collapse_first_last_gap&quot;:false,&quot;list_tag_selection&quot;:&quot;&quot;,&quot;list_items_wrapper_tag&quot;:&quot;div&quot;,&quot;list_item_tag&quot;:&quot;div&quot;,&quot;empty_items_wrapper_tag&quot;:&quot;div&quot;}}\" data-listing-source=\"posts\" data-listing-id=\"425\" data-query-id=\"\" data-queried-id=\"3913|WP_Post\">No data was found<\/div><\/div>\t\t\t\t<\/div>\n\t\t\t\t<\/div>\n\t\t\t\t\t<\/div>\n\t\t<\/div>\n\t\t\t\t\t<\/div>\n\t\t<\/section>\n\t\t\t\t<\/div>\n\t\t\n\n\n\n<h2 class=\"wp-block-heading\" id=\"tradition-nr-4-die-neujahrsvorsatze\">Tradition Nr. 4: Die Neujahrsvors\u00e4tze<\/h2>\n\n\n\n<p>Was w\u00e4re ein Start ins neue Jahr ohne Gute Vors\u00e4tze? Der Wechsel von Alt auf Neu bietet sich doch gerade dazu an, sich etwas vorzunehmen. Auch hier sind der Fantasie keine Grenzen gesetzt. Die \u201eAufgaben\u201c erstrecken sich von \u201eAb jetzt esse ich weniger S\u00fc\u00dfkram!\u201c bis hin zu \u201eUm 0 Uhr rauche ich meine letzte Zigarette!\u201c.<\/p>\n\n\n\n<p>Doch egal, ob kleine oder gro\u00dfe Vors\u00e4tze: es ist nat\u00fcrlich wichtig, dass diese auch realistisch sein m\u00fcssen. Ansonsten bleiben Ehrgeiz und Lust schnell auf der Strecke. Im Gegenzug k\u00f6nnen kleine Erfolge dabei helfen, die Motivation zu erhalten.<\/p>\n\n\n\n<p>\u00dcbrigens: Der Brauch des Neujahrsvorsatzes reicht bis zur\u00fcck in die Zeit der R\u00f6mer. So haben die damaligen Beamten am ersten Tag des neuen Jahres ihren Eid vor dem Kaiser abgelegt und so die Loyalit\u00e4t der Republik gegen\u00fcber zum Ausdruck gebracht. Im Rahmen einer Zeremonie wurde dann Janus, der Gott des Neubeginns, geehrt. Er hat zwei Gesichter. Eines steht f\u00fcr das Ende und eines f\u00fcr den Anfang.<\/p>\n\n\n\n<h2 class=\"wp-block-heading\" id=\"tradition-nr-5-bauernregeln\">Tradition Nr. 5: Bauernregeln<\/h2>\n\n\n\n<p>Wer sich ein wenig genauer mit Bauernregeln auseinandersetzt, erkennt schnell, dass sich diese auf die unterschiedlichsten Bereiche des Alltags \u00fcbertragen lassen k\u00f6nnen \u2013 unter anderem auch auf den Jahreswechsel. Eine besonders beliebte Bauernregel, die um Mitternacht immer wieder gern zitiert wird, ist \u201eNeujahrsnacht still und klar, deutet auf ein gutes Jahr\u201c.<\/p>\n","protected":false},"excerpt":{"rendered":"<p>So unterschiedlich die Br\u00e4uche und Traditionen zum Jahreswechsel auch sein m\u00f6gen, haben sie eines gemein: Sie sollen Gl\u00fcck bringen und sich positiv auf das Leben, die finanzielle Situation, die Gro\u00dfe Liebe oder \u00e4hnliches auswirken.<br \/>\nDie folgenden Traditionen sind international besonders weit verbreitet.<\/p>\n","protected":false},"author":13,"featured_media":3915,"comment_status":"closed","ping_status":"open","sticky":false,"template":"","format":"standard","meta":{"_acf_changed":false,"footnotes":""},"categories":[27],"tags":[283,275,282,284],"schlagworte":[43],"class_list":["post-3913","post","type-post","status-publish","format-standard","has-post-thumbnail","hentry","category-koch-und-kuechenwissen","tag-braeuche","tag-gesund","tag-silvester","tag-tradition","schlagworte-produkt"],"acf":[],"yoast_head":"<!-- This site is optimized with the Yoast SEO plugin v27.4 - https:\/\/yoast.com\/product\/yoast-seo-wordpress\/ -->\n<title>Traditionen, Vors\u00e4tze und Br\u00e4uche zu Neujahr | Lidl Kochen Magazin<\/title>\n<meta name=\"description\" content=\"So unterschiedlich die Br\u00e4uche und Traditionen zum Jahreswechsel auch sein m\u00f6gen, haben sie eines gemein: Sie sollen Gl\u00fcck bringen und sich positiv auf das Leben auswirken.\" \/>\n<meta name=\"robots\" content=\"index, follow, max-snippet:-1, max-image-preview:large, max-video-preview:-1\" \/>\n<link rel=\"canonical\" href=\"https:\/\/www.lidl-kochen.de\/kochideen\/traditionen-vorsaetze-neujahr-silvester\/\" \/>\n<meta property=\"og:locale\" content=\"de_DE\" \/>\n<meta property=\"og:type\" content=\"article\" \/>\n<meta property=\"og:title\" content=\"Traditionen, Vors\u00e4tze und Br\u00e4uche zu Neujahr | Lidl Kochen Magazin\" \/>\n<meta property=\"og:description\" content=\"So unterschiedlich die Br\u00e4uche und Traditionen zum Jahreswechsel auch sein m\u00f6gen, haben sie eines gemein: Sie sollen Gl\u00fcck bringen und sich positiv auf das Leben auswirken.\" \/>\n<meta property=\"og:url\" content=\"https:\/\/www.lidl-kochen.de\/kochideen\/traditionen-vorsaetze-neujahr-silvester\/\" \/>\n<meta property=\"og:site_name\" content=\"Lidl Kochen Magazin\" \/>\n<meta property=\"article:published_time\" content=\"2021-12-13T07:49:57+00:00\" \/>\n<meta property=\"article:modified_time\" content=\"2023-06-20T08:27:40+00:00\" \/>\n<meta property=\"og:image\" content=\"https:\/\/www.lidl-kochen.de\/kochideen\/wp-content\/uploads\/2021\/12\/AdobeStock_461423066_neujahr-1.png\" \/>\n\t<meta property=\"og:image:width\" content=\"1024\" \/>\n\t<meta property=\"og:image:height\" content=\"683\" \/>\n\t<meta property=\"og:image:type\" content=\"image\/png\" \/>\n<meta name=\"author\" content=\"Anna Loraine Hartmann\" \/>\n<meta name=\"twitter:card\" content=\"summary_large_image\" \/>\n<meta name=\"twitter:label1\" content=\"Verfasst von\" \/>\n\t<meta name=\"twitter:data1\" content=\"Anna Loraine Hartmann\" \/>\n\t<meta name=\"twitter:label2\" content=\"Gesch\u00e4tzte Lesezeit\" \/>\n\t<meta name=\"twitter:data2\" content=\"3\u00a0Minuten\" \/>\n<script type=\"application\/ld+json\" class=\"yoast-schema-graph\">{\"@context\":\"https:\\\/\\\/schema.org\",\"@graph\":[{\"@type\":\"Article\",\"@id\":\"https:\\\/\\\/www.lidl-kochen.de\\\/kochideen\\\/traditionen-vorsaetze-neujahr-silvester\\\/#article\",\"isPartOf\":{\"@id\":\"https:\\\/\\\/www.lidl-kochen.de\\\/kochideen\\\/traditionen-vorsaetze-neujahr-silvester\\\/\"},\"author\":{\"name\":\"Anna Loraine Hartmann\",\"@id\":\"https:\\\/\\\/www.lidl-kochen.de\\\/kochideen\\\/#\\\/schema\\\/person\\\/ea897e5ed76af86c2bd8570b3d0bf8a9\"},\"headline\":\"Traditionen, Vors\u00e4tze und Br\u00e4uche zu Neujahr\",\"datePublished\":\"2021-12-13T07:49:57+00:00\",\"dateModified\":\"2023-06-20T08:27:40+00:00\",\"mainEntityOfPage\":{\"@id\":\"https:\\\/\\\/www.lidl-kochen.de\\\/kochideen\\\/traditionen-vorsaetze-neujahr-silvester\\\/\"},\"wordCount\":542,\"image\":{\"@id\":\"https:\\\/\\\/www.lidl-kochen.de\\\/kochideen\\\/traditionen-vorsaetze-neujahr-silvester\\\/#primaryimage\"},\"thumbnailUrl\":\"https:\\\/\\\/www.lidl-kochen.de\\\/kochideen\\\/wp-content\\\/uploads\\\/2021\\\/12\\\/AdobeStock_461423066_neujahr-1.png\",\"keywords\":[\"Braeuche\",\"Gesund\",\"Silvester\",\"Tradition\"],\"articleSection\":[\"Koch- &amp; K\u00fcchenwissen\"],\"inLanguage\":\"de\"},{\"@type\":\"WebPage\",\"@id\":\"https:\\\/\\\/www.lidl-kochen.de\\\/kochideen\\\/traditionen-vorsaetze-neujahr-silvester\\\/\",\"url\":\"https:\\\/\\\/www.lidl-kochen.de\\\/kochideen\\\/traditionen-vorsaetze-neujahr-silvester\\\/\",\"name\":\"Traditionen, Vors\u00e4tze und Br\u00e4uche zu Neujahr | Lidl Kochen Magazin\",\"isPartOf\":{\"@id\":\"https:\\\/\\\/www.lidl-kochen.de\\\/kochideen\\\/#website\"},\"primaryImageOfPage\":{\"@id\":\"https:\\\/\\\/www.lidl-kochen.de\\\/kochideen\\\/traditionen-vorsaetze-neujahr-silvester\\\/#primaryimage\"},\"image\":{\"@id\":\"https:\\\/\\\/www.lidl-kochen.de\\\/kochideen\\\/traditionen-vorsaetze-neujahr-silvester\\\/#primaryimage\"},\"thumbnailUrl\":\"https:\\\/\\\/www.lidl-kochen.de\\\/kochideen\\\/wp-content\\\/uploads\\\/2021\\\/12\\\/AdobeStock_461423066_neujahr-1.png\",\"datePublished\":\"2021-12-13T07:49:57+00:00\",\"dateModified\":\"2023-06-20T08:27:40+00:00\",\"author\":{\"@id\":\"https:\\\/\\\/www.lidl-kochen.de\\\/kochideen\\\/#\\\/schema\\\/person\\\/ea897e5ed76af86c2bd8570b3d0bf8a9\"},\"description\":\"So unterschiedlich die Br\u00e4uche und Traditionen zum Jahreswechsel auch sein m\u00f6gen, haben sie eines gemein: Sie sollen Gl\u00fcck bringen und sich positiv auf das Leben auswirken.\",\"breadcrumb\":{\"@id\":\"https:\\\/\\\/www.lidl-kochen.de\\\/kochideen\\\/traditionen-vorsaetze-neujahr-silvester\\\/#breadcrumb\"},\"inLanguage\":\"de\",\"potentialAction\":[{\"@type\":\"ReadAction\",\"target\":[\"https:\\\/\\\/www.lidl-kochen.de\\\/kochideen\\\/traditionen-vorsaetze-neujahr-silvester\\\/\"]}]},{\"@type\":\"ImageObject\",\"inLanguage\":\"de\",\"@id\":\"https:\\\/\\\/www.lidl-kochen.de\\\/kochideen\\\/traditionen-vorsaetze-neujahr-silvester\\\/#primaryimage\",\"url\":\"https:\\\/\\\/www.lidl-kochen.de\\\/kochideen\\\/wp-content\\\/uploads\\\/2021\\\/12\\\/AdobeStock_461423066_neujahr-1.png\",\"contentUrl\":\"https:\\\/\\\/www.lidl-kochen.de\\\/kochideen\\\/wp-content\\\/uploads\\\/2021\\\/12\\\/AdobeStock_461423066_neujahr-1.png\",\"width\":1024,\"height\":683,\"caption\":\"Eierlik\u00f6r ist sicherlich eines der kultigsten Getr\u00e4nke \u00fcberhaupt! Viele Menschen lieben es, den Lik\u00f6r nicht nur zu kaufen, sondern ganz einfach selbst herzustellen. Sp\u00e4testens dann stellt sich jedoch oft die Frage: Wie lange ist Eierlik\u00f6r eigentlich haltbar?\"},{\"@type\":\"BreadcrumbList\",\"@id\":\"https:\\\/\\\/www.lidl-kochen.de\\\/kochideen\\\/traditionen-vorsaetze-neujahr-silvester\\\/#breadcrumb\",\"itemListElement\":[{\"@type\":\"ListItem\",\"position\":1,\"name\":\"Startseite\",\"item\":\"https:\\\/\\\/www.lidl-kochen.de\\\/kochideen\\\/\"},{\"@type\":\"ListItem\",\"position\":2,\"name\":\"Traditionen, Vors\u00e4tze und Br\u00e4uche zu Neujahr\"}]},{\"@type\":\"WebSite\",\"@id\":\"https:\\\/\\\/www.lidl-kochen.de\\\/kochideen\\\/#website\",\"url\":\"https:\\\/\\\/www.lidl-kochen.de\\\/kochideen\\\/\",\"name\":\"Lidl Kochen Magazin\",\"description\":\"Das Magazin rund ums Kochen\",\"potentialAction\":[{\"@type\":\"SearchAction\",\"target\":{\"@type\":\"EntryPoint\",\"urlTemplate\":\"https:\\\/\\\/www.lidl-kochen.de\\\/kochideen\\\/?s={search_term_string}\"},\"query-input\":{\"@type\":\"PropertyValueSpecification\",\"valueRequired\":true,\"valueName\":\"search_term_string\"}}],\"inLanguage\":\"de\"},{\"@type\":\"Person\",\"@id\":\"https:\\\/\\\/www.lidl-kochen.de\\\/kochideen\\\/#\\\/schema\\\/person\\\/ea897e5ed76af86c2bd8570b3d0bf8a9\",\"name\":\"Anna Loraine Hartmann\",\"image\":{\"@type\":\"ImageObject\",\"inLanguage\":\"de\",\"@id\":\"https:\\\/\\\/secure.gravatar.com\\\/avatar\\\/0fd5f03ba99d0df2b345928a1360c215de34857da7adee6280fb95b22bbd16cc?s=96&d=mm&r=g\",\"url\":\"https:\\\/\\\/secure.gravatar.com\\\/avatar\\\/0fd5f03ba99d0df2b345928a1360c215de34857da7adee6280fb95b22bbd16cc?s=96&d=mm&r=g\",\"contentUrl\":\"https:\\\/\\\/secure.gravatar.com\\\/avatar\\\/0fd5f03ba99d0df2b345928a1360c215de34857da7adee6280fb95b22bbd16cc?s=96&d=mm&r=g\",\"caption\":\"Anna Loraine Hartmann\"}}]}<\/script>\n<!-- \/ Yoast SEO plugin. -->","yoast_head_json":{"title":"Traditionen, Vors\u00e4tze und Br\u00e4uche zu Neujahr | Lidl Kochen Magazin","description":"So unterschiedlich die Br\u00e4uche und Traditionen zum Jahreswechsel auch sein m\u00f6gen, haben sie eines gemein: Sie sollen Gl\u00fcck bringen und sich positiv auf das Leben auswirken.","robots":{"index":"index","follow":"follow","max-snippet":"max-snippet:-1","max-image-preview":"max-image-preview:large","max-video-preview":"max-video-preview:-1"},"canonical":"https:\/\/www.lidl-kochen.de\/kochideen\/traditionen-vorsaetze-neujahr-silvester\/","og_locale":"de_DE","og_type":"article","og_title":"Traditionen, Vors\u00e4tze und Br\u00e4uche zu Neujahr | Lidl Kochen Magazin","og_description":"So unterschiedlich die Br\u00e4uche und Traditionen zum Jahreswechsel auch sein m\u00f6gen, haben sie eines gemein: Sie sollen Gl\u00fcck bringen und sich positiv auf das Leben auswirken.","og_url":"https:\/\/www.lidl-kochen.de\/kochideen\/traditionen-vorsaetze-neujahr-silvester\/","og_site_name":"Lidl Kochen Magazin","article_published_time":"2021-12-13T07:49:57+00:00","article_modified_time":"2023-06-20T08:27:40+00:00","og_image":[{"width":1024,"height":683,"url":"https:\/\/www.lidl-kochen.de\/kochideen\/wp-content\/uploads\/2021\/12\/AdobeStock_461423066_neujahr-1.png","type":"image\/png"}],"author":"Anna Loraine Hartmann","twitter_card":"summary_large_image","twitter_misc":{"Verfasst von":"Anna Loraine Hartmann","Gesch\u00e4tzte Lesezeit":"3\u00a0Minuten"},"schema":{"@context":"https:\/\/schema.org","@graph":[{"@type":"Article","@id":"https:\/\/www.lidl-kochen.de\/kochideen\/traditionen-vorsaetze-neujahr-silvester\/#article","isPartOf":{"@id":"https:\/\/www.lidl-kochen.de\/kochideen\/traditionen-vorsaetze-neujahr-silvester\/"},"author":{"name":"Anna Loraine Hartmann","@id":"https:\/\/www.lidl-kochen.de\/kochideen\/#\/schema\/person\/ea897e5ed76af86c2bd8570b3d0bf8a9"},"headline":"Traditionen, Vors\u00e4tze und Br\u00e4uche zu Neujahr","datePublished":"2021-12-13T07:49:57+00:00","dateModified":"2023-06-20T08:27:40+00:00","mainEntityOfPage":{"@id":"https:\/\/www.lidl-kochen.de\/kochideen\/traditionen-vorsaetze-neujahr-silvester\/"},"wordCount":542,"image":{"@id":"https:\/\/www.lidl-kochen.de\/kochideen\/traditionen-vorsaetze-neujahr-silvester\/#primaryimage"},"thumbnailUrl":"https:\/\/www.lidl-kochen.de\/kochideen\/wp-content\/uploads\/2021\/12\/AdobeStock_461423066_neujahr-1.png","keywords":["Braeuche","Gesund","Silvester","Tradition"],"articleSection":["Koch- &amp; K\u00fcchenwissen"],"inLanguage":"de"},{"@type":"WebPage","@id":"https:\/\/www.lidl-kochen.de\/kochideen\/traditionen-vorsaetze-neujahr-silvester\/","url":"https:\/\/www.lidl-kochen.de\/kochideen\/traditionen-vorsaetze-neujahr-silvester\/","name":"Traditionen, Vors\u00e4tze und Br\u00e4uche zu Neujahr | Lidl Kochen Magazin","isPartOf":{"@id":"https:\/\/www.lidl-kochen.de\/kochideen\/#website"},"primaryImageOfPage":{"@id":"https:\/\/www.lidl-kochen.de\/kochideen\/traditionen-vorsaetze-neujahr-silvester\/#primaryimage"},"image":{"@id":"https:\/\/www.lidl-kochen.de\/kochideen\/traditionen-vorsaetze-neujahr-silvester\/#primaryimage"},"thumbnailUrl":"https:\/\/www.lidl-kochen.de\/kochideen\/wp-content\/uploads\/2021\/12\/AdobeStock_461423066_neujahr-1.png","datePublished":"2021-12-13T07:49:57+00:00","dateModified":"2023-06-20T08:27:40+00:00","author":{"@id":"https:\/\/www.lidl-kochen.de\/kochideen\/#\/schema\/person\/ea897e5ed76af86c2bd8570b3d0bf8a9"},"description":"So unterschiedlich die Br\u00e4uche und Traditionen zum Jahreswechsel auch sein m\u00f6gen, haben sie eines gemein: Sie sollen Gl\u00fcck bringen und sich positiv auf das Leben auswirken.","breadcrumb":{"@id":"https:\/\/www.lidl-kochen.de\/kochideen\/traditionen-vorsaetze-neujahr-silvester\/#breadcrumb"},"inLanguage":"de","potentialAction":[{"@type":"ReadAction","target":["https:\/\/www.lidl-kochen.de\/kochideen\/traditionen-vorsaetze-neujahr-silvester\/"]}]},{"@type":"ImageObject","inLanguage":"de","@id":"https:\/\/www.lidl-kochen.de\/kochideen\/traditionen-vorsaetze-neujahr-silvester\/#primaryimage","url":"https:\/\/www.lidl-kochen.de\/kochideen\/wp-content\/uploads\/2021\/12\/AdobeStock_461423066_neujahr-1.png","contentUrl":"https:\/\/www.lidl-kochen.de\/kochideen\/wp-content\/uploads\/2021\/12\/AdobeStock_461423066_neujahr-1.png","width":1024,"height":683,"caption":"Eierlik\u00f6r ist sicherlich eines der kultigsten Getr\u00e4nke \u00fcberhaupt! Viele Menschen lieben es, den Lik\u00f6r nicht nur zu kaufen, sondern ganz einfach selbst herzustellen. Sp\u00e4testens dann stellt sich jedoch oft die Frage: Wie lange ist Eierlik\u00f6r eigentlich haltbar?"},{"@type":"BreadcrumbList","@id":"https:\/\/www.lidl-kochen.de\/kochideen\/traditionen-vorsaetze-neujahr-silvester\/#breadcrumb","itemListElement":[{"@type":"ListItem","position":1,"name":"Startseite","item":"https:\/\/www.lidl-kochen.de\/kochideen\/"},{"@type":"ListItem","position":2,"name":"Traditionen, Vors\u00e4tze und Br\u00e4uche zu Neujahr"}]},{"@type":"WebSite","@id":"https:\/\/www.lidl-kochen.de\/kochideen\/#website","url":"https:\/\/www.lidl-kochen.de\/kochideen\/","name":"Lidl Kochen Magazin","description":"Das Magazin rund ums Kochen","potentialAction":[{"@type":"SearchAction","target":{"@type":"EntryPoint","urlTemplate":"https:\/\/www.lidl-kochen.de\/kochideen\/?s={search_term_string}"},"query-input":{"@type":"PropertyValueSpecification","valueRequired":true,"valueName":"search_term_string"}}],"inLanguage":"de"},{"@type":"Person","@id":"https:\/\/www.lidl-kochen.de\/kochideen\/#\/schema\/person\/ea897e5ed76af86c2bd8570b3d0bf8a9","name":"Anna Loraine Hartmann","image":{"@type":"ImageObject","inLanguage":"de","@id":"https:\/\/secure.gravatar.com\/avatar\/0fd5f03ba99d0df2b345928a1360c215de34857da7adee6280fb95b22bbd16cc?s=96&d=mm&r=g","url":"https:\/\/secure.gravatar.com\/avatar\/0fd5f03ba99d0df2b345928a1360c215de34857da7adee6280fb95b22bbd16cc?s=96&d=mm&r=g","contentUrl":"https:\/\/secure.gravatar.com\/avatar\/0fd5f03ba99d0df2b345928a1360c215de34857da7adee6280fb95b22bbd16cc?s=96&d=mm&r=g","caption":"Anna Loraine Hartmann"}}]}},"_links":{"self":[{"href":"https:\/\/www.lidl-kochen.de\/kochideen\/wp-json\/wp\/v2\/posts\/3913","targetHints":{"allow":["GET"]}}],"collection":[{"href":"https:\/\/www.lidl-kochen.de\/kochideen\/wp-json\/wp\/v2\/posts"}],"about":[{"href":"https:\/\/www.lidl-kochen.de\/kochideen\/wp-json\/wp\/v2\/types\/post"}],"author":[{"embeddable":true,"href":"https:\/\/www.lidl-kochen.de\/kochideen\/wp-json\/wp\/v2\/users\/13"}],"replies":[{"embeddable":true,"href":"https:\/\/www.lidl-kochen.de\/kochideen\/wp-json\/wp\/v2\/comments?post=3913"}],"version-history":[{"count":3,"href":"https:\/\/www.lidl-kochen.de\/kochideen\/wp-json\/wp\/v2\/posts\/3913\/revisions"}],"predecessor-version":[{"id":4033,"href":"https:\/\/www.lidl-kochen.de\/kochideen\/wp-json\/wp\/v2\/posts\/3913\/revisions\/4033"}],"wp:featuredmedia":[{"embeddable":true,"href":"https:\/\/www.lidl-kochen.de\/kochideen\/wp-json\/wp\/v2\/media\/3915"}],"wp:attachment":[{"href":"https:\/\/www.lidl-kochen.de\/kochideen\/wp-json\/wp\/v2\/media?parent=3913"}],"wp:term":[{"taxonomy":"category","embeddable":true,"href":"https:\/\/www.lidl-kochen.de\/kochideen\/wp-json\/wp\/v2\/categories?post=3913"},{"taxonomy":"post_tag","embeddable":true,"href":"https:\/\/www.lidl-kochen.de\/kochideen\/wp-json\/wp\/v2\/tags?post=3913"},{"taxonomy":"schlagworte","embeddable":true,"href":"https:\/\/www.lidl-kochen.de\/kochideen\/wp-json\/wp\/v2\/schlagworte?post=3913"}],"curies":[{"name":"wp","href":"https:\/\/api.w.org\/{rel}","templated":true}]}}