{"id":3827,"date":"2021-10-14T06:20:17","date_gmt":"2021-10-14T06:20:17","guid":{"rendered":"https:\/\/www.lidl-kochen.de\/kochideen\/?p=3827"},"modified":"2023-06-20T10:28:19","modified_gmt":"2023-06-20T08:28:19","slug":"welches-ist-die-richtige-temperatur-fuer-den-kuehlschrank","status":"publish","type":"post","link":"https:\/\/www.lidl-kochen.de\/kochideen\/welches-ist-die-richtige-temperatur-fuer-den-kuehlschrank\/","title":{"rendered":"Welches ist die richtige Temperatur f\u00fcr den K\u00fchlschrank?"},"content":{"rendered":"\n<p>Beim K\u00fchlschrank handelt es sich im Allgemeinen um den Ort, an dem viele Lebensmittel gelagert werden.<\/p>\n\n\n\n<p>Die entsprechenden Ger\u00e4te sorgen jedoch nicht nur f\u00fcr niedrige Temperaturen, sondern folgen einem bestimmten Prinzip. Das bedeutet, dass es falsch w\u00e4re, mit dem K\u00fchlschrank einfach nur \u201ekalt\u201c zu verbinden. Vielmehr gibt es sie tats\u00e4chlich: die ideale Temperatur im Inneren!<\/p>\n\n\n\n<p>Dass es hier zudem verschiedene Temperaturzonen gibt, spart zudem Energie und damit Geld. Um diese Tatsache dann wiederrum jedoch optimal nutzen zu k\u00f6nnen, ist es wichtig, zu wissen, wo welche Lebensmittel am besten (und bei welcher Temperatur) gelagert werden sollten. Die folgenden Abschnitte helfen dabei, das Prinzip, das der K\u00fchlung im K\u00fchlschrank zugrunde liegt, ein wenig mehr zu durchschauen.<\/p>\n\n\n\n<h1 class=\"wp-block-heading\">Der K\u00fchlschrank und seine Temperaturzonen<\/h1>\n\n\n\n<p>Die physikalische Gegebenheit, dass warme Luft nach oben steigt und kalte Luft nach unten \u201ef\u00e4llt\u201c, gilt selbstverst\u00e4ndlich auch in einem K\u00fchlschrank.<\/p>\n\n\n\n<p>Denn: kalte Luft zeichnet sich durch eine h\u00f6here Dichte als warme Luft aus. So ergeben sich die unterschiedlichen Temperaturen von ganz alleine. Und das hat den enormen Vorteil, dass so die unterschiedlichsten Lebensmittel \u2013 basierend auf ihren Bed\u00fcrfnissen &#8211; ideal gelagert werden k\u00f6nnen. Doch was bedeuten die unterschiedlichen Temperaturzonen eigentlich im Detail?<\/p>\n\n\n\n<p>Die k\u00e4lteste Zone befindet sich oberhalb des Gem\u00fcse- und Obstfachs. Dort herrscht meist eine Temperatur von etwa zwei Grad Celsius. Hier f\u00fchlen sich vor allem empfindliche Lebensmittel, wie roher Fisch und rohes Fleisch, besonders wohl. Doch auch andere, leicht-verderbliche Speisen k\u00f6nnen hier aufbewahrt werden.<\/p>\n\n\n\t\t<div data-elementor-type=\"section\" data-elementor-id=\"426\" class=\"elementor elementor-426\" data-elementor-post-type=\"elementor_library\">\n\t\t\t\t\t<section class=\"elementor-section elementor-top-section elementor-element elementor-element-5a19f4f elementor-section-full_width elementor-section-height-default elementor-section-height-default\" data-id=\"5a19f4f\" data-element_type=\"section\" data-e-type=\"section\" data-settings=\"{&quot;jet_parallax_layout_list&quot;:[{&quot;jet_parallax_layout_image&quot;:{&quot;url&quot;:&quot;&quot;,&quot;id&quot;:&quot;&quot;,&quot;size&quot;:&quot;&quot;},&quot;_id&quot;:&quot;72f4053&quot;,&quot;jet_parallax_layout_image_tablet&quot;:{&quot;url&quot;:&quot;&quot;,&quot;id&quot;:&quot;&quot;,&quot;size&quot;:&quot;&quot;},&quot;jet_parallax_layout_image_mobile&quot;:{&quot;url&quot;:&quot;&quot;,&quot;id&quot;:&quot;&quot;,&quot;size&quot;:&quot;&quot;},&quot;jet_parallax_layout_speed&quot;:{&quot;unit&quot;:&quot;%&quot;,&quot;size&quot;:50,&quot;sizes&quot;:[]},&quot;jet_parallax_layout_type&quot;:&quot;scroll&quot;,&quot;jet_parallax_layout_direction&quot;:&quot;1&quot;,&quot;jet_parallax_layout_fx_direction&quot;:null,&quot;jet_parallax_layout_z_index&quot;:&quot;&quot;,&quot;jet_parallax_layout_bg_x&quot;:50,&quot;jet_parallax_layout_bg_x_tablet&quot;:&quot;&quot;,&quot;jet_parallax_layout_bg_x_mobile&quot;:&quot;&quot;,&quot;jet_parallax_layout_bg_y&quot;:50,&quot;jet_parallax_layout_bg_y_tablet&quot;:&quot;&quot;,&quot;jet_parallax_layout_bg_y_mobile&quot;:&quot;&quot;,&quot;jet_parallax_layout_bg_size&quot;:&quot;auto&quot;,&quot;jet_parallax_layout_bg_size_tablet&quot;:&quot;&quot;,&quot;jet_parallax_layout_bg_size_mobile&quot;:&quot;&quot;,&quot;jet_parallax_layout_animation_prop&quot;:&quot;transform&quot;,&quot;jet_parallax_layout_on&quot;:[&quot;desktop&quot;,&quot;tablet&quot;]}]}\">\n\t\t\t\t\t\t<div class=\"elementor-container elementor-column-gap-default\">\n\t\t\t\t\t<div class=\"elementor-column elementor-col-100 elementor-top-column elementor-element elementor-element-b1cd5c3\" data-id=\"b1cd5c3\" data-element_type=\"column\" data-e-type=\"column\" data-settings=\"{&quot;background_background&quot;:&quot;classic&quot;,&quot;_ob_teleporter_use&quot;:false}\">\n\t\t\t<div class=\"elementor-widget-wrap elementor-element-populated\">\n\t\t\t\t\t\t<div class=\"elementor-element elementor-element-cc19aec elementor-widget elementor-widget-jet-listing-grid\" data-id=\"cc19aec\" data-element_type=\"widget\" data-e-type=\"widget\" data-settings=\"{&quot;columns&quot;:&quot;2&quot;,&quot;columns_tablet&quot;:&quot;2&quot;,&quot;columns_mobile&quot;:&quot;1&quot;}\" data-widget_type=\"jet-listing-grid.default\">\n\t\t\t\t<div class=\"elementor-widget-container\">\n\t\t\t\t\t<div class=\"jet-listing-grid jet-listing\"><div class=\"jet-listing-grid__items grid-col-desk-2 grid-col-tablet-2 grid-col-mobile-1 jet-listing-grid--344\" data-queried-id=\"3827|WP_Post\" data-nav=\"{&quot;enabled&quot;:false,&quot;type&quot;:null,&quot;more_el&quot;:null,&quot;query&quot;:[],&quot;widget_settings&quot;:{&quot;lisitng_id&quot;:344,&quot;posts_num&quot;:2,&quot;columns&quot;:2,&quot;columns_tablet&quot;:2,&quot;columns_mobile&quot;:1,&quot;column_min_width&quot;:240,&quot;column_min_width_tablet&quot;:240,&quot;column_min_width_mobile&quot;:240,&quot;inline_columns_css&quot;:false,&quot;is_archive_template&quot;:&quot;&quot;,&quot;post_status&quot;:[&quot;publish&quot;],&quot;use_random_posts_num&quot;:&quot;&quot;,&quot;max_posts_num&quot;:9,&quot;not_found_message&quot;:&quot;No data was found&quot;,&quot;is_masonry&quot;:false,&quot;equal_columns_height&quot;:&quot;&quot;,&quot;use_load_more&quot;:&quot;&quot;,&quot;load_more_id&quot;:&quot;&quot;,&quot;load_more_type&quot;:&quot;click&quot;,&quot;load_more_offset&quot;:{&quot;unit&quot;:&quot;px&quot;,&quot;size&quot;:0,&quot;sizes&quot;:[]},&quot;use_custom_post_types&quot;:&quot;&quot;,&quot;custom_post_types&quot;:[],&quot;hide_widget_if&quot;:&quot;&quot;,&quot;carousel_enabled&quot;:&quot;&quot;,&quot;slides_to_scroll&quot;:&quot;1&quot;,&quot;arrows&quot;:&quot;true&quot;,&quot;arrow_icon&quot;:&quot;fa fa-angle-left&quot;,&quot;dots&quot;:&quot;&quot;,&quot;autoplay&quot;:&quot;true&quot;,&quot;pause_on_hover&quot;:&quot;true&quot;,&quot;autoplay_speed&quot;:5000,&quot;infinite&quot;:&quot;true&quot;,&quot;center_mode&quot;:&quot;&quot;,&quot;effect&quot;:&quot;slide&quot;,&quot;speed&quot;:500,&quot;inject_alternative_items&quot;:&quot;&quot;,&quot;injection_items&quot;:[],&quot;scroll_slider_enabled&quot;:&quot;&quot;,&quot;scroll_slider_on&quot;:[&quot;desktop&quot;,&quot;tablet&quot;,&quot;mobile&quot;],&quot;custom_query&quot;:false,&quot;custom_query_id&quot;:&quot;&quot;,&quot;_element_id&quot;:&quot;&quot;,&quot;collapse_first_last_gap&quot;:false,&quot;list_tag_selection&quot;:&quot;&quot;,&quot;list_items_wrapper_tag&quot;:&quot;div&quot;,&quot;list_item_tag&quot;:&quot;div&quot;,&quot;empty_items_wrapper_tag&quot;:&quot;div&quot;}}\" data-page=\"1\" data-pages=\"20\" data-listing-source=\"posts\" data-listing-id=\"344\" data-query-id=\"\"><div class=\"jet-listing-grid__item jet-listing-dynamic-post-1453\" data-post-id=\"1453\"  ><div class=\"jet-engine-listing-overlay-wrap\" data-url=\"https:\/\/www.lidl.de\/de\/clatronic-reiskocher-rk-3566\/p212586?utm_source=lk_magazin&amp;utm_medium=produkt&amp;utm_campaign=magazin\">\t\t<div data-elementor-type=\"jet-listing-items\" data-elementor-id=\"344\" class=\"elementor elementor-344\" data-elementor-post-type=\"jet-engine\">\n\t\t\t\t\t\t<section class=\"elementor-section elementor-top-section elementor-element elementor-element-415e7b0 elementor-section-boxed elementor-section-height-default elementor-section-height-default\" data-id=\"415e7b0\" data-element_type=\"section\" data-e-type=\"section\" data-settings=\"{&quot;jet_parallax_layout_list&quot;:[{&quot;jet_parallax_layout_image&quot;:{&quot;url&quot;:&quot;&quot;,&quot;id&quot;:&quot;&quot;,&quot;size&quot;:&quot;&quot;},&quot;_id&quot;:&quot;46433ef&quot;,&quot;jet_parallax_layout_image_tablet&quot;:{&quot;url&quot;:&quot;&quot;,&quot;id&quot;:&quot;&quot;,&quot;size&quot;:&quot;&quot;},&quot;jet_parallax_layout_image_mobile&quot;:{&quot;url&quot;:&quot;&quot;,&quot;id&quot;:&quot;&quot;,&quot;size&quot;:&quot;&quot;},&quot;jet_parallax_layout_speed&quot;:{&quot;unit&quot;:&quot;%&quot;,&quot;size&quot;:50,&quot;sizes&quot;:[]},&quot;jet_parallax_layout_type&quot;:&quot;scroll&quot;,&quot;jet_parallax_layout_direction&quot;:&quot;1&quot;,&quot;jet_parallax_layout_fx_direction&quot;:null,&quot;jet_parallax_layout_z_index&quot;:&quot;&quot;,&quot;jet_parallax_layout_bg_x&quot;:50,&quot;jet_parallax_layout_bg_x_tablet&quot;:&quot;&quot;,&quot;jet_parallax_layout_bg_x_mobile&quot;:&quot;&quot;,&quot;jet_parallax_layout_bg_y&quot;:50,&quot;jet_parallax_layout_bg_y_tablet&quot;:&quot;&quot;,&quot;jet_parallax_layout_bg_y_mobile&quot;:&quot;&quot;,&quot;jet_parallax_layout_bg_size&quot;:&quot;auto&quot;,&quot;jet_parallax_layout_bg_size_tablet&quot;:&quot;&quot;,&quot;jet_parallax_layout_bg_size_mobile&quot;:&quot;&quot;,&quot;jet_parallax_layout_animation_prop&quot;:&quot;transform&quot;,&quot;jet_parallax_layout_on&quot;:[&quot;desktop&quot;,&quot;tablet&quot;]}]}\">\n\t\t\t\t\t\t<div class=\"elementor-container elementor-column-gap-default\">\n\t\t\t\t\t<div class=\"elementor-column elementor-col-100 elementor-top-column elementor-element elementor-element-fb36579\" data-id=\"fb36579\" data-element_type=\"column\" data-e-type=\"column\">\n\t\t\t<div class=\"elementor-widget-wrap elementor-element-populated\">\n\t\t\t\t\t\t<section class=\"elementor-section elementor-inner-section elementor-element elementor-element-3470411 elementor-section-boxed elementor-section-height-default elementor-section-height-default\" data-id=\"3470411\" data-element_type=\"section\" data-e-type=\"section\" data-settings=\"{&quot;jet_parallax_layout_list&quot;:[{&quot;jet_parallax_layout_image&quot;:{&quot;url&quot;:&quot;&quot;,&quot;id&quot;:&quot;&quot;,&quot;size&quot;:&quot;&quot;},&quot;_id&quot;:&quot;bd0bd24&quot;,&quot;jet_parallax_layout_image_tablet&quot;:{&quot;url&quot;:&quot;&quot;,&quot;id&quot;:&quot;&quot;,&quot;size&quot;:&quot;&quot;},&quot;jet_parallax_layout_image_mobile&quot;:{&quot;url&quot;:&quot;&quot;,&quot;id&quot;:&quot;&quot;,&quot;size&quot;:&quot;&quot;},&quot;jet_parallax_layout_speed&quot;:{&quot;unit&quot;:&quot;%&quot;,&quot;size&quot;:50,&quot;sizes&quot;:[]},&quot;jet_parallax_layout_type&quot;:&quot;scroll&quot;,&quot;jet_parallax_layout_direction&quot;:&quot;1&quot;,&quot;jet_parallax_layout_fx_direction&quot;:null,&quot;jet_parallax_layout_z_index&quot;:&quot;&quot;,&quot;jet_parallax_layout_bg_x&quot;:50,&quot;jet_parallax_layout_bg_x_tablet&quot;:&quot;&quot;,&quot;jet_parallax_layout_bg_x_mobile&quot;:&quot;&quot;,&quot;jet_parallax_layout_bg_y&quot;:50,&quot;jet_parallax_layout_bg_y_tablet&quot;:&quot;&quot;,&quot;jet_parallax_layout_bg_y_mobile&quot;:&quot;&quot;,&quot;jet_parallax_layout_bg_size&quot;:&quot;auto&quot;,&quot;jet_parallax_layout_bg_size_tablet&quot;:&quot;&quot;,&quot;jet_parallax_layout_bg_size_mobile&quot;:&quot;&quot;,&quot;jet_parallax_layout_animation_prop&quot;:&quot;transform&quot;,&quot;jet_parallax_layout_on&quot;:[&quot;desktop&quot;,&quot;tablet&quot;]}],&quot;background_background&quot;:&quot;classic&quot;}\">\n\t\t\t\t\t\t<div class=\"elementor-container elementor-column-gap-default\">\n\t\t\t\t\t<div class=\"elementor-column elementor-col-100 elementor-inner-column elementor-element elementor-element-7bf52b0\" data-id=\"7bf52b0\" data-element_type=\"column\" data-e-type=\"column\" data-settings=\"{&quot;_ob_teleporter_use&quot;:false}\">\n\t\t\t<div class=\"elementor-widget-wrap elementor-element-populated\">\n\t\t\t\t\t\t<div class=\"elementor-element elementor-element-bd9459e elementor-widget elementor-widget-heading\" data-id=\"bd9459e\" data-element_type=\"widget\" data-e-type=\"widget\" data-widget_type=\"heading.default\">\n\t\t\t\t<div class=\"elementor-widget-container\">\n\t\t\t\t\t<div class=\"elementor-heading-title elementor-size-default\">CLATRONIC Reiskocher RK 3566<\/div>\t\t\t\t<\/div>\n\t\t\t\t<\/div>\n\t\t\t\t<div class=\"elementor-element elementor-element-7e00b57 elementor-widget elementor-widget-image\" data-id=\"7e00b57\" data-element_type=\"widget\" data-e-type=\"widget\" data-widget_type=\"image.default\">\n\t\t\t\t<div class=\"elementor-widget-container\">\n\t\t\t\t\t\t\t\t\t\t\t\t\t\t\t<img fetchpriority=\"high\" decoding=\"async\" width=\"772\" height=\"579\" src=\"https:\/\/www.lidl-kochen.de\/kochideen\/wp-content\/uploads\/2021\/02\/clatronic-reiskocher-rk-3566.jpg\" class=\"attachment-large size-large wp-image-1460\" alt=\"CLATRONIC Reiskocher RK 3566\" srcset=\"https:\/\/www.lidl-kochen.de\/kochideen\/wp-content\/uploads\/2021\/02\/clatronic-reiskocher-rk-3566.jpg 772w, https:\/\/www.lidl-kochen.de\/kochideen\/wp-content\/uploads\/2021\/02\/clatronic-reiskocher-rk-3566-300x225.jpg 300w, https:\/\/www.lidl-kochen.de\/kochideen\/wp-content\/uploads\/2021\/02\/clatronic-reiskocher-rk-3566-768x576.jpg 768w\" sizes=\"(max-width: 772px) 100vw, 772px\" \/>\t\t\t\t\t\t\t\t\t\t\t\t\t\t\t<\/div>\n\t\t\t\t<\/div>\n\t\t\t\t\t<\/div>\n\t\t<\/div>\n\t\t\t\t\t<\/div>\n\t\t<\/section>\n\t\t\t\t<div class=\"elementor-element elementor-element-537d953 elementor-widget elementor-widget-heading\" data-id=\"537d953\" data-element_type=\"widget\" data-e-type=\"widget\" data-widget_type=\"heading.default\">\n\t\t\t\t<div class=\"elementor-widget-container\">\n\t\t\t\t\t<div class=\"elementor-heading-title elementor-size-default\"><a href=\"https:\/\/www.lidl.de\/de\/clatronic-reiskocher-rk-3566\/p212586?utm_source=lk_magazin&#038;utm_medium=produkt&#038;utm_campaign=magazin\">Im Shop Ansehen<\/a><\/div>\t\t\t\t<\/div>\n\t\t\t\t<\/div>\n\t\t\t\t\t<\/div>\n\t\t<\/div>\n\t\t\t\t\t<\/div>\n\t\t<\/section>\n\t\t\t\t<\/div>\n\t\t<a href=\"https:\/\/www.lidl.de\/de\/clatronic-reiskocher-rk-3566\/p212586?utm_source=lk_magazin&amp;utm_medium=produkt&amp;utm_campaign=magazin\" class=\"jet-engine-listing-overlay-link\"><\/a><\/div><\/div><div class=\"jet-listing-grid__item jet-listing-dynamic-post-1358\" data-post-id=\"1358\"  ><div class=\"jet-engine-listing-overlay-wrap\" data-url=\"https:\/\/www.lidl.de\/de\/ernesto-aluminiumpfanne-28-cm-mit-edelstahlgriff\/p368104?utm_source=lk_magazin&amp;utm_medium=produkt&amp;utm_campaign=magazin\">\t\t<div data-elementor-type=\"jet-listing-items\" data-elementor-id=\"344\" class=\"elementor elementor-344\" data-elementor-post-type=\"jet-engine\">\n\t\t\t\t\t\t<section class=\"elementor-section elementor-top-section elementor-element elementor-element-415e7b0 elementor-section-boxed elementor-section-height-default elementor-section-height-default\" data-id=\"415e7b0\" data-element_type=\"section\" data-e-type=\"section\" data-settings=\"{&quot;jet_parallax_layout_list&quot;:[{&quot;jet_parallax_layout_image&quot;:{&quot;url&quot;:&quot;&quot;,&quot;id&quot;:&quot;&quot;,&quot;size&quot;:&quot;&quot;},&quot;_id&quot;:&quot;46433ef&quot;,&quot;jet_parallax_layout_image_tablet&quot;:{&quot;url&quot;:&quot;&quot;,&quot;id&quot;:&quot;&quot;,&quot;size&quot;:&quot;&quot;},&quot;jet_parallax_layout_image_mobile&quot;:{&quot;url&quot;:&quot;&quot;,&quot;id&quot;:&quot;&quot;,&quot;size&quot;:&quot;&quot;},&quot;jet_parallax_layout_speed&quot;:{&quot;unit&quot;:&quot;%&quot;,&quot;size&quot;:50,&quot;sizes&quot;:[]},&quot;jet_parallax_layout_type&quot;:&quot;scroll&quot;,&quot;jet_parallax_layout_direction&quot;:&quot;1&quot;,&quot;jet_parallax_layout_fx_direction&quot;:null,&quot;jet_parallax_layout_z_index&quot;:&quot;&quot;,&quot;jet_parallax_layout_bg_x&quot;:50,&quot;jet_parallax_layout_bg_x_tablet&quot;:&quot;&quot;,&quot;jet_parallax_layout_bg_x_mobile&quot;:&quot;&quot;,&quot;jet_parallax_layout_bg_y&quot;:50,&quot;jet_parallax_layout_bg_y_tablet&quot;:&quot;&quot;,&quot;jet_parallax_layout_bg_y_mobile&quot;:&quot;&quot;,&quot;jet_parallax_layout_bg_size&quot;:&quot;auto&quot;,&quot;jet_parallax_layout_bg_size_tablet&quot;:&quot;&quot;,&quot;jet_parallax_layout_bg_size_mobile&quot;:&quot;&quot;,&quot;jet_parallax_layout_animation_prop&quot;:&quot;transform&quot;,&quot;jet_parallax_layout_on&quot;:[&quot;desktop&quot;,&quot;tablet&quot;]}]}\">\n\t\t\t\t\t\t<div class=\"elementor-container elementor-column-gap-default\">\n\t\t\t\t\t<div class=\"elementor-column elementor-col-100 elementor-top-column elementor-element elementor-element-fb36579\" data-id=\"fb36579\" data-element_type=\"column\" data-e-type=\"column\">\n\t\t\t<div class=\"elementor-widget-wrap elementor-element-populated\">\n\t\t\t\t\t\t<section class=\"elementor-section elementor-inner-section elementor-element elementor-element-3470411 elementor-section-boxed elementor-section-height-default elementor-section-height-default\" data-id=\"3470411\" data-element_type=\"section\" data-e-type=\"section\" data-settings=\"{&quot;jet_parallax_layout_list&quot;:[{&quot;jet_parallax_layout_image&quot;:{&quot;url&quot;:&quot;&quot;,&quot;id&quot;:&quot;&quot;,&quot;size&quot;:&quot;&quot;},&quot;_id&quot;:&quot;bd0bd24&quot;,&quot;jet_parallax_layout_image_tablet&quot;:{&quot;url&quot;:&quot;&quot;,&quot;id&quot;:&quot;&quot;,&quot;size&quot;:&quot;&quot;},&quot;jet_parallax_layout_image_mobile&quot;:{&quot;url&quot;:&quot;&quot;,&quot;id&quot;:&quot;&quot;,&quot;size&quot;:&quot;&quot;},&quot;jet_parallax_layout_speed&quot;:{&quot;unit&quot;:&quot;%&quot;,&quot;size&quot;:50,&quot;sizes&quot;:[]},&quot;jet_parallax_layout_type&quot;:&quot;scroll&quot;,&quot;jet_parallax_layout_direction&quot;:&quot;1&quot;,&quot;jet_parallax_layout_fx_direction&quot;:null,&quot;jet_parallax_layout_z_index&quot;:&quot;&quot;,&quot;jet_parallax_layout_bg_x&quot;:50,&quot;jet_parallax_layout_bg_x_tablet&quot;:&quot;&quot;,&quot;jet_parallax_layout_bg_x_mobile&quot;:&quot;&quot;,&quot;jet_parallax_layout_bg_y&quot;:50,&quot;jet_parallax_layout_bg_y_tablet&quot;:&quot;&quot;,&quot;jet_parallax_layout_bg_y_mobile&quot;:&quot;&quot;,&quot;jet_parallax_layout_bg_size&quot;:&quot;auto&quot;,&quot;jet_parallax_layout_bg_size_tablet&quot;:&quot;&quot;,&quot;jet_parallax_layout_bg_size_mobile&quot;:&quot;&quot;,&quot;jet_parallax_layout_animation_prop&quot;:&quot;transform&quot;,&quot;jet_parallax_layout_on&quot;:[&quot;desktop&quot;,&quot;tablet&quot;]}],&quot;background_background&quot;:&quot;classic&quot;}\">\n\t\t\t\t\t\t<div class=\"elementor-container elementor-column-gap-default\">\n\t\t\t\t\t<div class=\"elementor-column elementor-col-100 elementor-inner-column elementor-element elementor-element-7bf52b0\" data-id=\"7bf52b0\" data-element_type=\"column\" data-e-type=\"column\" data-settings=\"{&quot;_ob_teleporter_use&quot;:false}\">\n\t\t\t<div class=\"elementor-widget-wrap elementor-element-populated\">\n\t\t\t\t\t\t<div class=\"elementor-element elementor-element-bd9459e elementor-widget elementor-widget-heading\" data-id=\"bd9459e\" data-element_type=\"widget\" data-e-type=\"widget\" data-widget_type=\"heading.default\">\n\t\t\t\t<div class=\"elementor-widget-container\">\n\t\t\t\t\t<div class=\"elementor-heading-title elementor-size-default\">ERNESTO\u00ae Aluminiumpfanne, 28 cm<\/div>\t\t\t\t<\/div>\n\t\t\t\t<\/div>\n\t\t\t\t<div class=\"elementor-element elementor-element-7e00b57 elementor-widget elementor-widget-image\" data-id=\"7e00b57\" data-element_type=\"widget\" data-e-type=\"widget\" data-widget_type=\"image.default\">\n\t\t\t\t<div class=\"elementor-widget-container\">\n\t\t\t\t\t\t\t\t\t\t\t\t\t\t\t<img decoding=\"async\" width=\"772\" height=\"579\" src=\"https:\/\/www.lidl-kochen.de\/kochideen\/wp-content\/uploads\/2021\/02\/ernesto-aluminiumpfanne-28-cm.jpg\" class=\"attachment-large size-large wp-image-1359\" alt=\"ERNESTO\u00ae Aluminiumpfanne, 28 cm\" srcset=\"https:\/\/www.lidl-kochen.de\/kochideen\/wp-content\/uploads\/2021\/02\/ernesto-aluminiumpfanne-28-cm.jpg 772w, https:\/\/www.lidl-kochen.de\/kochideen\/wp-content\/uploads\/2021\/02\/ernesto-aluminiumpfanne-28-cm-300x225.jpg 300w, https:\/\/www.lidl-kochen.de\/kochideen\/wp-content\/uploads\/2021\/02\/ernesto-aluminiumpfanne-28-cm-768x576.jpg 768w\" sizes=\"(max-width: 772px) 100vw, 772px\" \/>\t\t\t\t\t\t\t\t\t\t\t\t\t\t\t<\/div>\n\t\t\t\t<\/div>\n\t\t\t\t\t<\/div>\n\t\t<\/div>\n\t\t\t\t\t<\/div>\n\t\t<\/section>\n\t\t\t\t<div class=\"elementor-element elementor-element-537d953 elementor-widget elementor-widget-heading\" data-id=\"537d953\" data-element_type=\"widget\" data-e-type=\"widget\" data-widget_type=\"heading.default\">\n\t\t\t\t<div class=\"elementor-widget-container\">\n\t\t\t\t\t<div class=\"elementor-heading-title elementor-size-default\"><a href=\"https:\/\/www.lidl.de\/de\/ernesto-aluminiumpfanne-28-cm-mit-edelstahlgriff\/p368104?utm_source=lk_magazin&#038;utm_medium=produkt&#038;utm_campaign=magazin\">Im Shop Ansehen<\/a><\/div>\t\t\t\t<\/div>\n\t\t\t\t<\/div>\n\t\t\t\t\t<\/div>\n\t\t<\/div>\n\t\t\t\t\t<\/div>\n\t\t<\/section>\n\t\t\t\t<\/div>\n\t\t<a href=\"https:\/\/www.lidl.de\/de\/ernesto-aluminiumpfanne-28-cm-mit-edelstahlgriff\/p368104?utm_source=lk_magazin&amp;utm_medium=produkt&amp;utm_campaign=magazin\" class=\"jet-engine-listing-overlay-link\"><\/a><\/div><\/div><\/div><\/div>\t\t\t\t<\/div>\n\t\t\t\t<\/div>\n\t\t\t\t\t<\/div>\n\t\t<\/div>\n\t\t\t\t\t<\/div>\n\t\t<\/section>\n\t\t\t\t<\/div>\n\t\t\n\n\n\n<p>Im obersten Fach des K\u00fchlschranks ist die Temperatur am h\u00f6chsten. Deshalb ist dieses Fach unter anderem hervorragend f\u00fcr gekochte Speisen und ge\u00f6ffnete Gl\u00e4ser geeignet. Wer die Haltbarkeit ge\u00f6ffneter Lebensmittel noch weiter steigern m\u00f6chte, sollte den Inhalt der Dosen bzw. Konserven am besten in einem luftdichten Beh\u00e4lter verpacken. So bleiben die Lebensmittel am l\u00e4ngsten frisch.<\/p>\n\n\n\n<p>Im mittleren Fach k\u00f6nnen Milchprodukte jeglicher Art gelagert werden. Neben Milch werden hier also K\u00e4se, Joghurt, Quark und Frischk\u00e4se platziert.<\/p>\n\n\n\n<p>Die K\u00fchlschrankt\u00fcr bietet ebenfalls Platz f\u00fcr Lebensmittel. In den oberen F\u00e4chern sind Eier und Butter am besten aufgehoben. Das untere K\u00fchlschrankt\u00fcrfach bietet Platz f\u00fcr diverse Getr\u00e4nke.<\/p>\n\n\n\n<h1 class=\"wp-block-heading\">Die ideale K\u00fchlschrank-Temperatur<\/h1>\n\n\n\n<p>Die ideale Temperatur f\u00fcr einen K\u00fchlschrank liegt durchschnittlich bei etwa sieben Grad Celsius. Da die Temperaturen im K\u00fchlschrank \u2013 wie bereits beschrieben \u2013 schwanken, wird in der Mitte nachgemessen. Am einfachsten ist es, die Temperatur mit einem Thermometer zu kontrollieren.<\/p>\n\n\n\n<p>Sollte dieses nicht greifbar sein, kann ein einfacher Haushaltstipp bei der Bestimmung der richtigen Werte helfen. Alles, was es braucht, ist ein Paket Butter. Ist diese nicht mehr streichzart, ist der K\u00fchlschrank zu niedrig eingestellt.<\/p>\n\n\n\n<p>Viele Ger\u00e4te sind jedoch mit einem einfachen Regler ausgestattet. Dieser ist in Stufen eingeteilt, in deren Zusammenhang meist zwischen eins und sieben gew\u00e4hlt werden kann. In der Regel reicht es aus, den Zeiger zwischen eins und zwei zu positionieren.<\/p>\n\n\n\n<p>Die meisten K\u00fchlschr\u00e4nke sind viel zu hoch eingestellt. Die Nutzer verbrauchen damit viel zu viel Energie und belasten ihr Haushaltsbudget nur zus\u00e4tzlich.<\/p>\n\n\n\n<p>Deutlich k\u00e4lter ist es dann wiederrum jedoch selbstverst\u00e4ndlich in den Tiefk\u00fchlf\u00e4chern. Dort sollten immer mindestens -18 \u00b0C vorherrschen, um eine optimale K\u00fchlung zu gew\u00e4hrleisten.<\/p>\n\n\n\t\t<div data-elementor-type=\"section\" data-elementor-id=\"437\" class=\"elementor elementor-437\" data-elementor-post-type=\"elementor_library\">\n\t\t\t\t\t<section class=\"elementor-section elementor-top-section elementor-element elementor-element-27cebaf4 elementor-section-full_width elementor-section-height-default elementor-section-height-default\" data-id=\"27cebaf4\" data-element_type=\"section\" data-e-type=\"section\" data-settings=\"{&quot;jet_parallax_layout_list&quot;:[{&quot;jet_parallax_layout_image&quot;:{&quot;url&quot;:&quot;&quot;,&quot;id&quot;:&quot;&quot;,&quot;size&quot;:&quot;&quot;},&quot;_id&quot;:&quot;72f4053&quot;,&quot;jet_parallax_layout_image_tablet&quot;:{&quot;url&quot;:&quot;&quot;,&quot;id&quot;:&quot;&quot;,&quot;size&quot;:&quot;&quot;},&quot;jet_parallax_layout_image_mobile&quot;:{&quot;url&quot;:&quot;&quot;,&quot;id&quot;:&quot;&quot;,&quot;size&quot;:&quot;&quot;},&quot;jet_parallax_layout_speed&quot;:{&quot;unit&quot;:&quot;%&quot;,&quot;size&quot;:50,&quot;sizes&quot;:[]},&quot;jet_parallax_layout_type&quot;:&quot;scroll&quot;,&quot;jet_parallax_layout_direction&quot;:&quot;1&quot;,&quot;jet_parallax_layout_fx_direction&quot;:null,&quot;jet_parallax_layout_z_index&quot;:&quot;&quot;,&quot;jet_parallax_layout_bg_x&quot;:50,&quot;jet_parallax_layout_bg_x_tablet&quot;:&quot;&quot;,&quot;jet_parallax_layout_bg_x_mobile&quot;:&quot;&quot;,&quot;jet_parallax_layout_bg_y&quot;:50,&quot;jet_parallax_layout_bg_y_tablet&quot;:&quot;&quot;,&quot;jet_parallax_layout_bg_y_mobile&quot;:&quot;&quot;,&quot;jet_parallax_layout_bg_size&quot;:&quot;auto&quot;,&quot;jet_parallax_layout_bg_size_tablet&quot;:&quot;&quot;,&quot;jet_parallax_layout_bg_size_mobile&quot;:&quot;&quot;,&quot;jet_parallax_layout_animation_prop&quot;:&quot;transform&quot;,&quot;jet_parallax_layout_on&quot;:[&quot;desktop&quot;,&quot;tablet&quot;]}]}\">\n\t\t\t\t\t\t<div class=\"elementor-container elementor-column-gap-default\">\n\t\t\t\t\t<div class=\"elementor-column elementor-col-100 elementor-top-column elementor-element elementor-element-593b90d9\" data-id=\"593b90d9\" data-element_type=\"column\" data-e-type=\"column\" data-settings=\"{&quot;_ob_teleporter_use&quot;:false}\">\n\t\t\t<div class=\"elementor-widget-wrap elementor-element-populated\">\n\t\t\t\t\t\t<div class=\"elementor-element elementor-element-2b7ca800 elementor-widget elementor-widget-jet-listing-grid\" data-id=\"2b7ca800\" data-element_type=\"widget\" data-e-type=\"widget\" data-settings=\"{&quot;columns&quot;:&quot;1&quot;}\" data-widget_type=\"jet-listing-grid.default\">\n\t\t\t\t<div class=\"elementor-widget-container\">\n\t\t\t\t\t<div class=\"jet-listing-grid jet-listing\"><div class=\"jet-listing-not-found jet-listing-grid__items\" data-nav=\"{&quot;enabled&quot;:false,&quot;type&quot;:null,&quot;more_el&quot;:null,&quot;query&quot;:[],&quot;widget_settings&quot;:{&quot;lisitng_id&quot;:425,&quot;posts_num&quot;:1,&quot;columns&quot;:1,&quot;columns_tablet&quot;:1,&quot;columns_mobile&quot;:1,&quot;column_min_width&quot;:240,&quot;column_min_width_tablet&quot;:240,&quot;column_min_width_mobile&quot;:240,&quot;inline_columns_css&quot;:false,&quot;is_archive_template&quot;:&quot;&quot;,&quot;post_status&quot;:[&quot;publish&quot;],&quot;use_random_posts_num&quot;:&quot;&quot;,&quot;max_posts_num&quot;:9,&quot;not_found_message&quot;:&quot;No data was found&quot;,&quot;is_masonry&quot;:false,&quot;equal_columns_height&quot;:&quot;&quot;,&quot;use_load_more&quot;:&quot;&quot;,&quot;load_more_id&quot;:&quot;&quot;,&quot;load_more_type&quot;:&quot;click&quot;,&quot;load_more_offset&quot;:{&quot;unit&quot;:&quot;px&quot;,&quot;size&quot;:0,&quot;sizes&quot;:[]},&quot;use_custom_post_types&quot;:&quot;&quot;,&quot;custom_post_types&quot;:[],&quot;hide_widget_if&quot;:&quot;&quot;,&quot;carousel_enabled&quot;:&quot;&quot;,&quot;slides_to_scroll&quot;:&quot;1&quot;,&quot;arrows&quot;:&quot;true&quot;,&quot;arrow_icon&quot;:&quot;fa fa-angle-left&quot;,&quot;dots&quot;:&quot;&quot;,&quot;autoplay&quot;:&quot;true&quot;,&quot;pause_on_hover&quot;:&quot;true&quot;,&quot;autoplay_speed&quot;:5000,&quot;infinite&quot;:&quot;true&quot;,&quot;center_mode&quot;:&quot;&quot;,&quot;effect&quot;:&quot;slide&quot;,&quot;speed&quot;:500,&quot;inject_alternative_items&quot;:&quot;&quot;,&quot;injection_items&quot;:[],&quot;scroll_slider_enabled&quot;:&quot;&quot;,&quot;scroll_slider_on&quot;:[&quot;desktop&quot;,&quot;tablet&quot;,&quot;mobile&quot;],&quot;custom_query&quot;:false,&quot;custom_query_id&quot;:&quot;&quot;,&quot;_element_id&quot;:&quot;&quot;,&quot;collapse_first_last_gap&quot;:false,&quot;list_tag_selection&quot;:&quot;&quot;,&quot;list_items_wrapper_tag&quot;:&quot;div&quot;,&quot;list_item_tag&quot;:&quot;div&quot;,&quot;empty_items_wrapper_tag&quot;:&quot;div&quot;}}\" data-listing-source=\"posts\" data-listing-id=\"425\" data-query-id=\"\" data-queried-id=\"3827|WP_Post\">No data was found<\/div><\/div>\t\t\t\t<\/div>\n\t\t\t\t<\/div>\n\t\t\t\t\t<\/div>\n\t\t<\/div>\n\t\t\t\t\t<\/div>\n\t\t<\/section>\n\t\t\t\t<\/div>\n\t\t\n\n\n\n<h1 class=\"wp-block-heading\">Was deutet darauf hin, dass die ideale K\u00fchlschranktemperatur \u00fcber- bzw. unterschritten wurde?<\/h1>\n\n\n\n<p>Wurden die oben erw\u00e4hnten sieben Grad nur leicht \u00fcber- bzw. unterschritten, ist dies meist auf den ersten Blick nicht ersichtlich. Sp\u00e4testens dann jedoch, wenn die Butter zu hart erscheint und\/ oder der Genuss der Speisen aufgrund ihrer K\u00e4lte unangenehm wird, ist es an der Zeit, nachzujustieren.<\/p>\n\n\n\n<p>Eine zu hohe Temperatur zeigt sich oft an Feuchtigkeit auf Wurst, K\u00e4se und Co. und kann dazu f\u00fchren, dass die verschiedenen Produkte deutlich k\u00fcrzer haltbar sind und dementsprechend zu fr\u00fch verderben.<\/p>\n\n\n\n<p>Wer hier auf Nummer Sicher gehen m\u00f6chte, sollte in regelm\u00e4\u00dfigen Abst\u00e4nden kontrollieren, dass das Ger\u00e4t im optimalen Bereich k\u00fchlt. Sollte ein K\u00fchlschrank in seiner Temperatur stark schwanken, kann dies ein Zeichen f\u00fcr einen Defekt sein.<\/p>\n\n\n\n<p><em>Alle Informationen wurden nach bestem Wissen und Gewissen zusammengestellt, jedoch ohne Anspruch auf Vollst\u00e4ndigkeit und inhaltliche Richtigkeit.<\/em> <\/p>\n","protected":false},"excerpt":{"rendered":"<p>K\u00fchlschr\u00e4nke sorgen nicht nur f\u00fcr niedrige Temperaturen, sondern folgen einem bestimmten Prinzip. Das bedeutet, dass es falsch w\u00e4re, mit dem K\u00fchlschrank einfach nur \u201ekalt\u201c zu verbinden. Vielmehr gibt es sie tats\u00e4chlich: die ideale Temperatur im Inneren!<\/p>\n","protected":false},"author":9,"featured_media":3845,"comment_status":"closed","ping_status":"open","sticky":false,"template":"","format":"standard","meta":{"_acf_changed":false,"footnotes":""},"categories":[27],"tags":[],"schlagworte":[43],"class_list":["post-3827","post","type-post","status-publish","format-standard","has-post-thumbnail","hentry","category-koch-und-kuechenwissen","schlagworte-produkt"],"acf":[],"yoast_head":"<!-- This site is optimized with the Yoast SEO plugin v27.4 - https:\/\/yoast.com\/product\/yoast-seo-wordpress\/ -->\n<title>Welches ist die richtige Temperatur f\u00fcr den K\u00fchlschrank? | Lidl<\/title>\n<meta name=\"description\" content=\"Viele Lebensmittel halten dank ihm l\u00e4nger, doch auf wieviel Grad muss ein K\u00fchlschrank optimalerweise eingestellt werden?\" \/>\n<meta name=\"robots\" content=\"index, follow, max-snippet:-1, max-image-preview:large, max-video-preview:-1\" \/>\n<link rel=\"canonical\" href=\"https:\/\/www.lidl-kochen.de\/kochideen\/welches-ist-die-richtige-temperatur-fuer-den-kuehlschrank\/\" \/>\n<meta property=\"og:locale\" content=\"de_DE\" \/>\n<meta property=\"og:type\" content=\"article\" \/>\n<meta property=\"og:title\" content=\"Welches ist die richtige Temperatur f\u00fcr den K\u00fchlschrank? | Lidl\" \/>\n<meta property=\"og:description\" content=\"Viele Lebensmittel halten dank ihm l\u00e4nger, doch auf wieviel Grad muss ein K\u00fchlschrank optimalerweise eingestellt werden?\" \/>\n<meta property=\"og:url\" content=\"https:\/\/www.lidl-kochen.de\/kochideen\/welches-ist-die-richtige-temperatur-fuer-den-kuehlschrank\/\" \/>\n<meta property=\"og:site_name\" content=\"Lidl Kochen Magazin\" \/>\n<meta property=\"article:published_time\" content=\"2021-10-14T06:20:17+00:00\" \/>\n<meta property=\"article:modified_time\" content=\"2023-06-20T08:28:19+00:00\" \/>\n<meta property=\"og:image\" content=\"https:\/\/www.lidl-kochen.de\/kochideen\/wp-content\/uploads\/2021\/10\/welches_ist_die_richtige_temperatur_fu\u0308r_den_ku\u0308hlschrank.jpg\" \/>\n\t<meta property=\"og:image:width\" content=\"1024\" \/>\n\t<meta property=\"og:image:height\" content=\"683\" \/>\n\t<meta property=\"og:image:type\" content=\"image\/jpeg\" \/>\n<meta name=\"author\" content=\"Alannah Lindenberger\" \/>\n<meta name=\"twitter:card\" content=\"summary_large_image\" \/>\n<meta name=\"twitter:label1\" content=\"Verfasst von\" \/>\n\t<meta name=\"twitter:data1\" content=\"Alannah Lindenberger\" \/>\n\t<meta name=\"twitter:label2\" content=\"Gesch\u00e4tzte Lesezeit\" \/>\n\t<meta name=\"twitter:data2\" content=\"3\u00a0Minuten\" \/>\n<script type=\"application\/ld+json\" class=\"yoast-schema-graph\">{\"@context\":\"https:\\\/\\\/schema.org\",\"@graph\":[{\"@type\":\"Article\",\"@id\":\"https:\\\/\\\/www.lidl-kochen.de\\\/kochideen\\\/welches-ist-die-richtige-temperatur-fuer-den-kuehlschrank\\\/#article\",\"isPartOf\":{\"@id\":\"https:\\\/\\\/www.lidl-kochen.de\\\/kochideen\\\/welches-ist-die-richtige-temperatur-fuer-den-kuehlschrank\\\/\"},\"author\":{\"name\":\"Alannah Lindenberger\",\"@id\":\"https:\\\/\\\/www.lidl-kochen.de\\\/kochideen\\\/#\\\/schema\\\/person\\\/faa25f253d04ef10b5e9249c58c6809d\"},\"headline\":\"Welches ist die richtige Temperatur f\u00fcr den K\u00fchlschrank?\",\"datePublished\":\"2021-10-14T06:20:17+00:00\",\"dateModified\":\"2023-06-20T08:28:19+00:00\",\"mainEntityOfPage\":{\"@id\":\"https:\\\/\\\/www.lidl-kochen.de\\\/kochideen\\\/welches-ist-die-richtige-temperatur-fuer-den-kuehlschrank\\\/\"},\"wordCount\":723,\"image\":{\"@id\":\"https:\\\/\\\/www.lidl-kochen.de\\\/kochideen\\\/welches-ist-die-richtige-temperatur-fuer-den-kuehlschrank\\\/#primaryimage\"},\"thumbnailUrl\":\"https:\\\/\\\/www.lidl-kochen.de\\\/kochideen\\\/wp-content\\\/uploads\\\/2021\\\/10\\\/welches_ist_die_richtige_temperatur_fu\u0308r_den_ku\u0308hlschrank.jpg\",\"articleSection\":[\"Koch- &amp; K\u00fcchenwissen\"],\"inLanguage\":\"de\"},{\"@type\":\"WebPage\",\"@id\":\"https:\\\/\\\/www.lidl-kochen.de\\\/kochideen\\\/welches-ist-die-richtige-temperatur-fuer-den-kuehlschrank\\\/\",\"url\":\"https:\\\/\\\/www.lidl-kochen.de\\\/kochideen\\\/welches-ist-die-richtige-temperatur-fuer-den-kuehlschrank\\\/\",\"name\":\"Welches ist die richtige Temperatur f\u00fcr den K\u00fchlschrank? | Lidl\",\"isPartOf\":{\"@id\":\"https:\\\/\\\/www.lidl-kochen.de\\\/kochideen\\\/#website\"},\"primaryImageOfPage\":{\"@id\":\"https:\\\/\\\/www.lidl-kochen.de\\\/kochideen\\\/welches-ist-die-richtige-temperatur-fuer-den-kuehlschrank\\\/#primaryimage\"},\"image\":{\"@id\":\"https:\\\/\\\/www.lidl-kochen.de\\\/kochideen\\\/welches-ist-die-richtige-temperatur-fuer-den-kuehlschrank\\\/#primaryimage\"},\"thumbnailUrl\":\"https:\\\/\\\/www.lidl-kochen.de\\\/kochideen\\\/wp-content\\\/uploads\\\/2021\\\/10\\\/welches_ist_die_richtige_temperatur_fu\u0308r_den_ku\u0308hlschrank.jpg\",\"datePublished\":\"2021-10-14T06:20:17+00:00\",\"dateModified\":\"2023-06-20T08:28:19+00:00\",\"author\":{\"@id\":\"https:\\\/\\\/www.lidl-kochen.de\\\/kochideen\\\/#\\\/schema\\\/person\\\/faa25f253d04ef10b5e9249c58c6809d\"},\"description\":\"Viele Lebensmittel halten dank ihm l\u00e4nger, doch auf wieviel Grad muss ein K\u00fchlschrank optimalerweise eingestellt werden?\",\"breadcrumb\":{\"@id\":\"https:\\\/\\\/www.lidl-kochen.de\\\/kochideen\\\/welches-ist-die-richtige-temperatur-fuer-den-kuehlschrank\\\/#breadcrumb\"},\"inLanguage\":\"de\",\"potentialAction\":[{\"@type\":\"ReadAction\",\"target\":[\"https:\\\/\\\/www.lidl-kochen.de\\\/kochideen\\\/welches-ist-die-richtige-temperatur-fuer-den-kuehlschrank\\\/\"]}]},{\"@type\":\"ImageObject\",\"inLanguage\":\"de\",\"@id\":\"https:\\\/\\\/www.lidl-kochen.de\\\/kochideen\\\/welches-ist-die-richtige-temperatur-fuer-den-kuehlschrank\\\/#primaryimage\",\"url\":\"https:\\\/\\\/www.lidl-kochen.de\\\/kochideen\\\/wp-content\\\/uploads\\\/2021\\\/10\\\/welches_ist_die_richtige_temperatur_fu\u0308r_den_ku\u0308hlschrank.jpg\",\"contentUrl\":\"https:\\\/\\\/www.lidl-kochen.de\\\/kochideen\\\/wp-content\\\/uploads\\\/2021\\\/10\\\/welches_ist_die_richtige_temperatur_fu\u0308r_den_ku\u0308hlschrank.jpg\",\"width\":1024,\"height\":683,\"caption\":\"welches_ist_die_richtige_temperatur_fu\u0308r_den_ku\u0308hlschrank\"},{\"@type\":\"BreadcrumbList\",\"@id\":\"https:\\\/\\\/www.lidl-kochen.de\\\/kochideen\\\/welches-ist-die-richtige-temperatur-fuer-den-kuehlschrank\\\/#breadcrumb\",\"itemListElement\":[{\"@type\":\"ListItem\",\"position\":1,\"name\":\"Startseite\",\"item\":\"https:\\\/\\\/www.lidl-kochen.de\\\/kochideen\\\/\"},{\"@type\":\"ListItem\",\"position\":2,\"name\":\"Welches ist die richtige Temperatur f\u00fcr den K\u00fchlschrank?\"}]},{\"@type\":\"WebSite\",\"@id\":\"https:\\\/\\\/www.lidl-kochen.de\\\/kochideen\\\/#website\",\"url\":\"https:\\\/\\\/www.lidl-kochen.de\\\/kochideen\\\/\",\"name\":\"Lidl Kochen Magazin\",\"description\":\"Das Magazin rund ums Kochen\",\"potentialAction\":[{\"@type\":\"SearchAction\",\"target\":{\"@type\":\"EntryPoint\",\"urlTemplate\":\"https:\\\/\\\/www.lidl-kochen.de\\\/kochideen\\\/?s={search_term_string}\"},\"query-input\":{\"@type\":\"PropertyValueSpecification\",\"valueRequired\":true,\"valueName\":\"search_term_string\"}}],\"inLanguage\":\"de\"},{\"@type\":\"Person\",\"@id\":\"https:\\\/\\\/www.lidl-kochen.de\\\/kochideen\\\/#\\\/schema\\\/person\\\/faa25f253d04ef10b5e9249c58c6809d\",\"name\":\"Alannah Lindenberger\",\"image\":{\"@type\":\"ImageObject\",\"inLanguage\":\"de\",\"@id\":\"https:\\\/\\\/secure.gravatar.com\\\/avatar\\\/2f30400ddd0fec1b0000c3b176f463c1bed4ec2a2accdbeac38334498cffa257?s=96&d=mm&r=g\",\"url\":\"https:\\\/\\\/secure.gravatar.com\\\/avatar\\\/2f30400ddd0fec1b0000c3b176f463c1bed4ec2a2accdbeac38334498cffa257?s=96&d=mm&r=g\",\"contentUrl\":\"https:\\\/\\\/secure.gravatar.com\\\/avatar\\\/2f30400ddd0fec1b0000c3b176f463c1bed4ec2a2accdbeac38334498cffa257?s=96&d=mm&r=g\",\"caption\":\"Alannah Lindenberger\"}}]}<\/script>\n<!-- \/ Yoast SEO plugin. -->","yoast_head_json":{"title":"Welches ist die richtige Temperatur f\u00fcr den K\u00fchlschrank? | Lidl","description":"Viele Lebensmittel halten dank ihm l\u00e4nger, doch auf wieviel Grad muss ein K\u00fchlschrank optimalerweise eingestellt werden?","robots":{"index":"index","follow":"follow","max-snippet":"max-snippet:-1","max-image-preview":"max-image-preview:large","max-video-preview":"max-video-preview:-1"},"canonical":"https:\/\/www.lidl-kochen.de\/kochideen\/welches-ist-die-richtige-temperatur-fuer-den-kuehlschrank\/","og_locale":"de_DE","og_type":"article","og_title":"Welches ist die richtige Temperatur f\u00fcr den K\u00fchlschrank? | Lidl","og_description":"Viele Lebensmittel halten dank ihm l\u00e4nger, doch auf wieviel Grad muss ein K\u00fchlschrank optimalerweise eingestellt werden?","og_url":"https:\/\/www.lidl-kochen.de\/kochideen\/welches-ist-die-richtige-temperatur-fuer-den-kuehlschrank\/","og_site_name":"Lidl Kochen Magazin","article_published_time":"2021-10-14T06:20:17+00:00","article_modified_time":"2023-06-20T08:28:19+00:00","og_image":[{"width":1024,"height":683,"url":"https:\/\/www.lidl-kochen.de\/kochideen\/wp-content\/uploads\/2021\/10\/welches_ist_die_richtige_temperatur_fu\u0308r_den_ku\u0308hlschrank.jpg","type":"image\/jpeg"}],"author":"Alannah Lindenberger","twitter_card":"summary_large_image","twitter_misc":{"Verfasst von":"Alannah Lindenberger","Gesch\u00e4tzte Lesezeit":"3\u00a0Minuten"},"schema":{"@context":"https:\/\/schema.org","@graph":[{"@type":"Article","@id":"https:\/\/www.lidl-kochen.de\/kochideen\/welches-ist-die-richtige-temperatur-fuer-den-kuehlschrank\/#article","isPartOf":{"@id":"https:\/\/www.lidl-kochen.de\/kochideen\/welches-ist-die-richtige-temperatur-fuer-den-kuehlschrank\/"},"author":{"name":"Alannah Lindenberger","@id":"https:\/\/www.lidl-kochen.de\/kochideen\/#\/schema\/person\/faa25f253d04ef10b5e9249c58c6809d"},"headline":"Welches ist die richtige Temperatur f\u00fcr den K\u00fchlschrank?","datePublished":"2021-10-14T06:20:17+00:00","dateModified":"2023-06-20T08:28:19+00:00","mainEntityOfPage":{"@id":"https:\/\/www.lidl-kochen.de\/kochideen\/welches-ist-die-richtige-temperatur-fuer-den-kuehlschrank\/"},"wordCount":723,"image":{"@id":"https:\/\/www.lidl-kochen.de\/kochideen\/welches-ist-die-richtige-temperatur-fuer-den-kuehlschrank\/#primaryimage"},"thumbnailUrl":"https:\/\/www.lidl-kochen.de\/kochideen\/wp-content\/uploads\/2021\/10\/welches_ist_die_richtige_temperatur_fu\u0308r_den_ku\u0308hlschrank.jpg","articleSection":["Koch- &amp; K\u00fcchenwissen"],"inLanguage":"de"},{"@type":"WebPage","@id":"https:\/\/www.lidl-kochen.de\/kochideen\/welches-ist-die-richtige-temperatur-fuer-den-kuehlschrank\/","url":"https:\/\/www.lidl-kochen.de\/kochideen\/welches-ist-die-richtige-temperatur-fuer-den-kuehlschrank\/","name":"Welches ist die richtige Temperatur f\u00fcr den K\u00fchlschrank? | Lidl","isPartOf":{"@id":"https:\/\/www.lidl-kochen.de\/kochideen\/#website"},"primaryImageOfPage":{"@id":"https:\/\/www.lidl-kochen.de\/kochideen\/welches-ist-die-richtige-temperatur-fuer-den-kuehlschrank\/#primaryimage"},"image":{"@id":"https:\/\/www.lidl-kochen.de\/kochideen\/welches-ist-die-richtige-temperatur-fuer-den-kuehlschrank\/#primaryimage"},"thumbnailUrl":"https:\/\/www.lidl-kochen.de\/kochideen\/wp-content\/uploads\/2021\/10\/welches_ist_die_richtige_temperatur_fu\u0308r_den_ku\u0308hlschrank.jpg","datePublished":"2021-10-14T06:20:17+00:00","dateModified":"2023-06-20T08:28:19+00:00","author":{"@id":"https:\/\/www.lidl-kochen.de\/kochideen\/#\/schema\/person\/faa25f253d04ef10b5e9249c58c6809d"},"description":"Viele Lebensmittel halten dank ihm l\u00e4nger, doch auf wieviel Grad muss ein K\u00fchlschrank optimalerweise eingestellt werden?","breadcrumb":{"@id":"https:\/\/www.lidl-kochen.de\/kochideen\/welches-ist-die-richtige-temperatur-fuer-den-kuehlschrank\/#breadcrumb"},"inLanguage":"de","potentialAction":[{"@type":"ReadAction","target":["https:\/\/www.lidl-kochen.de\/kochideen\/welches-ist-die-richtige-temperatur-fuer-den-kuehlschrank\/"]}]},{"@type":"ImageObject","inLanguage":"de","@id":"https:\/\/www.lidl-kochen.de\/kochideen\/welches-ist-die-richtige-temperatur-fuer-den-kuehlschrank\/#primaryimage","url":"https:\/\/www.lidl-kochen.de\/kochideen\/wp-content\/uploads\/2021\/10\/welches_ist_die_richtige_temperatur_fu\u0308r_den_ku\u0308hlschrank.jpg","contentUrl":"https:\/\/www.lidl-kochen.de\/kochideen\/wp-content\/uploads\/2021\/10\/welches_ist_die_richtige_temperatur_fu\u0308r_den_ku\u0308hlschrank.jpg","width":1024,"height":683,"caption":"welches_ist_die_richtige_temperatur_fu\u0308r_den_ku\u0308hlschrank"},{"@type":"BreadcrumbList","@id":"https:\/\/www.lidl-kochen.de\/kochideen\/welches-ist-die-richtige-temperatur-fuer-den-kuehlschrank\/#breadcrumb","itemListElement":[{"@type":"ListItem","position":1,"name":"Startseite","item":"https:\/\/www.lidl-kochen.de\/kochideen\/"},{"@type":"ListItem","position":2,"name":"Welches ist die richtige Temperatur f\u00fcr den K\u00fchlschrank?"}]},{"@type":"WebSite","@id":"https:\/\/www.lidl-kochen.de\/kochideen\/#website","url":"https:\/\/www.lidl-kochen.de\/kochideen\/","name":"Lidl Kochen Magazin","description":"Das Magazin rund ums Kochen","potentialAction":[{"@type":"SearchAction","target":{"@type":"EntryPoint","urlTemplate":"https:\/\/www.lidl-kochen.de\/kochideen\/?s={search_term_string}"},"query-input":{"@type":"PropertyValueSpecification","valueRequired":true,"valueName":"search_term_string"}}],"inLanguage":"de"},{"@type":"Person","@id":"https:\/\/www.lidl-kochen.de\/kochideen\/#\/schema\/person\/faa25f253d04ef10b5e9249c58c6809d","name":"Alannah Lindenberger","image":{"@type":"ImageObject","inLanguage":"de","@id":"https:\/\/secure.gravatar.com\/avatar\/2f30400ddd0fec1b0000c3b176f463c1bed4ec2a2accdbeac38334498cffa257?s=96&d=mm&r=g","url":"https:\/\/secure.gravatar.com\/avatar\/2f30400ddd0fec1b0000c3b176f463c1bed4ec2a2accdbeac38334498cffa257?s=96&d=mm&r=g","contentUrl":"https:\/\/secure.gravatar.com\/avatar\/2f30400ddd0fec1b0000c3b176f463c1bed4ec2a2accdbeac38334498cffa257?s=96&d=mm&r=g","caption":"Alannah Lindenberger"}}]}},"_links":{"self":[{"href":"https:\/\/www.lidl-kochen.de\/kochideen\/wp-json\/wp\/v2\/posts\/3827","targetHints":{"allow":["GET"]}}],"collection":[{"href":"https:\/\/www.lidl-kochen.de\/kochideen\/wp-json\/wp\/v2\/posts"}],"about":[{"href":"https:\/\/www.lidl-kochen.de\/kochideen\/wp-json\/wp\/v2\/types\/post"}],"author":[{"embeddable":true,"href":"https:\/\/www.lidl-kochen.de\/kochideen\/wp-json\/wp\/v2\/users\/9"}],"replies":[{"embeddable":true,"href":"https:\/\/www.lidl-kochen.de\/kochideen\/wp-json\/wp\/v2\/comments?post=3827"}],"version-history":[{"count":1,"href":"https:\/\/www.lidl-kochen.de\/kochideen\/wp-json\/wp\/v2\/posts\/3827\/revisions"}],"predecessor-version":[{"id":3828,"href":"https:\/\/www.lidl-kochen.de\/kochideen\/wp-json\/wp\/v2\/posts\/3827\/revisions\/3828"}],"wp:featuredmedia":[{"embeddable":true,"href":"https:\/\/www.lidl-kochen.de\/kochideen\/wp-json\/wp\/v2\/media\/3845"}],"wp:attachment":[{"href":"https:\/\/www.lidl-kochen.de\/kochideen\/wp-json\/wp\/v2\/media?parent=3827"}],"wp:term":[{"taxonomy":"category","embeddable":true,"href":"https:\/\/www.lidl-kochen.de\/kochideen\/wp-json\/wp\/v2\/categories?post=3827"},{"taxonomy":"post_tag","embeddable":true,"href":"https:\/\/www.lidl-kochen.de\/kochideen\/wp-json\/wp\/v2\/tags?post=3827"},{"taxonomy":"schlagworte","embeddable":true,"href":"https:\/\/www.lidl-kochen.de\/kochideen\/wp-json\/wp\/v2\/schlagworte?post=3827"}],"curies":[{"name":"wp","href":"https:\/\/api.w.org\/{rel}","templated":true}]}}