{"id":3607,"date":"2021-08-26T14:43:24","date_gmt":"2021-08-26T14:43:24","guid":{"rendered":"https:\/\/www.lidl-kochen.de\/kochideen\/?p=3607"},"modified":"2023-06-20T10:28:48","modified_gmt":"2023-06-20T08:28:48","slug":"wie-viel-wasser-sollte-man-am-tag-trinken","status":"publish","type":"post","link":"https:\/\/www.lidl-kochen.de\/kochideen\/wie-viel-wasser-sollte-man-am-tag-trinken\/","title":{"rendered":"Wie viel Wasser sollte man am Tag trinken?"},"content":{"rendered":"\n<p>Der Mensch besteht zum Zeitpunkt seiner Geburt aus etwa 95 Prozent Wasser. Im erwachsenen Alter sind es hingegen nur noch 70 Prozent. Das Ph\u00e4nomen der Abnahme des Wassergehalts l\u00e4sst sich dadurch begr\u00fcnden, dass der menschliche K\u00f6rper sp\u00e4ter nicht mehr dazu in der Lage ist, eine derart gro\u00dfe Menge an Wasser zu speichern.<\/p>\n\n\n\n<p>Dennoch spielt das Wasser in jeder Phase des Lebens f\u00fcr den menschlichen K\u00f6rper eine enorm wichtige Rolle. Es ist in jeder K\u00f6rperzelle, in Speichel, Blut und Magensaft enthalten. Zudem ben\u00f6tigt der Organismus enorm viel Feuchtigkeit, um zu schwitzen und somit die W\u00e4rmeregulierung zu steuern.<\/p>\n\n\n\n<p>\u201eGanz nebenbei\u201c dienst Wasser auch als Transportmittel f\u00fcr N\u00e4hrstoffe und Co.. Alle chemischen Reaktionen, die im K\u00f6rper stattfinden, sind nur in Kombination mit Wasser m\u00f6glich. Daher ist es umso wichtiger, den Wasserhaushalt durch eine ausreichende Fl\u00fcssigkeitszufuhr immer aufrecht zu halten. Doch was bedeutet in diesem Fall eigentlich \u201eausreichend\u201c?<\/p>\n\n\n\n<h2 class=\"wp-block-heading\">Wie viel Wasser braucht der K\u00f6rper am Tag, um zu funktionieren?<\/h2>\n\n\n\n<p>Damit der K\u00f6rper auch seine volle Leistung erbringen kann, ben\u00f6tigt er Energie und Wasser. Die jeweils richtige Menge ist von vielen individuellen Faktoren abh\u00e4ngig. Unter anderem ist die Zusammensetzung der Ern\u00e4hrung, der Salzgehalt in den Speisen und die Frage nach der Bewegungsintensit\u00e4t im Alltag ausschlaggebend, wenn es darum geht, hier entsprechende Werte festzulegen. Viele Experten empfehlen jedoch, als erwachsene Person durchschnittlich eine Menge von 2,5 Liter Wasser am Tag zu sich zu nehmen.<\/p>\n\n\n\n<p>Wer noch ein wenig individueller vorgehen m\u00f6chte, kann sich wahlweise auch einer Faustformel bedienen. Diese besagt: Jugendliche und Erwachsene sollten ungef\u00e4hr 30 \u2013 40 Milliliter Fl\u00fcssigkeit pro Kilogramm K\u00f6rpergewicht zu sich nehmen.<\/p>\n\n\n\t\t<div data-elementor-type=\"section\" data-elementor-id=\"426\" class=\"elementor elementor-426\" data-elementor-post-type=\"elementor_library\">\n\t\t\t\t\t<section class=\"elementor-section elementor-top-section elementor-element elementor-element-5a19f4f elementor-section-full_width elementor-section-height-default elementor-section-height-default\" data-id=\"5a19f4f\" data-element_type=\"section\" data-e-type=\"section\" data-settings=\"{&quot;jet_parallax_layout_list&quot;:[{&quot;jet_parallax_layout_image&quot;:{&quot;url&quot;:&quot;&quot;,&quot;id&quot;:&quot;&quot;,&quot;size&quot;:&quot;&quot;},&quot;_id&quot;:&quot;72f4053&quot;,&quot;jet_parallax_layout_image_tablet&quot;:{&quot;url&quot;:&quot;&quot;,&quot;id&quot;:&quot;&quot;,&quot;size&quot;:&quot;&quot;},&quot;jet_parallax_layout_image_mobile&quot;:{&quot;url&quot;:&quot;&quot;,&quot;id&quot;:&quot;&quot;,&quot;size&quot;:&quot;&quot;},&quot;jet_parallax_layout_speed&quot;:{&quot;unit&quot;:&quot;%&quot;,&quot;size&quot;:50,&quot;sizes&quot;:[]},&quot;jet_parallax_layout_type&quot;:&quot;scroll&quot;,&quot;jet_parallax_layout_direction&quot;:&quot;1&quot;,&quot;jet_parallax_layout_fx_direction&quot;:null,&quot;jet_parallax_layout_z_index&quot;:&quot;&quot;,&quot;jet_parallax_layout_bg_x&quot;:50,&quot;jet_parallax_layout_bg_x_tablet&quot;:&quot;&quot;,&quot;jet_parallax_layout_bg_x_mobile&quot;:&quot;&quot;,&quot;jet_parallax_layout_bg_y&quot;:50,&quot;jet_parallax_layout_bg_y_tablet&quot;:&quot;&quot;,&quot;jet_parallax_layout_bg_y_mobile&quot;:&quot;&quot;,&quot;jet_parallax_layout_bg_size&quot;:&quot;auto&quot;,&quot;jet_parallax_layout_bg_size_tablet&quot;:&quot;&quot;,&quot;jet_parallax_layout_bg_size_mobile&quot;:&quot;&quot;,&quot;jet_parallax_layout_animation_prop&quot;:&quot;transform&quot;,&quot;jet_parallax_layout_on&quot;:[&quot;desktop&quot;,&quot;tablet&quot;]}]}\">\n\t\t\t\t\t\t<div class=\"elementor-container elementor-column-gap-default\">\n\t\t\t\t\t<div class=\"elementor-column elementor-col-100 elementor-top-column elementor-element elementor-element-b1cd5c3\" data-id=\"b1cd5c3\" data-element_type=\"column\" data-e-type=\"column\" data-settings=\"{&quot;background_background&quot;:&quot;classic&quot;,&quot;_ob_teleporter_use&quot;:false}\">\n\t\t\t<div class=\"elementor-widget-wrap elementor-element-populated\">\n\t\t\t\t\t\t<div class=\"elementor-element elementor-element-cc19aec elementor-widget elementor-widget-jet-listing-grid\" data-id=\"cc19aec\" data-element_type=\"widget\" data-e-type=\"widget\" data-settings=\"{&quot;columns&quot;:&quot;2&quot;,&quot;columns_tablet&quot;:&quot;2&quot;,&quot;columns_mobile&quot;:&quot;1&quot;}\" data-widget_type=\"jet-listing-grid.default\">\n\t\t\t\t<div class=\"elementor-widget-container\">\n\t\t\t\t\t<div class=\"jet-listing-grid jet-listing\"><div class=\"jet-listing-grid__items grid-col-desk-2 grid-col-tablet-2 grid-col-mobile-1 jet-listing-grid--344\" data-queried-id=\"3607|WP_Post\" data-nav=\"{&quot;enabled&quot;:false,&quot;type&quot;:null,&quot;more_el&quot;:null,&quot;query&quot;:[],&quot;widget_settings&quot;:{&quot;lisitng_id&quot;:344,&quot;posts_num&quot;:2,&quot;columns&quot;:2,&quot;columns_tablet&quot;:2,&quot;columns_mobile&quot;:1,&quot;column_min_width&quot;:240,&quot;column_min_width_tablet&quot;:240,&quot;column_min_width_mobile&quot;:240,&quot;inline_columns_css&quot;:false,&quot;is_archive_template&quot;:&quot;&quot;,&quot;post_status&quot;:[&quot;publish&quot;],&quot;use_random_posts_num&quot;:&quot;&quot;,&quot;max_posts_num&quot;:9,&quot;not_found_message&quot;:&quot;No data was found&quot;,&quot;is_masonry&quot;:false,&quot;equal_columns_height&quot;:&quot;&quot;,&quot;use_load_more&quot;:&quot;&quot;,&quot;load_more_id&quot;:&quot;&quot;,&quot;load_more_type&quot;:&quot;click&quot;,&quot;load_more_offset&quot;:{&quot;unit&quot;:&quot;px&quot;,&quot;size&quot;:0,&quot;sizes&quot;:[]},&quot;use_custom_post_types&quot;:&quot;&quot;,&quot;custom_post_types&quot;:[],&quot;hide_widget_if&quot;:&quot;&quot;,&quot;carousel_enabled&quot;:&quot;&quot;,&quot;slides_to_scroll&quot;:&quot;1&quot;,&quot;arrows&quot;:&quot;true&quot;,&quot;arrow_icon&quot;:&quot;fa fa-angle-left&quot;,&quot;dots&quot;:&quot;&quot;,&quot;autoplay&quot;:&quot;true&quot;,&quot;pause_on_hover&quot;:&quot;true&quot;,&quot;autoplay_speed&quot;:5000,&quot;infinite&quot;:&quot;true&quot;,&quot;center_mode&quot;:&quot;&quot;,&quot;effect&quot;:&quot;slide&quot;,&quot;speed&quot;:500,&quot;inject_alternative_items&quot;:&quot;&quot;,&quot;injection_items&quot;:[],&quot;scroll_slider_enabled&quot;:&quot;&quot;,&quot;scroll_slider_on&quot;:[&quot;desktop&quot;,&quot;tablet&quot;,&quot;mobile&quot;],&quot;custom_query&quot;:false,&quot;custom_query_id&quot;:&quot;&quot;,&quot;_element_id&quot;:&quot;&quot;,&quot;collapse_first_last_gap&quot;:false,&quot;list_tag_selection&quot;:&quot;&quot;,&quot;list_items_wrapper_tag&quot;:&quot;div&quot;,&quot;list_item_tag&quot;:&quot;div&quot;,&quot;empty_items_wrapper_tag&quot;:&quot;div&quot;}}\" data-page=\"1\" data-pages=\"20\" data-listing-source=\"posts\" data-listing-id=\"344\" data-query-id=\"\"><div class=\"jet-listing-grid__item jet-listing-dynamic-post-825\" data-post-id=\"825\"  ><div class=\"jet-engine-listing-overlay-wrap\" data-url=\"https:\/\/www.lidl.de\/de\/ernesto-pfanne-mit-gegengriff-aus-aluguss\/p358671?utm_source=lk_magazin&amp;utm_medium=produkt&amp;utm_campaign=magazin\">\t\t<div data-elementor-type=\"jet-listing-items\" data-elementor-id=\"344\" class=\"elementor elementor-344\" data-elementor-post-type=\"jet-engine\">\n\t\t\t\t\t\t<section class=\"elementor-section elementor-top-section elementor-element elementor-element-415e7b0 elementor-section-boxed elementor-section-height-default elementor-section-height-default\" data-id=\"415e7b0\" data-element_type=\"section\" data-e-type=\"section\" data-settings=\"{&quot;jet_parallax_layout_list&quot;:[{&quot;jet_parallax_layout_image&quot;:{&quot;url&quot;:&quot;&quot;,&quot;id&quot;:&quot;&quot;,&quot;size&quot;:&quot;&quot;},&quot;_id&quot;:&quot;46433ef&quot;,&quot;jet_parallax_layout_image_tablet&quot;:{&quot;url&quot;:&quot;&quot;,&quot;id&quot;:&quot;&quot;,&quot;size&quot;:&quot;&quot;},&quot;jet_parallax_layout_image_mobile&quot;:{&quot;url&quot;:&quot;&quot;,&quot;id&quot;:&quot;&quot;,&quot;size&quot;:&quot;&quot;},&quot;jet_parallax_layout_speed&quot;:{&quot;unit&quot;:&quot;%&quot;,&quot;size&quot;:50,&quot;sizes&quot;:[]},&quot;jet_parallax_layout_type&quot;:&quot;scroll&quot;,&quot;jet_parallax_layout_direction&quot;:&quot;1&quot;,&quot;jet_parallax_layout_fx_direction&quot;:null,&quot;jet_parallax_layout_z_index&quot;:&quot;&quot;,&quot;jet_parallax_layout_bg_x&quot;:50,&quot;jet_parallax_layout_bg_x_tablet&quot;:&quot;&quot;,&quot;jet_parallax_layout_bg_x_mobile&quot;:&quot;&quot;,&quot;jet_parallax_layout_bg_y&quot;:50,&quot;jet_parallax_layout_bg_y_tablet&quot;:&quot;&quot;,&quot;jet_parallax_layout_bg_y_mobile&quot;:&quot;&quot;,&quot;jet_parallax_layout_bg_size&quot;:&quot;auto&quot;,&quot;jet_parallax_layout_bg_size_tablet&quot;:&quot;&quot;,&quot;jet_parallax_layout_bg_size_mobile&quot;:&quot;&quot;,&quot;jet_parallax_layout_animation_prop&quot;:&quot;transform&quot;,&quot;jet_parallax_layout_on&quot;:[&quot;desktop&quot;,&quot;tablet&quot;]}]}\">\n\t\t\t\t\t\t<div class=\"elementor-container elementor-column-gap-default\">\n\t\t\t\t\t<div class=\"elementor-column elementor-col-100 elementor-top-column elementor-element elementor-element-fb36579\" data-id=\"fb36579\" data-element_type=\"column\" data-e-type=\"column\">\n\t\t\t<div class=\"elementor-widget-wrap elementor-element-populated\">\n\t\t\t\t\t\t<section class=\"elementor-section elementor-inner-section elementor-element elementor-element-3470411 elementor-section-boxed elementor-section-height-default elementor-section-height-default\" data-id=\"3470411\" data-element_type=\"section\" data-e-type=\"section\" data-settings=\"{&quot;jet_parallax_layout_list&quot;:[{&quot;jet_parallax_layout_image&quot;:{&quot;url&quot;:&quot;&quot;,&quot;id&quot;:&quot;&quot;,&quot;size&quot;:&quot;&quot;},&quot;_id&quot;:&quot;bd0bd24&quot;,&quot;jet_parallax_layout_image_tablet&quot;:{&quot;url&quot;:&quot;&quot;,&quot;id&quot;:&quot;&quot;,&quot;size&quot;:&quot;&quot;},&quot;jet_parallax_layout_image_mobile&quot;:{&quot;url&quot;:&quot;&quot;,&quot;id&quot;:&quot;&quot;,&quot;size&quot;:&quot;&quot;},&quot;jet_parallax_layout_speed&quot;:{&quot;unit&quot;:&quot;%&quot;,&quot;size&quot;:50,&quot;sizes&quot;:[]},&quot;jet_parallax_layout_type&quot;:&quot;scroll&quot;,&quot;jet_parallax_layout_direction&quot;:&quot;1&quot;,&quot;jet_parallax_layout_fx_direction&quot;:null,&quot;jet_parallax_layout_z_index&quot;:&quot;&quot;,&quot;jet_parallax_layout_bg_x&quot;:50,&quot;jet_parallax_layout_bg_x_tablet&quot;:&quot;&quot;,&quot;jet_parallax_layout_bg_x_mobile&quot;:&quot;&quot;,&quot;jet_parallax_layout_bg_y&quot;:50,&quot;jet_parallax_layout_bg_y_tablet&quot;:&quot;&quot;,&quot;jet_parallax_layout_bg_y_mobile&quot;:&quot;&quot;,&quot;jet_parallax_layout_bg_size&quot;:&quot;auto&quot;,&quot;jet_parallax_layout_bg_size_tablet&quot;:&quot;&quot;,&quot;jet_parallax_layout_bg_size_mobile&quot;:&quot;&quot;,&quot;jet_parallax_layout_animation_prop&quot;:&quot;transform&quot;,&quot;jet_parallax_layout_on&quot;:[&quot;desktop&quot;,&quot;tablet&quot;]}],&quot;background_background&quot;:&quot;classic&quot;}\">\n\t\t\t\t\t\t<div class=\"elementor-container elementor-column-gap-default\">\n\t\t\t\t\t<div class=\"elementor-column elementor-col-100 elementor-inner-column elementor-element elementor-element-7bf52b0\" data-id=\"7bf52b0\" data-element_type=\"column\" data-e-type=\"column\" data-settings=\"{&quot;_ob_teleporter_use&quot;:false}\">\n\t\t\t<div class=\"elementor-widget-wrap elementor-element-populated\">\n\t\t\t\t\t\t<div class=\"elementor-element elementor-element-bd9459e elementor-widget elementor-widget-heading\" data-id=\"bd9459e\" data-element_type=\"widget\" data-e-type=\"widget\" data-widget_type=\"heading.default\">\n\t\t\t\t<div class=\"elementor-widget-container\">\n\t\t\t\t\t<div class=\"elementor-heading-title elementor-size-default\">ERNESTO\u00ae Pfanne, mit Gegengriff<\/div>\t\t\t\t<\/div>\n\t\t\t\t<\/div>\n\t\t\t\t<div class=\"elementor-element elementor-element-7e00b57 elementor-widget elementor-widget-image\" data-id=\"7e00b57\" data-element_type=\"widget\" data-e-type=\"widget\" data-widget_type=\"image.default\">\n\t\t\t\t<div class=\"elementor-widget-container\">\n\t\t\t\t\t\t\t\t\t\t\t\t\t\t\t<img fetchpriority=\"high\" decoding=\"async\" width=\"772\" height=\"579\" src=\"https:\/\/www.lidl-kochen.de\/kochideen\/wp-content\/uploads\/2021\/01\/ernesto-pfanne-mit-gegengriff-aus-aluguss.jpg\" class=\"attachment-large size-large wp-image-826\" alt=\"ERNESTO\u00ae Pfanne, mit Gegengriff\" srcset=\"https:\/\/www.lidl-kochen.de\/kochideen\/wp-content\/uploads\/2021\/01\/ernesto-pfanne-mit-gegengriff-aus-aluguss.jpg 772w, https:\/\/www.lidl-kochen.de\/kochideen\/wp-content\/uploads\/2021\/01\/ernesto-pfanne-mit-gegengriff-aus-aluguss-300x225.jpg 300w, https:\/\/www.lidl-kochen.de\/kochideen\/wp-content\/uploads\/2021\/01\/ernesto-pfanne-mit-gegengriff-aus-aluguss-768x576.jpg 768w\" sizes=\"(max-width: 772px) 100vw, 772px\" \/>\t\t\t\t\t\t\t\t\t\t\t\t\t\t\t<\/div>\n\t\t\t\t<\/div>\n\t\t\t\t\t<\/div>\n\t\t<\/div>\n\t\t\t\t\t<\/div>\n\t\t<\/section>\n\t\t\t\t<div class=\"elementor-element elementor-element-537d953 elementor-widget elementor-widget-heading\" data-id=\"537d953\" data-element_type=\"widget\" data-e-type=\"widget\" data-widget_type=\"heading.default\">\n\t\t\t\t<div class=\"elementor-widget-container\">\n\t\t\t\t\t<div class=\"elementor-heading-title elementor-size-default\"><a href=\"https:\/\/www.lidl.de\/de\/ernesto-pfanne-mit-gegengriff-aus-aluguss\/p358671?utm_source=lk_magazin&#038;utm_medium=produkt&#038;utm_campaign=magazin\">Im Shop Ansehen<\/a><\/div>\t\t\t\t<\/div>\n\t\t\t\t<\/div>\n\t\t\t\t\t<\/div>\n\t\t<\/div>\n\t\t\t\t\t<\/div>\n\t\t<\/section>\n\t\t\t\t<\/div>\n\t\t<a href=\"https:\/\/www.lidl.de\/de\/ernesto-pfanne-mit-gegengriff-aus-aluguss\/p358671?utm_source=lk_magazin&amp;utm_medium=produkt&amp;utm_campaign=magazin\" class=\"jet-engine-listing-overlay-link\"><\/a><\/div><\/div><div class=\"jet-listing-grid__item jet-listing-dynamic-post-1570\" data-post-id=\"1570\"  ><div class=\"jet-engine-listing-overlay-wrap\" data-url=\"https:\/\/www.lidl.de\/de\/esmeyer-messerset-orion-12-teilig\/p187737?utm_source=lk_magazin&amp;utm_medium=produkt&amp;utm_campaign=magazin\">\t\t<div data-elementor-type=\"jet-listing-items\" data-elementor-id=\"344\" class=\"elementor elementor-344\" data-elementor-post-type=\"jet-engine\">\n\t\t\t\t\t\t<section class=\"elementor-section elementor-top-section elementor-element elementor-element-415e7b0 elementor-section-boxed elementor-section-height-default elementor-section-height-default\" data-id=\"415e7b0\" data-element_type=\"section\" data-e-type=\"section\" data-settings=\"{&quot;jet_parallax_layout_list&quot;:[{&quot;jet_parallax_layout_image&quot;:{&quot;url&quot;:&quot;&quot;,&quot;id&quot;:&quot;&quot;,&quot;size&quot;:&quot;&quot;},&quot;_id&quot;:&quot;46433ef&quot;,&quot;jet_parallax_layout_image_tablet&quot;:{&quot;url&quot;:&quot;&quot;,&quot;id&quot;:&quot;&quot;,&quot;size&quot;:&quot;&quot;},&quot;jet_parallax_layout_image_mobile&quot;:{&quot;url&quot;:&quot;&quot;,&quot;id&quot;:&quot;&quot;,&quot;size&quot;:&quot;&quot;},&quot;jet_parallax_layout_speed&quot;:{&quot;unit&quot;:&quot;%&quot;,&quot;size&quot;:50,&quot;sizes&quot;:[]},&quot;jet_parallax_layout_type&quot;:&quot;scroll&quot;,&quot;jet_parallax_layout_direction&quot;:&quot;1&quot;,&quot;jet_parallax_layout_fx_direction&quot;:null,&quot;jet_parallax_layout_z_index&quot;:&quot;&quot;,&quot;jet_parallax_layout_bg_x&quot;:50,&quot;jet_parallax_layout_bg_x_tablet&quot;:&quot;&quot;,&quot;jet_parallax_layout_bg_x_mobile&quot;:&quot;&quot;,&quot;jet_parallax_layout_bg_y&quot;:50,&quot;jet_parallax_layout_bg_y_tablet&quot;:&quot;&quot;,&quot;jet_parallax_layout_bg_y_mobile&quot;:&quot;&quot;,&quot;jet_parallax_layout_bg_size&quot;:&quot;auto&quot;,&quot;jet_parallax_layout_bg_size_tablet&quot;:&quot;&quot;,&quot;jet_parallax_layout_bg_size_mobile&quot;:&quot;&quot;,&quot;jet_parallax_layout_animation_prop&quot;:&quot;transform&quot;,&quot;jet_parallax_layout_on&quot;:[&quot;desktop&quot;,&quot;tablet&quot;]}]}\">\n\t\t\t\t\t\t<div class=\"elementor-container elementor-column-gap-default\">\n\t\t\t\t\t<div class=\"elementor-column elementor-col-100 elementor-top-column elementor-element elementor-element-fb36579\" data-id=\"fb36579\" data-element_type=\"column\" data-e-type=\"column\">\n\t\t\t<div class=\"elementor-widget-wrap elementor-element-populated\">\n\t\t\t\t\t\t<section class=\"elementor-section elementor-inner-section elementor-element elementor-element-3470411 elementor-section-boxed elementor-section-height-default elementor-section-height-default\" data-id=\"3470411\" data-element_type=\"section\" data-e-type=\"section\" data-settings=\"{&quot;jet_parallax_layout_list&quot;:[{&quot;jet_parallax_layout_image&quot;:{&quot;url&quot;:&quot;&quot;,&quot;id&quot;:&quot;&quot;,&quot;size&quot;:&quot;&quot;},&quot;_id&quot;:&quot;bd0bd24&quot;,&quot;jet_parallax_layout_image_tablet&quot;:{&quot;url&quot;:&quot;&quot;,&quot;id&quot;:&quot;&quot;,&quot;size&quot;:&quot;&quot;},&quot;jet_parallax_layout_image_mobile&quot;:{&quot;url&quot;:&quot;&quot;,&quot;id&quot;:&quot;&quot;,&quot;size&quot;:&quot;&quot;},&quot;jet_parallax_layout_speed&quot;:{&quot;unit&quot;:&quot;%&quot;,&quot;size&quot;:50,&quot;sizes&quot;:[]},&quot;jet_parallax_layout_type&quot;:&quot;scroll&quot;,&quot;jet_parallax_layout_direction&quot;:&quot;1&quot;,&quot;jet_parallax_layout_fx_direction&quot;:null,&quot;jet_parallax_layout_z_index&quot;:&quot;&quot;,&quot;jet_parallax_layout_bg_x&quot;:50,&quot;jet_parallax_layout_bg_x_tablet&quot;:&quot;&quot;,&quot;jet_parallax_layout_bg_x_mobile&quot;:&quot;&quot;,&quot;jet_parallax_layout_bg_y&quot;:50,&quot;jet_parallax_layout_bg_y_tablet&quot;:&quot;&quot;,&quot;jet_parallax_layout_bg_y_mobile&quot;:&quot;&quot;,&quot;jet_parallax_layout_bg_size&quot;:&quot;auto&quot;,&quot;jet_parallax_layout_bg_size_tablet&quot;:&quot;&quot;,&quot;jet_parallax_layout_bg_size_mobile&quot;:&quot;&quot;,&quot;jet_parallax_layout_animation_prop&quot;:&quot;transform&quot;,&quot;jet_parallax_layout_on&quot;:[&quot;desktop&quot;,&quot;tablet&quot;]}],&quot;background_background&quot;:&quot;classic&quot;}\">\n\t\t\t\t\t\t<div class=\"elementor-container elementor-column-gap-default\">\n\t\t\t\t\t<div class=\"elementor-column elementor-col-100 elementor-inner-column elementor-element elementor-element-7bf52b0\" data-id=\"7bf52b0\" data-element_type=\"column\" data-e-type=\"column\" data-settings=\"{&quot;_ob_teleporter_use&quot;:false}\">\n\t\t\t<div class=\"elementor-widget-wrap elementor-element-populated\">\n\t\t\t\t\t\t<div class=\"elementor-element elementor-element-bd9459e elementor-widget elementor-widget-heading\" data-id=\"bd9459e\" data-element_type=\"widget\" data-e-type=\"widget\" data-widget_type=\"heading.default\">\n\t\t\t\t<div class=\"elementor-widget-container\">\n\t\t\t\t\t<div class=\"elementor-heading-title elementor-size-default\">Esmeyer Messerset Orion, 12-teilig<\/div>\t\t\t\t<\/div>\n\t\t\t\t<\/div>\n\t\t\t\t<div class=\"elementor-element elementor-element-7e00b57 elementor-widget elementor-widget-image\" data-id=\"7e00b57\" data-element_type=\"widget\" data-e-type=\"widget\" data-widget_type=\"image.default\">\n\t\t\t\t<div class=\"elementor-widget-container\">\n\t\t\t\t\t\t\t\t\t\t\t\t\t\t\t<img decoding=\"async\" width=\"772\" height=\"579\" src=\"https:\/\/www.lidl-kochen.de\/kochideen\/wp-content\/uploads\/2021\/02\/esmeyer-messerset-orion-12-teilig.jpg\" class=\"attachment-large size-large wp-image-1571\" alt=\"Esmeyer Messerset Orion, 12-teilig\" srcset=\"https:\/\/www.lidl-kochen.de\/kochideen\/wp-content\/uploads\/2021\/02\/esmeyer-messerset-orion-12-teilig.jpg 772w, https:\/\/www.lidl-kochen.de\/kochideen\/wp-content\/uploads\/2021\/02\/esmeyer-messerset-orion-12-teilig-300x225.jpg 300w, https:\/\/www.lidl-kochen.de\/kochideen\/wp-content\/uploads\/2021\/02\/esmeyer-messerset-orion-12-teilig-768x576.jpg 768w\" sizes=\"(max-width: 772px) 100vw, 772px\" \/>\t\t\t\t\t\t\t\t\t\t\t\t\t\t\t<\/div>\n\t\t\t\t<\/div>\n\t\t\t\t\t<\/div>\n\t\t<\/div>\n\t\t\t\t\t<\/div>\n\t\t<\/section>\n\t\t\t\t<div class=\"elementor-element elementor-element-537d953 elementor-widget elementor-widget-heading\" data-id=\"537d953\" data-element_type=\"widget\" data-e-type=\"widget\" data-widget_type=\"heading.default\">\n\t\t\t\t<div class=\"elementor-widget-container\">\n\t\t\t\t\t<div class=\"elementor-heading-title elementor-size-default\"><a href=\"https:\/\/www.lidl.de\/de\/esmeyer-messerset-orion-12-teilig\/p187737?utm_source=lk_magazin&#038;utm_medium=produkt&#038;utm_campaign=magazin\">Im Shop Ansehen<\/a><\/div>\t\t\t\t<\/div>\n\t\t\t\t<\/div>\n\t\t\t\t\t<\/div>\n\t\t<\/div>\n\t\t\t\t\t<\/div>\n\t\t<\/section>\n\t\t\t\t<\/div>\n\t\t<a href=\"https:\/\/www.lidl.de\/de\/esmeyer-messerset-orion-12-teilig\/p187737?utm_source=lk_magazin&amp;utm_medium=produkt&amp;utm_campaign=magazin\" class=\"jet-engine-listing-overlay-link\"><\/a><\/div><\/div><\/div><\/div>\t\t\t\t<\/div>\n\t\t\t\t<\/div>\n\t\t\t\t\t<\/div>\n\t\t<\/div>\n\t\t\t\t\t<\/div>\n\t\t<\/section>\n\t\t\t\t<\/div>\n\t\t\n\n\n\n<p>Doch Vorsicht! Bei gesteigerter Aktivit\u00e4t im Sommer und bei vermehrtem Schwitzen sollte die Trinkmenge in jedem Fall angepasst werden. Immerhin scheidet der K\u00f6rper durch die Transpiration auch viel Fl\u00fcssigkeit wieder aus!<\/p>\n\n\n\n<p>Grunds\u00e4tzlich ist es nat\u00fcrlich wichtig, die entsprechende Trinkmenge nicht aus Softdrinks, sondern vielmehr aus zuckerfreien und alkoholfreien Getr\u00e4nken zu beziehen. Als ideal gelten in diesem Zusammenhang beispielsweise ungezuckerte Fr\u00fcchtetees, Wasser oder stark verd\u00fcnnte Frucht- und Gem\u00fcses\u00e4fte.<\/p>\n\n\n\n<h2 class=\"wp-block-heading\">Was sollte in Bezug auf die Fl\u00fcssigkeitszufuhr f\u00fcr Kinder und Babys beachtet werden?<\/h2>\n\n\n\n<p>In den ersten vier bis sechs Monaten wird das Kind in der Regel durch das F\u00fcttern der Muttermilch nicht nur mit wichtigen N\u00e4hrstoffen, sondern auch mit ausreichend Fl\u00fcssigkeit versorgt. Lediglich dann, wenn die Temperaturen vergleichsweise hoch sind bzw. das Kind unter Fieber und\/ oder Durchfall leidet, kann es n\u00f6tig sein, mit Wasser und\/ oder unges\u00fc\u00dftem Tee den Fl\u00fcssigkeitshaushalt wieder aufzuf\u00fcllen. (In Bezug auf die empfohlenen Mengen hilft der behandelnde Kinderarzt gern weiter.)<\/p>\n\n\n\n<p>Wenn dann jedoch auch Beikost auf dem Speiseplan steht, versp\u00fcrt der Nachwuchs meist ohnehin auch mehr Durst. Eltern wird geraten, auch zwischen den Mahlzeiten immer wieder Wasser\/ unges\u00fc\u00dften Tee anzubieten. Im Laufe der Zeit steigt das Interesse am Trinken meist immer mehr.<\/p>\n\n\n\n<p>Wird die Nahrung fester und nimmt das Kind nun auch Familienkost zu sich, wird zu einer Fl\u00fcssigkeitsmenge von etwa 200 Milliliter pro Tag geraten. Wurde komplett auf die Familienkost \u00fcbergegangen, sollte die t\u00e4gliche Trinkmenge bei etwa 700 Milliliter pro Tag liegen. S\u00e4fte gilt es dabei, mit Bedacht zu genie\u00dfen. Denn: in vielen Fertigprodukten ist Zucker enthalten, der dann wiederrum zu Karies f\u00fchren kann.<\/p>\n\n\n\n<h2 class=\"wp-block-heading\">Was passiert, wenn man zu wenig oder zu viel trinkt?<\/h2>\n\n\n\n<p>Trinken ist wichtig! Kaum ein anderer Leitsatz wird in Bezug auf eine gesunde Ern\u00e4hrung so sehr gepr\u00e4gt wie dieser.<\/p>\n\n\n\n<p>Und tats\u00e4chlich: eine gesunde und ausreichende Fl\u00fcssigkeitsaufnahme kann einen gesunden Lebensstil nachhaltig unterst\u00fctzen. Wer jedoch zu wenig Wasser oder Fl\u00fcssigkeit zu sich nimmt, leidet schnell unter Durst, Mundtrockenheit, Kopfschmerzen und einer verminderten Spannung der Haut. Auf lange Sicht kann eine zu geringe t\u00e4gliche Trinkmenge auch das Blut dicker werden lassen und die k\u00f6rperliche und geistige Leistungsf\u00e4higkeit einschr\u00e4nken. Gerade an warmen Tagen droht zudem ein Kreislaufkollaps.<\/p>\n\n\n\t\t<div data-elementor-type=\"section\" data-elementor-id=\"437\" class=\"elementor elementor-437\" data-elementor-post-type=\"elementor_library\">\n\t\t\t\t\t<section class=\"elementor-section elementor-top-section elementor-element elementor-element-27cebaf4 elementor-section-full_width elementor-section-height-default elementor-section-height-default\" data-id=\"27cebaf4\" data-element_type=\"section\" data-e-type=\"section\" data-settings=\"{&quot;jet_parallax_layout_list&quot;:[{&quot;jet_parallax_layout_image&quot;:{&quot;url&quot;:&quot;&quot;,&quot;id&quot;:&quot;&quot;,&quot;size&quot;:&quot;&quot;},&quot;_id&quot;:&quot;72f4053&quot;,&quot;jet_parallax_layout_image_tablet&quot;:{&quot;url&quot;:&quot;&quot;,&quot;id&quot;:&quot;&quot;,&quot;size&quot;:&quot;&quot;},&quot;jet_parallax_layout_image_mobile&quot;:{&quot;url&quot;:&quot;&quot;,&quot;id&quot;:&quot;&quot;,&quot;size&quot;:&quot;&quot;},&quot;jet_parallax_layout_speed&quot;:{&quot;unit&quot;:&quot;%&quot;,&quot;size&quot;:50,&quot;sizes&quot;:[]},&quot;jet_parallax_layout_type&quot;:&quot;scroll&quot;,&quot;jet_parallax_layout_direction&quot;:&quot;1&quot;,&quot;jet_parallax_layout_fx_direction&quot;:null,&quot;jet_parallax_layout_z_index&quot;:&quot;&quot;,&quot;jet_parallax_layout_bg_x&quot;:50,&quot;jet_parallax_layout_bg_x_tablet&quot;:&quot;&quot;,&quot;jet_parallax_layout_bg_x_mobile&quot;:&quot;&quot;,&quot;jet_parallax_layout_bg_y&quot;:50,&quot;jet_parallax_layout_bg_y_tablet&quot;:&quot;&quot;,&quot;jet_parallax_layout_bg_y_mobile&quot;:&quot;&quot;,&quot;jet_parallax_layout_bg_size&quot;:&quot;auto&quot;,&quot;jet_parallax_layout_bg_size_tablet&quot;:&quot;&quot;,&quot;jet_parallax_layout_bg_size_mobile&quot;:&quot;&quot;,&quot;jet_parallax_layout_animation_prop&quot;:&quot;transform&quot;,&quot;jet_parallax_layout_on&quot;:[&quot;desktop&quot;,&quot;tablet&quot;]}]}\">\n\t\t\t\t\t\t<div class=\"elementor-container elementor-column-gap-default\">\n\t\t\t\t\t<div class=\"elementor-column elementor-col-100 elementor-top-column elementor-element elementor-element-593b90d9\" data-id=\"593b90d9\" data-element_type=\"column\" data-e-type=\"column\" data-settings=\"{&quot;_ob_teleporter_use&quot;:false}\">\n\t\t\t<div class=\"elementor-widget-wrap elementor-element-populated\">\n\t\t\t\t\t\t<div class=\"elementor-element elementor-element-2b7ca800 elementor-widget elementor-widget-jet-listing-grid\" data-id=\"2b7ca800\" data-element_type=\"widget\" data-e-type=\"widget\" data-settings=\"{&quot;columns&quot;:&quot;1&quot;}\" data-widget_type=\"jet-listing-grid.default\">\n\t\t\t\t<div class=\"elementor-widget-container\">\n\t\t\t\t\t<div class=\"jet-listing-grid jet-listing\"><div class=\"jet-listing-not-found jet-listing-grid__items\" data-nav=\"{&quot;enabled&quot;:false,&quot;type&quot;:null,&quot;more_el&quot;:null,&quot;query&quot;:[],&quot;widget_settings&quot;:{&quot;lisitng_id&quot;:425,&quot;posts_num&quot;:1,&quot;columns&quot;:1,&quot;columns_tablet&quot;:1,&quot;columns_mobile&quot;:1,&quot;column_min_width&quot;:240,&quot;column_min_width_tablet&quot;:240,&quot;column_min_width_mobile&quot;:240,&quot;inline_columns_css&quot;:false,&quot;is_archive_template&quot;:&quot;&quot;,&quot;post_status&quot;:[&quot;publish&quot;],&quot;use_random_posts_num&quot;:&quot;&quot;,&quot;max_posts_num&quot;:9,&quot;not_found_message&quot;:&quot;No data was found&quot;,&quot;is_masonry&quot;:false,&quot;equal_columns_height&quot;:&quot;&quot;,&quot;use_load_more&quot;:&quot;&quot;,&quot;load_more_id&quot;:&quot;&quot;,&quot;load_more_type&quot;:&quot;click&quot;,&quot;load_more_offset&quot;:{&quot;unit&quot;:&quot;px&quot;,&quot;size&quot;:0,&quot;sizes&quot;:[]},&quot;use_custom_post_types&quot;:&quot;&quot;,&quot;custom_post_types&quot;:[],&quot;hide_widget_if&quot;:&quot;&quot;,&quot;carousel_enabled&quot;:&quot;&quot;,&quot;slides_to_scroll&quot;:&quot;1&quot;,&quot;arrows&quot;:&quot;true&quot;,&quot;arrow_icon&quot;:&quot;fa fa-angle-left&quot;,&quot;dots&quot;:&quot;&quot;,&quot;autoplay&quot;:&quot;true&quot;,&quot;pause_on_hover&quot;:&quot;true&quot;,&quot;autoplay_speed&quot;:5000,&quot;infinite&quot;:&quot;true&quot;,&quot;center_mode&quot;:&quot;&quot;,&quot;effect&quot;:&quot;slide&quot;,&quot;speed&quot;:500,&quot;inject_alternative_items&quot;:&quot;&quot;,&quot;injection_items&quot;:[],&quot;scroll_slider_enabled&quot;:&quot;&quot;,&quot;scroll_slider_on&quot;:[&quot;desktop&quot;,&quot;tablet&quot;,&quot;mobile&quot;],&quot;custom_query&quot;:false,&quot;custom_query_id&quot;:&quot;&quot;,&quot;_element_id&quot;:&quot;&quot;,&quot;collapse_first_last_gap&quot;:false,&quot;list_tag_selection&quot;:&quot;&quot;,&quot;list_items_wrapper_tag&quot;:&quot;div&quot;,&quot;list_item_tag&quot;:&quot;div&quot;,&quot;empty_items_wrapper_tag&quot;:&quot;div&quot;}}\" data-listing-source=\"posts\" data-listing-id=\"425\" data-query-id=\"\" data-queried-id=\"3607|WP_Post\">No data was found<\/div><\/div>\t\t\t\t<\/div>\n\t\t\t\t<\/div>\n\t\t\t\t\t<\/div>\n\t\t<\/div>\n\t\t\t\t\t<\/div>\n\t\t<\/section>\n\t\t\t\t<\/div>\n\t\t\n\n\n\n<p>Es ist enorm wichtig, diese Symptome zu kennen und zuzuordnen. Auf diese Weise kann schwerwiegenden Folgen oft gegengesteuert werden.<\/p>\n\n\n\n<p>Aber: zu viel Wasser zu trinken, kann ebenfalls gesundheitliche Sch\u00e4den verursachen. Es f\u00e4llt jedoch durchaus schwer, diese Grenze zu erreichen. Hierf\u00fcr m\u00fcsste eine erwachsene Person binnen k\u00fcrzester Zeit etwa sechs Liter Wasser zu sich nehmen. Ein S\u00e4ugling erreicht die kritische Menge jedoch schon bei 400 Millilitern, Kinder bis zehn Kilogramm bei 900 Millilitern.<\/p>\n\n\n\n<p>Zu viel Wasser kann zu einer sogenannten \u201eWasservergiftung\u201c f\u00fchren. Im Zusammenhang mit diesem Beschwerdebild kommt es zu Atembeschwerden und Wasseransammlungen im Gewebe. Weiterhin leiden die Betroffenen unter Kr\u00e4mpfen und wirken nicht selten verwirrt. Auch der Herzschlag kann sich deutlich erh\u00f6hen. Wer entsprechende Symptome bei sich feststellt, sollte schnellstm\u00f6glich den Arzt kontaktieren.<\/p>\n\n\n\n<h2 class=\"wp-block-heading\">Wasser \u2013 alles andere als langweilig<\/h2>\n\n\n\n<p>Wasser kann fantasievoller als es oft den Anschein haben mag, daherkommen. Die Fl\u00fcssigkeit gilt als idealer Durstl\u00f6scher. Wer sich auf der Suche nach ein wenig mehr Pepp befindet, kann sein Wasser wahlweise mit Fr\u00fcchten aufpeppen.<\/p>\n\n\n\n<p>Auf diese Weise f\u00e4llt es vielen \u201eTrinkmuffeln\u201c oft leichter, die empfohlene Tagesmenge von durchschnittlich etwa 2,5 Litern (f\u00fcr Erwachsene) zu erreichen. Zudem k\u00f6nnen \u201eEtappenziele\u201c, wie zum Beispiel 500 Milliliter bis 12 Uhr mittags usw., dabei helfen, den K\u00f6rper mit ausreichend Fl\u00fcssigkeit zu versorgen.<\/p>\n\n\n\n<p><em>Alle Informationen wurden nach bestem Wissen und Gewissen zusammengestellt, jedoch ohne Anspruch auf Vollst\u00e4ndigkeit und inhaltliche Richtigkeit.<\/em> <\/p>\n","protected":false},"excerpt":{"rendered":"<p>Der Mensch besteht zum Zeitpunkt seiner Geburt aus etwa 95 Prozent Wasser. Im erwachsenen Alter sind es hingegen nur noch 70 Prozent. Das Ph\u00e4nomen der Abnahme des Wassergehalts l\u00e4sst sich dadurch begr\u00fcnden, dass der menschliche K\u00f6rper sp\u00e4ter nicht mehr dazu in der Lage ist, eine derart gro\u00dfe Menge an Wasser zu speichern.<\/p>\n","protected":false},"author":9,"featured_media":3617,"comment_status":"closed","ping_status":"open","sticky":false,"template":"","format":"standard","meta":{"_acf_changed":false,"footnotes":""},"categories":[28],"tags":[],"schlagworte":[43],"class_list":["post-3607","post","type-post","status-publish","format-standard","has-post-thumbnail","hentry","category-gesunde-ernaehrung","schlagworte-produkt"],"acf":[],"yoast_head":"<!-- This site is optimized with the Yoast SEO plugin v27.4 - https:\/\/yoast.com\/product\/yoast-seo-wordpress\/ -->\n<title>Wieviel Wasser sollte man am Tag trinken? | Lidl Kochen Magazin<\/title>\n<meta name=\"description\" content=\"Kann man eigentlich zu viel Wasser trinken? Diese Frage und mehr Fragen rund um die Wasserzufuhr beantworten wir dir hier.\" \/>\n<meta name=\"robots\" content=\"index, follow, max-snippet:-1, max-image-preview:large, max-video-preview:-1\" \/>\n<link rel=\"canonical\" href=\"https:\/\/www.lidl-kochen.de\/kochideen\/wie-viel-wasser-sollte-man-am-tag-trinken\/\" \/>\n<meta property=\"og:locale\" content=\"de_DE\" \/>\n<meta property=\"og:type\" content=\"article\" \/>\n<meta property=\"og:title\" content=\"Wieviel Wasser sollte man am Tag trinken? | Lidl Kochen Magazin\" \/>\n<meta property=\"og:description\" content=\"Kann man eigentlich zu viel Wasser trinken? Diese Frage und mehr Fragen rund um die Wasserzufuhr beantworten wir dir hier.\" \/>\n<meta property=\"og:url\" content=\"https:\/\/www.lidl-kochen.de\/kochideen\/wie-viel-wasser-sollte-man-am-tag-trinken\/\" \/>\n<meta property=\"og:site_name\" content=\"Lidl Kochen Magazin\" \/>\n<meta property=\"article:published_time\" content=\"2021-08-26T14:43:24+00:00\" \/>\n<meta property=\"article:modified_time\" content=\"2023-06-20T08:28:48+00:00\" \/>\n<meta property=\"og:image\" content=\"https:\/\/www.lidl-kochen.de\/kochideen\/wp-content\/uploads\/2021\/08\/wieviel_wasser_muss_man_pro_tag_trinken.jpg\" \/>\n\t<meta property=\"og:image:width\" content=\"1024\" \/>\n\t<meta property=\"og:image:height\" content=\"767\" \/>\n\t<meta property=\"og:image:type\" content=\"image\/jpeg\" \/>\n<meta name=\"author\" content=\"Alannah Lindenberger\" \/>\n<meta name=\"twitter:card\" content=\"summary_large_image\" \/>\n<meta name=\"twitter:label1\" content=\"Verfasst von\" \/>\n\t<meta name=\"twitter:data1\" content=\"Alannah Lindenberger\" \/>\n\t<meta name=\"twitter:label2\" content=\"Gesch\u00e4tzte Lesezeit\" \/>\n\t<meta name=\"twitter:data2\" content=\"4\u00a0Minuten\" \/>\n<script type=\"application\/ld+json\" class=\"yoast-schema-graph\">{\"@context\":\"https:\\\/\\\/schema.org\",\"@graph\":[{\"@type\":\"Article\",\"@id\":\"https:\\\/\\\/www.lidl-kochen.de\\\/kochideen\\\/wie-viel-wasser-sollte-man-am-tag-trinken\\\/#article\",\"isPartOf\":{\"@id\":\"https:\\\/\\\/www.lidl-kochen.de\\\/kochideen\\\/wie-viel-wasser-sollte-man-am-tag-trinken\\\/\"},\"author\":{\"name\":\"Alannah Lindenberger\",\"@id\":\"https:\\\/\\\/www.lidl-kochen.de\\\/kochideen\\\/#\\\/schema\\\/person\\\/faa25f253d04ef10b5e9249c58c6809d\"},\"headline\":\"Wie viel Wasser sollte man am Tag trinken?\",\"datePublished\":\"2021-08-26T14:43:24+00:00\",\"dateModified\":\"2023-06-20T08:28:48+00:00\",\"mainEntityOfPage\":{\"@id\":\"https:\\\/\\\/www.lidl-kochen.de\\\/kochideen\\\/wie-viel-wasser-sollte-man-am-tag-trinken\\\/\"},\"wordCount\":914,\"image\":{\"@id\":\"https:\\\/\\\/www.lidl-kochen.de\\\/kochideen\\\/wie-viel-wasser-sollte-man-am-tag-trinken\\\/#primaryimage\"},\"thumbnailUrl\":\"https:\\\/\\\/www.lidl-kochen.de\\\/kochideen\\\/wp-content\\\/uploads\\\/2021\\\/08\\\/wieviel_wasser_muss_man_pro_tag_trinken.jpg\",\"articleSection\":[\"Gesunde Ern\u00e4hrung\"],\"inLanguage\":\"de\"},{\"@type\":\"WebPage\",\"@id\":\"https:\\\/\\\/www.lidl-kochen.de\\\/kochideen\\\/wie-viel-wasser-sollte-man-am-tag-trinken\\\/\",\"url\":\"https:\\\/\\\/www.lidl-kochen.de\\\/kochideen\\\/wie-viel-wasser-sollte-man-am-tag-trinken\\\/\",\"name\":\"Wieviel Wasser sollte man am Tag trinken? | Lidl Kochen Magazin\",\"isPartOf\":{\"@id\":\"https:\\\/\\\/www.lidl-kochen.de\\\/kochideen\\\/#website\"},\"primaryImageOfPage\":{\"@id\":\"https:\\\/\\\/www.lidl-kochen.de\\\/kochideen\\\/wie-viel-wasser-sollte-man-am-tag-trinken\\\/#primaryimage\"},\"image\":{\"@id\":\"https:\\\/\\\/www.lidl-kochen.de\\\/kochideen\\\/wie-viel-wasser-sollte-man-am-tag-trinken\\\/#primaryimage\"},\"thumbnailUrl\":\"https:\\\/\\\/www.lidl-kochen.de\\\/kochideen\\\/wp-content\\\/uploads\\\/2021\\\/08\\\/wieviel_wasser_muss_man_pro_tag_trinken.jpg\",\"datePublished\":\"2021-08-26T14:43:24+00:00\",\"dateModified\":\"2023-06-20T08:28:48+00:00\",\"author\":{\"@id\":\"https:\\\/\\\/www.lidl-kochen.de\\\/kochideen\\\/#\\\/schema\\\/person\\\/faa25f253d04ef10b5e9249c58c6809d\"},\"description\":\"Kann man eigentlich zu viel Wasser trinken? Diese Frage und mehr Fragen rund um die Wasserzufuhr beantworten wir dir hier.\",\"breadcrumb\":{\"@id\":\"https:\\\/\\\/www.lidl-kochen.de\\\/kochideen\\\/wie-viel-wasser-sollte-man-am-tag-trinken\\\/#breadcrumb\"},\"inLanguage\":\"de\",\"potentialAction\":[{\"@type\":\"ReadAction\",\"target\":[\"https:\\\/\\\/www.lidl-kochen.de\\\/kochideen\\\/wie-viel-wasser-sollte-man-am-tag-trinken\\\/\"]}]},{\"@type\":\"ImageObject\",\"inLanguage\":\"de\",\"@id\":\"https:\\\/\\\/www.lidl-kochen.de\\\/kochideen\\\/wie-viel-wasser-sollte-man-am-tag-trinken\\\/#primaryimage\",\"url\":\"https:\\\/\\\/www.lidl-kochen.de\\\/kochideen\\\/wp-content\\\/uploads\\\/2021\\\/08\\\/wieviel_wasser_muss_man_pro_tag_trinken.jpg\",\"contentUrl\":\"https:\\\/\\\/www.lidl-kochen.de\\\/kochideen\\\/wp-content\\\/uploads\\\/2021\\\/08\\\/wieviel_wasser_muss_man_pro_tag_trinken.jpg\",\"width\":1024,\"height\":767,\"caption\":\"wieviel_wasser_muss_man_pro_tag_trinken_lidl_kochen_magazin\"},{\"@type\":\"BreadcrumbList\",\"@id\":\"https:\\\/\\\/www.lidl-kochen.de\\\/kochideen\\\/wie-viel-wasser-sollte-man-am-tag-trinken\\\/#breadcrumb\",\"itemListElement\":[{\"@type\":\"ListItem\",\"position\":1,\"name\":\"Startseite\",\"item\":\"https:\\\/\\\/www.lidl-kochen.de\\\/kochideen\\\/\"},{\"@type\":\"ListItem\",\"position\":2,\"name\":\"Wie viel Wasser sollte man am Tag trinken?\"}]},{\"@type\":\"WebSite\",\"@id\":\"https:\\\/\\\/www.lidl-kochen.de\\\/kochideen\\\/#website\",\"url\":\"https:\\\/\\\/www.lidl-kochen.de\\\/kochideen\\\/\",\"name\":\"Lidl Kochen Magazin\",\"description\":\"Das Magazin rund ums Kochen\",\"potentialAction\":[{\"@type\":\"SearchAction\",\"target\":{\"@type\":\"EntryPoint\",\"urlTemplate\":\"https:\\\/\\\/www.lidl-kochen.de\\\/kochideen\\\/?s={search_term_string}\"},\"query-input\":{\"@type\":\"PropertyValueSpecification\",\"valueRequired\":true,\"valueName\":\"search_term_string\"}}],\"inLanguage\":\"de\"},{\"@type\":\"Person\",\"@id\":\"https:\\\/\\\/www.lidl-kochen.de\\\/kochideen\\\/#\\\/schema\\\/person\\\/faa25f253d04ef10b5e9249c58c6809d\",\"name\":\"Alannah Lindenberger\",\"image\":{\"@type\":\"ImageObject\",\"inLanguage\":\"de\",\"@id\":\"https:\\\/\\\/secure.gravatar.com\\\/avatar\\\/2f30400ddd0fec1b0000c3b176f463c1bed4ec2a2accdbeac38334498cffa257?s=96&d=mm&r=g\",\"url\":\"https:\\\/\\\/secure.gravatar.com\\\/avatar\\\/2f30400ddd0fec1b0000c3b176f463c1bed4ec2a2accdbeac38334498cffa257?s=96&d=mm&r=g\",\"contentUrl\":\"https:\\\/\\\/secure.gravatar.com\\\/avatar\\\/2f30400ddd0fec1b0000c3b176f463c1bed4ec2a2accdbeac38334498cffa257?s=96&d=mm&r=g\",\"caption\":\"Alannah Lindenberger\"}}]}<\/script>\n<!-- \/ Yoast SEO plugin. -->","yoast_head_json":{"title":"Wieviel Wasser sollte man am Tag trinken? | Lidl Kochen Magazin","description":"Kann man eigentlich zu viel Wasser trinken? Diese Frage und mehr Fragen rund um die Wasserzufuhr beantworten wir dir hier.","robots":{"index":"index","follow":"follow","max-snippet":"max-snippet:-1","max-image-preview":"max-image-preview:large","max-video-preview":"max-video-preview:-1"},"canonical":"https:\/\/www.lidl-kochen.de\/kochideen\/wie-viel-wasser-sollte-man-am-tag-trinken\/","og_locale":"de_DE","og_type":"article","og_title":"Wieviel Wasser sollte man am Tag trinken? | Lidl Kochen Magazin","og_description":"Kann man eigentlich zu viel Wasser trinken? Diese Frage und mehr Fragen rund um die Wasserzufuhr beantworten wir dir hier.","og_url":"https:\/\/www.lidl-kochen.de\/kochideen\/wie-viel-wasser-sollte-man-am-tag-trinken\/","og_site_name":"Lidl Kochen Magazin","article_published_time":"2021-08-26T14:43:24+00:00","article_modified_time":"2023-06-20T08:28:48+00:00","og_image":[{"width":1024,"height":767,"url":"https:\/\/www.lidl-kochen.de\/kochideen\/wp-content\/uploads\/2021\/08\/wieviel_wasser_muss_man_pro_tag_trinken.jpg","type":"image\/jpeg"}],"author":"Alannah Lindenberger","twitter_card":"summary_large_image","twitter_misc":{"Verfasst von":"Alannah Lindenberger","Gesch\u00e4tzte Lesezeit":"4\u00a0Minuten"},"schema":{"@context":"https:\/\/schema.org","@graph":[{"@type":"Article","@id":"https:\/\/www.lidl-kochen.de\/kochideen\/wie-viel-wasser-sollte-man-am-tag-trinken\/#article","isPartOf":{"@id":"https:\/\/www.lidl-kochen.de\/kochideen\/wie-viel-wasser-sollte-man-am-tag-trinken\/"},"author":{"name":"Alannah Lindenberger","@id":"https:\/\/www.lidl-kochen.de\/kochideen\/#\/schema\/person\/faa25f253d04ef10b5e9249c58c6809d"},"headline":"Wie viel Wasser sollte man am Tag trinken?","datePublished":"2021-08-26T14:43:24+00:00","dateModified":"2023-06-20T08:28:48+00:00","mainEntityOfPage":{"@id":"https:\/\/www.lidl-kochen.de\/kochideen\/wie-viel-wasser-sollte-man-am-tag-trinken\/"},"wordCount":914,"image":{"@id":"https:\/\/www.lidl-kochen.de\/kochideen\/wie-viel-wasser-sollte-man-am-tag-trinken\/#primaryimage"},"thumbnailUrl":"https:\/\/www.lidl-kochen.de\/kochideen\/wp-content\/uploads\/2021\/08\/wieviel_wasser_muss_man_pro_tag_trinken.jpg","articleSection":["Gesunde Ern\u00e4hrung"],"inLanguage":"de"},{"@type":"WebPage","@id":"https:\/\/www.lidl-kochen.de\/kochideen\/wie-viel-wasser-sollte-man-am-tag-trinken\/","url":"https:\/\/www.lidl-kochen.de\/kochideen\/wie-viel-wasser-sollte-man-am-tag-trinken\/","name":"Wieviel Wasser sollte man am Tag trinken? | Lidl Kochen Magazin","isPartOf":{"@id":"https:\/\/www.lidl-kochen.de\/kochideen\/#website"},"primaryImageOfPage":{"@id":"https:\/\/www.lidl-kochen.de\/kochideen\/wie-viel-wasser-sollte-man-am-tag-trinken\/#primaryimage"},"image":{"@id":"https:\/\/www.lidl-kochen.de\/kochideen\/wie-viel-wasser-sollte-man-am-tag-trinken\/#primaryimage"},"thumbnailUrl":"https:\/\/www.lidl-kochen.de\/kochideen\/wp-content\/uploads\/2021\/08\/wieviel_wasser_muss_man_pro_tag_trinken.jpg","datePublished":"2021-08-26T14:43:24+00:00","dateModified":"2023-06-20T08:28:48+00:00","author":{"@id":"https:\/\/www.lidl-kochen.de\/kochideen\/#\/schema\/person\/faa25f253d04ef10b5e9249c58c6809d"},"description":"Kann man eigentlich zu viel Wasser trinken? Diese Frage und mehr Fragen rund um die Wasserzufuhr beantworten wir dir hier.","breadcrumb":{"@id":"https:\/\/www.lidl-kochen.de\/kochideen\/wie-viel-wasser-sollte-man-am-tag-trinken\/#breadcrumb"},"inLanguage":"de","potentialAction":[{"@type":"ReadAction","target":["https:\/\/www.lidl-kochen.de\/kochideen\/wie-viel-wasser-sollte-man-am-tag-trinken\/"]}]},{"@type":"ImageObject","inLanguage":"de","@id":"https:\/\/www.lidl-kochen.de\/kochideen\/wie-viel-wasser-sollte-man-am-tag-trinken\/#primaryimage","url":"https:\/\/www.lidl-kochen.de\/kochideen\/wp-content\/uploads\/2021\/08\/wieviel_wasser_muss_man_pro_tag_trinken.jpg","contentUrl":"https:\/\/www.lidl-kochen.de\/kochideen\/wp-content\/uploads\/2021\/08\/wieviel_wasser_muss_man_pro_tag_trinken.jpg","width":1024,"height":767,"caption":"wieviel_wasser_muss_man_pro_tag_trinken_lidl_kochen_magazin"},{"@type":"BreadcrumbList","@id":"https:\/\/www.lidl-kochen.de\/kochideen\/wie-viel-wasser-sollte-man-am-tag-trinken\/#breadcrumb","itemListElement":[{"@type":"ListItem","position":1,"name":"Startseite","item":"https:\/\/www.lidl-kochen.de\/kochideen\/"},{"@type":"ListItem","position":2,"name":"Wie viel Wasser sollte man am Tag trinken?"}]},{"@type":"WebSite","@id":"https:\/\/www.lidl-kochen.de\/kochideen\/#website","url":"https:\/\/www.lidl-kochen.de\/kochideen\/","name":"Lidl Kochen Magazin","description":"Das Magazin rund ums Kochen","potentialAction":[{"@type":"SearchAction","target":{"@type":"EntryPoint","urlTemplate":"https:\/\/www.lidl-kochen.de\/kochideen\/?s={search_term_string}"},"query-input":{"@type":"PropertyValueSpecification","valueRequired":true,"valueName":"search_term_string"}}],"inLanguage":"de"},{"@type":"Person","@id":"https:\/\/www.lidl-kochen.de\/kochideen\/#\/schema\/person\/faa25f253d04ef10b5e9249c58c6809d","name":"Alannah Lindenberger","image":{"@type":"ImageObject","inLanguage":"de","@id":"https:\/\/secure.gravatar.com\/avatar\/2f30400ddd0fec1b0000c3b176f463c1bed4ec2a2accdbeac38334498cffa257?s=96&d=mm&r=g","url":"https:\/\/secure.gravatar.com\/avatar\/2f30400ddd0fec1b0000c3b176f463c1bed4ec2a2accdbeac38334498cffa257?s=96&d=mm&r=g","contentUrl":"https:\/\/secure.gravatar.com\/avatar\/2f30400ddd0fec1b0000c3b176f463c1bed4ec2a2accdbeac38334498cffa257?s=96&d=mm&r=g","caption":"Alannah Lindenberger"}}]}},"_links":{"self":[{"href":"https:\/\/www.lidl-kochen.de\/kochideen\/wp-json\/wp\/v2\/posts\/3607","targetHints":{"allow":["GET"]}}],"collection":[{"href":"https:\/\/www.lidl-kochen.de\/kochideen\/wp-json\/wp\/v2\/posts"}],"about":[{"href":"https:\/\/www.lidl-kochen.de\/kochideen\/wp-json\/wp\/v2\/types\/post"}],"author":[{"embeddable":true,"href":"https:\/\/www.lidl-kochen.de\/kochideen\/wp-json\/wp\/v2\/users\/9"}],"replies":[{"embeddable":true,"href":"https:\/\/www.lidl-kochen.de\/kochideen\/wp-json\/wp\/v2\/comments?post=3607"}],"version-history":[{"count":1,"href":"https:\/\/www.lidl-kochen.de\/kochideen\/wp-json\/wp\/v2\/posts\/3607\/revisions"}],"predecessor-version":[{"id":3608,"href":"https:\/\/www.lidl-kochen.de\/kochideen\/wp-json\/wp\/v2\/posts\/3607\/revisions\/3608"}],"wp:featuredmedia":[{"embeddable":true,"href":"https:\/\/www.lidl-kochen.de\/kochideen\/wp-json\/wp\/v2\/media\/3617"}],"wp:attachment":[{"href":"https:\/\/www.lidl-kochen.de\/kochideen\/wp-json\/wp\/v2\/media?parent=3607"}],"wp:term":[{"taxonomy":"category","embeddable":true,"href":"https:\/\/www.lidl-kochen.de\/kochideen\/wp-json\/wp\/v2\/categories?post=3607"},{"taxonomy":"post_tag","embeddable":true,"href":"https:\/\/www.lidl-kochen.de\/kochideen\/wp-json\/wp\/v2\/tags?post=3607"},{"taxonomy":"schlagworte","embeddable":true,"href":"https:\/\/www.lidl-kochen.de\/kochideen\/wp-json\/wp\/v2\/schlagworte?post=3607"}],"curies":[{"name":"wp","href":"https:\/\/api.w.org\/{rel}","templated":true}]}}