{"id":3154,"date":"2021-07-15T05:59:15","date_gmt":"2021-07-15T05:59:15","guid":{"rendered":"https:\/\/www.lidl-kochen.de\/kochideen\/?p=3154"},"modified":"2023-06-20T10:29:44","modified_gmt":"2023-06-20T08:29:44","slug":"welche-nuesse-sind-bei-einer-low-carb-diaet-erlaubt","status":"publish","type":"post","link":"https:\/\/www.lidl-kochen.de\/kochideen\/welche-nuesse-sind-bei-einer-low-carb-diaet-erlaubt\/","title":{"rendered":"Welche N\u00fcsse sind bei einer Low Carb Di\u00e4t erlaubt?"},"content":{"rendered":"\n<p>Low Carb ist mittlerweile zu einer beliebten Art der Ern\u00e4hrung geworden. Hierbei besteht das Ziel darin, wie der Name schon sagt, nur wenige Kohlenhydrate am Tag zu sich zu nehmen. Unter anderem wird beispielsweise auf Kartoffeln, Nudeln oder kohlenhydratreiches Brot verzichtet. Der Markt bietet viele Alternativen, die dabei helfen k\u00f6nnen, Genuss und Low Carb miteinander zu verbinden. &nbsp;<\/p>\n\n\n\n<p>Doch welche Grundregeln gelten eigentlich mit Hinblick auf Low Carb und N\u00fcsse? Oder anders: sind N\u00fcsse dazu geeignet, um in eine Low Carb Ern\u00e4hrung integriert zu werden?<\/p>\n\n\n\n<p>Die gute Nachricht: ja! Es gibt tats\u00e4chlich einige Nussarten, die auch im Zuge einer kohlenhydratarmen Ern\u00e4hrungsweise als Snack dienen k\u00f6nnen.<\/p>\n\n\n\n<h2 class=\"wp-block-heading\">Das Low Carb Prinzip&nbsp; &#8211; was passiert im K\u00f6rper, wenn nur wenige Kohlenhydrate konsumiert werden?<\/h2>\n\n\n\n<p>Werden Kohlenhydrate im K\u00f6rper abgebaut, entsteht hieraus Glukose, also Zucker. Dieser wird wiederrum in speziellen Speichern gelagert. Wenn vergleichsweise rasch Energie ben\u00f6tigt wird, nutzt der Organismus genau diese Speicher.<\/p>\n\n\n\n<p>Und genau hierin liegt der \u201eTrick\u201c, den sich Low Carb zunutze macht: kann der K\u00f6rper nicht auf besagten Speicher zur\u00fcckgreifen, weil wenig Kohlenhydrate konsumiert wurden, soll er dazu gezwungen werden, die Fettreserven anzugreifen.<\/p>\n\n\n\n<p>Hieraus ergibt sich eine Umstellung des K\u00f6rpers, der es ja eigentlich gewohnt ist, sich an den \u201eKohlenhydrat-Speichern\u201c zu bedienen. Besagte Umstellung geht in der Regel vergleichsweise schnell vonstatten und sorgt daf\u00fcr, dass erste Erfolge meist nicht lange auf sich warten lassen. Parallel dazu sinkt der Blutzuckerspiegel.<\/p>\n\n\n\t\t<div data-elementor-type=\"section\" data-elementor-id=\"437\" class=\"elementor elementor-437\" data-elementor-post-type=\"elementor_library\">\n\t\t\t\t\t<section class=\"elementor-section elementor-top-section elementor-element elementor-element-27cebaf4 elementor-section-full_width elementor-section-height-default elementor-section-height-default\" data-id=\"27cebaf4\" data-element_type=\"section\" data-e-type=\"section\" data-settings=\"{&quot;jet_parallax_layout_list&quot;:[{&quot;jet_parallax_layout_image&quot;:{&quot;url&quot;:&quot;&quot;,&quot;id&quot;:&quot;&quot;,&quot;size&quot;:&quot;&quot;},&quot;_id&quot;:&quot;72f4053&quot;,&quot;jet_parallax_layout_image_tablet&quot;:{&quot;url&quot;:&quot;&quot;,&quot;id&quot;:&quot;&quot;,&quot;size&quot;:&quot;&quot;},&quot;jet_parallax_layout_image_mobile&quot;:{&quot;url&quot;:&quot;&quot;,&quot;id&quot;:&quot;&quot;,&quot;size&quot;:&quot;&quot;},&quot;jet_parallax_layout_speed&quot;:{&quot;unit&quot;:&quot;%&quot;,&quot;size&quot;:50,&quot;sizes&quot;:[]},&quot;jet_parallax_layout_type&quot;:&quot;scroll&quot;,&quot;jet_parallax_layout_direction&quot;:&quot;1&quot;,&quot;jet_parallax_layout_fx_direction&quot;:null,&quot;jet_parallax_layout_z_index&quot;:&quot;&quot;,&quot;jet_parallax_layout_bg_x&quot;:50,&quot;jet_parallax_layout_bg_x_tablet&quot;:&quot;&quot;,&quot;jet_parallax_layout_bg_x_mobile&quot;:&quot;&quot;,&quot;jet_parallax_layout_bg_y&quot;:50,&quot;jet_parallax_layout_bg_y_tablet&quot;:&quot;&quot;,&quot;jet_parallax_layout_bg_y_mobile&quot;:&quot;&quot;,&quot;jet_parallax_layout_bg_size&quot;:&quot;auto&quot;,&quot;jet_parallax_layout_bg_size_tablet&quot;:&quot;&quot;,&quot;jet_parallax_layout_bg_size_mobile&quot;:&quot;&quot;,&quot;jet_parallax_layout_animation_prop&quot;:&quot;transform&quot;,&quot;jet_parallax_layout_on&quot;:[&quot;desktop&quot;,&quot;tablet&quot;]}]}\">\n\t\t\t\t\t\t<div class=\"elementor-container elementor-column-gap-default\">\n\t\t\t\t\t<div class=\"elementor-column elementor-col-100 elementor-top-column elementor-element elementor-element-593b90d9\" data-id=\"593b90d9\" data-element_type=\"column\" data-e-type=\"column\" data-settings=\"{&quot;_ob_teleporter_use&quot;:false}\">\n\t\t\t<div class=\"elementor-widget-wrap elementor-element-populated\">\n\t\t\t\t\t\t<div class=\"elementor-element elementor-element-2b7ca800 elementor-widget elementor-widget-jet-listing-grid\" data-id=\"2b7ca800\" data-element_type=\"widget\" data-e-type=\"widget\" data-settings=\"{&quot;columns&quot;:&quot;1&quot;}\" data-widget_type=\"jet-listing-grid.default\">\n\t\t\t\t<div class=\"elementor-widget-container\">\n\t\t\t\t\t<div class=\"jet-listing-grid jet-listing\"><div class=\"jet-listing-not-found jet-listing-grid__items\" data-nav=\"{&quot;enabled&quot;:false,&quot;type&quot;:null,&quot;more_el&quot;:null,&quot;query&quot;:[],&quot;widget_settings&quot;:{&quot;lisitng_id&quot;:425,&quot;posts_num&quot;:1,&quot;columns&quot;:1,&quot;columns_tablet&quot;:1,&quot;columns_mobile&quot;:1,&quot;column_min_width&quot;:240,&quot;column_min_width_tablet&quot;:240,&quot;column_min_width_mobile&quot;:240,&quot;inline_columns_css&quot;:false,&quot;is_archive_template&quot;:&quot;&quot;,&quot;post_status&quot;:[&quot;publish&quot;],&quot;use_random_posts_num&quot;:&quot;&quot;,&quot;max_posts_num&quot;:9,&quot;not_found_message&quot;:&quot;No data was found&quot;,&quot;is_masonry&quot;:false,&quot;equal_columns_height&quot;:&quot;&quot;,&quot;use_load_more&quot;:&quot;&quot;,&quot;load_more_id&quot;:&quot;&quot;,&quot;load_more_type&quot;:&quot;click&quot;,&quot;load_more_offset&quot;:{&quot;unit&quot;:&quot;px&quot;,&quot;size&quot;:0,&quot;sizes&quot;:[]},&quot;use_custom_post_types&quot;:&quot;&quot;,&quot;custom_post_types&quot;:[],&quot;hide_widget_if&quot;:&quot;&quot;,&quot;carousel_enabled&quot;:&quot;&quot;,&quot;slides_to_scroll&quot;:&quot;1&quot;,&quot;arrows&quot;:&quot;true&quot;,&quot;arrow_icon&quot;:&quot;fa fa-angle-left&quot;,&quot;dots&quot;:&quot;&quot;,&quot;autoplay&quot;:&quot;true&quot;,&quot;pause_on_hover&quot;:&quot;true&quot;,&quot;autoplay_speed&quot;:5000,&quot;infinite&quot;:&quot;true&quot;,&quot;center_mode&quot;:&quot;&quot;,&quot;effect&quot;:&quot;slide&quot;,&quot;speed&quot;:500,&quot;inject_alternative_items&quot;:&quot;&quot;,&quot;injection_items&quot;:[],&quot;scroll_slider_enabled&quot;:&quot;&quot;,&quot;scroll_slider_on&quot;:[&quot;desktop&quot;,&quot;tablet&quot;,&quot;mobile&quot;],&quot;custom_query&quot;:false,&quot;custom_query_id&quot;:&quot;&quot;,&quot;_element_id&quot;:&quot;&quot;,&quot;collapse_first_last_gap&quot;:false,&quot;list_tag_selection&quot;:&quot;&quot;,&quot;list_items_wrapper_tag&quot;:&quot;div&quot;,&quot;list_item_tag&quot;:&quot;div&quot;,&quot;empty_items_wrapper_tag&quot;:&quot;div&quot;}}\" data-listing-source=\"posts\" data-listing-id=\"425\" data-query-id=\"\" data-queried-id=\"3154|WP_Post\">No data was found<\/div><\/div>\t\t\t\t<\/div>\n\t\t\t\t<\/div>\n\t\t\t\t\t<\/div>\n\t\t<\/div>\n\t\t\t\t\t<\/div>\n\t\t<\/section>\n\t\t\t\t<\/div>\n\t\t\n\n\n\n<h2 class=\"wp-block-heading\">Low Carb geeignete N\u00fcsse \u2013 eine \u00dcbersicht<\/h2>\n\n\n\n<p>N\u00fcsse schmecken nicht nur lecker, sondern bringen auch mit Hinblick auf die Versorgung mit N\u00e4hrstoffen viele Vorteile mit sich. Die folgenden Sorten sind besonders gut geeignet, wenn es darum geht, in eine Low Carb Ern\u00e4hrung integriert zu werden.<\/p>\n\n\n\n<h2 class=\"wp-block-heading\">Para- und Pekann\u00fcsse<\/h2>\n\n\n\n<p>Diese N\u00fcsse beinhalten viele notwendige N\u00e4hrstoffe wie Eisen, Selen, Magnesium, Kupfer und sind \u201eganz nebenbei\u201c reich an den verschiedensten Vitaminen.<\/p>\n\n\n\n<p>In unterschiedlichen Studien konnte unter anderem nachgewiesen werden, dass Pekann\u00fcsse dabei helfen k\u00f6nnen, den Blutdruck und den Blutzuckerspiegel zu regulieren.<\/p>\n\n\n\n<p>Dennoch gilt hierbei: bitte in Ma\u00dfen genie\u00dfen! Denn: 100 Gramm Pekann\u00fcsse haben stolze 700 Kilokalorien. Hier empfiehlt es sich, sie beispielsweise als Extra im M\u00fcsli oder im Salat zu nutzen.<\/p>\n\n\n\n<h2 class=\"wp-block-heading\">Macadamian\u00fcsse<\/h2>\n\n\n\n<p>Auch Macadamian\u00fcsse eignen sich dazu, in eine Low Carb Di\u00e4t integriert zu werden, sollten jedoch ebenfalls nur in geringen Mengen auf dem Speiseplan stehen.<\/p>\n\n\n\n<p>Sie bestehen zu mehr als 80 Prozent aus einfach unges\u00e4ttigten Fetten und stellen \u2013 in Ma\u00dfen genossen \u2013 einen idealen Snack dar.<\/p>\n\n\n\n<p>Maximal f\u00fcnf Gramm am Tag sollten jedoch nicht \u00fcberschritten werden. Daf\u00fcr gibt es viele B-Vitamine und verschiedene Mineralstoffe.<\/p>\n\n\n\t\t<div data-elementor-type=\"section\" data-elementor-id=\"426\" class=\"elementor elementor-426\" data-elementor-post-type=\"elementor_library\">\n\t\t\t\t\t<section class=\"elementor-section elementor-top-section elementor-element elementor-element-5a19f4f elementor-section-full_width elementor-section-height-default elementor-section-height-default\" data-id=\"5a19f4f\" data-element_type=\"section\" data-e-type=\"section\" data-settings=\"{&quot;jet_parallax_layout_list&quot;:[{&quot;jet_parallax_layout_image&quot;:{&quot;url&quot;:&quot;&quot;,&quot;id&quot;:&quot;&quot;,&quot;size&quot;:&quot;&quot;},&quot;_id&quot;:&quot;72f4053&quot;,&quot;jet_parallax_layout_image_tablet&quot;:{&quot;url&quot;:&quot;&quot;,&quot;id&quot;:&quot;&quot;,&quot;size&quot;:&quot;&quot;},&quot;jet_parallax_layout_image_mobile&quot;:{&quot;url&quot;:&quot;&quot;,&quot;id&quot;:&quot;&quot;,&quot;size&quot;:&quot;&quot;},&quot;jet_parallax_layout_speed&quot;:{&quot;unit&quot;:&quot;%&quot;,&quot;size&quot;:50,&quot;sizes&quot;:[]},&quot;jet_parallax_layout_type&quot;:&quot;scroll&quot;,&quot;jet_parallax_layout_direction&quot;:&quot;1&quot;,&quot;jet_parallax_layout_fx_direction&quot;:null,&quot;jet_parallax_layout_z_index&quot;:&quot;&quot;,&quot;jet_parallax_layout_bg_x&quot;:50,&quot;jet_parallax_layout_bg_x_tablet&quot;:&quot;&quot;,&quot;jet_parallax_layout_bg_x_mobile&quot;:&quot;&quot;,&quot;jet_parallax_layout_bg_y&quot;:50,&quot;jet_parallax_layout_bg_y_tablet&quot;:&quot;&quot;,&quot;jet_parallax_layout_bg_y_mobile&quot;:&quot;&quot;,&quot;jet_parallax_layout_bg_size&quot;:&quot;auto&quot;,&quot;jet_parallax_layout_bg_size_tablet&quot;:&quot;&quot;,&quot;jet_parallax_layout_bg_size_mobile&quot;:&quot;&quot;,&quot;jet_parallax_layout_animation_prop&quot;:&quot;transform&quot;,&quot;jet_parallax_layout_on&quot;:[&quot;desktop&quot;,&quot;tablet&quot;]}]}\">\n\t\t\t\t\t\t<div class=\"elementor-container elementor-column-gap-default\">\n\t\t\t\t\t<div class=\"elementor-column elementor-col-100 elementor-top-column elementor-element elementor-element-b1cd5c3\" data-id=\"b1cd5c3\" data-element_type=\"column\" data-e-type=\"column\" data-settings=\"{&quot;background_background&quot;:&quot;classic&quot;,&quot;_ob_teleporter_use&quot;:false}\">\n\t\t\t<div class=\"elementor-widget-wrap elementor-element-populated\">\n\t\t\t\t\t\t<div class=\"elementor-element elementor-element-cc19aec elementor-widget elementor-widget-jet-listing-grid\" data-id=\"cc19aec\" data-element_type=\"widget\" data-e-type=\"widget\" data-settings=\"{&quot;columns&quot;:&quot;2&quot;,&quot;columns_tablet&quot;:&quot;2&quot;,&quot;columns_mobile&quot;:&quot;1&quot;}\" data-widget_type=\"jet-listing-grid.default\">\n\t\t\t\t<div class=\"elementor-widget-container\">\n\t\t\t\t\t<div class=\"jet-listing-grid jet-listing\"><div class=\"jet-listing-grid__items grid-col-desk-2 grid-col-tablet-2 grid-col-mobile-1 jet-listing-grid--344\" data-queried-id=\"3154|WP_Post\" data-nav=\"{&quot;enabled&quot;:false,&quot;type&quot;:null,&quot;more_el&quot;:null,&quot;query&quot;:[],&quot;widget_settings&quot;:{&quot;lisitng_id&quot;:344,&quot;posts_num&quot;:2,&quot;columns&quot;:2,&quot;columns_tablet&quot;:2,&quot;columns_mobile&quot;:1,&quot;column_min_width&quot;:240,&quot;column_min_width_tablet&quot;:240,&quot;column_min_width_mobile&quot;:240,&quot;inline_columns_css&quot;:false,&quot;is_archive_template&quot;:&quot;&quot;,&quot;post_status&quot;:[&quot;publish&quot;],&quot;use_random_posts_num&quot;:&quot;&quot;,&quot;max_posts_num&quot;:9,&quot;not_found_message&quot;:&quot;No data was found&quot;,&quot;is_masonry&quot;:false,&quot;equal_columns_height&quot;:&quot;&quot;,&quot;use_load_more&quot;:&quot;&quot;,&quot;load_more_id&quot;:&quot;&quot;,&quot;load_more_type&quot;:&quot;click&quot;,&quot;load_more_offset&quot;:{&quot;unit&quot;:&quot;px&quot;,&quot;size&quot;:0,&quot;sizes&quot;:[]},&quot;use_custom_post_types&quot;:&quot;&quot;,&quot;custom_post_types&quot;:[],&quot;hide_widget_if&quot;:&quot;&quot;,&quot;carousel_enabled&quot;:&quot;&quot;,&quot;slides_to_scroll&quot;:&quot;1&quot;,&quot;arrows&quot;:&quot;true&quot;,&quot;arrow_icon&quot;:&quot;fa fa-angle-left&quot;,&quot;dots&quot;:&quot;&quot;,&quot;autoplay&quot;:&quot;true&quot;,&quot;pause_on_hover&quot;:&quot;true&quot;,&quot;autoplay_speed&quot;:5000,&quot;infinite&quot;:&quot;true&quot;,&quot;center_mode&quot;:&quot;&quot;,&quot;effect&quot;:&quot;slide&quot;,&quot;speed&quot;:500,&quot;inject_alternative_items&quot;:&quot;&quot;,&quot;injection_items&quot;:[],&quot;scroll_slider_enabled&quot;:&quot;&quot;,&quot;scroll_slider_on&quot;:[&quot;desktop&quot;,&quot;tablet&quot;,&quot;mobile&quot;],&quot;custom_query&quot;:false,&quot;custom_query_id&quot;:&quot;&quot;,&quot;_element_id&quot;:&quot;&quot;,&quot;collapse_first_last_gap&quot;:false,&quot;list_tag_selection&quot;:&quot;&quot;,&quot;list_items_wrapper_tag&quot;:&quot;div&quot;,&quot;list_item_tag&quot;:&quot;div&quot;,&quot;empty_items_wrapper_tag&quot;:&quot;div&quot;}}\" data-page=\"1\" data-pages=\"20\" data-listing-source=\"posts\" data-listing-id=\"344\" data-query-id=\"\"><div class=\"jet-listing-grid__item jet-listing-dynamic-post-341\" data-post-id=\"341\"  ><div class=\"jet-engine-listing-overlay-wrap\" data-url=\"https:\/\/www.lidl.de\/h\/toepfe-pfannen\/h10006218?utm_source=lk_magazin&amp;utm_medium=produkt&amp;utm_campaign=magazin\">\t\t<div data-elementor-type=\"jet-listing-items\" data-elementor-id=\"344\" class=\"elementor elementor-344\" data-elementor-post-type=\"jet-engine\">\n\t\t\t\t\t\t<section class=\"elementor-section elementor-top-section elementor-element elementor-element-415e7b0 elementor-section-boxed elementor-section-height-default elementor-section-height-default\" data-id=\"415e7b0\" data-element_type=\"section\" data-e-type=\"section\" data-settings=\"{&quot;jet_parallax_layout_list&quot;:[{&quot;jet_parallax_layout_image&quot;:{&quot;url&quot;:&quot;&quot;,&quot;id&quot;:&quot;&quot;,&quot;size&quot;:&quot;&quot;},&quot;_id&quot;:&quot;46433ef&quot;,&quot;jet_parallax_layout_image_tablet&quot;:{&quot;url&quot;:&quot;&quot;,&quot;id&quot;:&quot;&quot;,&quot;size&quot;:&quot;&quot;},&quot;jet_parallax_layout_image_mobile&quot;:{&quot;url&quot;:&quot;&quot;,&quot;id&quot;:&quot;&quot;,&quot;size&quot;:&quot;&quot;},&quot;jet_parallax_layout_speed&quot;:{&quot;unit&quot;:&quot;%&quot;,&quot;size&quot;:50,&quot;sizes&quot;:[]},&quot;jet_parallax_layout_type&quot;:&quot;scroll&quot;,&quot;jet_parallax_layout_direction&quot;:&quot;1&quot;,&quot;jet_parallax_layout_fx_direction&quot;:null,&quot;jet_parallax_layout_z_index&quot;:&quot;&quot;,&quot;jet_parallax_layout_bg_x&quot;:50,&quot;jet_parallax_layout_bg_x_tablet&quot;:&quot;&quot;,&quot;jet_parallax_layout_bg_x_mobile&quot;:&quot;&quot;,&quot;jet_parallax_layout_bg_y&quot;:50,&quot;jet_parallax_layout_bg_y_tablet&quot;:&quot;&quot;,&quot;jet_parallax_layout_bg_y_mobile&quot;:&quot;&quot;,&quot;jet_parallax_layout_bg_size&quot;:&quot;auto&quot;,&quot;jet_parallax_layout_bg_size_tablet&quot;:&quot;&quot;,&quot;jet_parallax_layout_bg_size_mobile&quot;:&quot;&quot;,&quot;jet_parallax_layout_animation_prop&quot;:&quot;transform&quot;,&quot;jet_parallax_layout_on&quot;:[&quot;desktop&quot;,&quot;tablet&quot;]}]}\">\n\t\t\t\t\t\t<div class=\"elementor-container elementor-column-gap-default\">\n\t\t\t\t\t<div class=\"elementor-column elementor-col-100 elementor-top-column elementor-element elementor-element-fb36579\" data-id=\"fb36579\" data-element_type=\"column\" data-e-type=\"column\">\n\t\t\t<div class=\"elementor-widget-wrap elementor-element-populated\">\n\t\t\t\t\t\t<section class=\"elementor-section elementor-inner-section elementor-element elementor-element-3470411 elementor-section-boxed elementor-section-height-default elementor-section-height-default\" data-id=\"3470411\" data-element_type=\"section\" data-e-type=\"section\" data-settings=\"{&quot;jet_parallax_layout_list&quot;:[{&quot;jet_parallax_layout_image&quot;:{&quot;url&quot;:&quot;&quot;,&quot;id&quot;:&quot;&quot;,&quot;size&quot;:&quot;&quot;},&quot;_id&quot;:&quot;bd0bd24&quot;,&quot;jet_parallax_layout_image_tablet&quot;:{&quot;url&quot;:&quot;&quot;,&quot;id&quot;:&quot;&quot;,&quot;size&quot;:&quot;&quot;},&quot;jet_parallax_layout_image_mobile&quot;:{&quot;url&quot;:&quot;&quot;,&quot;id&quot;:&quot;&quot;,&quot;size&quot;:&quot;&quot;},&quot;jet_parallax_layout_speed&quot;:{&quot;unit&quot;:&quot;%&quot;,&quot;size&quot;:50,&quot;sizes&quot;:[]},&quot;jet_parallax_layout_type&quot;:&quot;scroll&quot;,&quot;jet_parallax_layout_direction&quot;:&quot;1&quot;,&quot;jet_parallax_layout_fx_direction&quot;:null,&quot;jet_parallax_layout_z_index&quot;:&quot;&quot;,&quot;jet_parallax_layout_bg_x&quot;:50,&quot;jet_parallax_layout_bg_x_tablet&quot;:&quot;&quot;,&quot;jet_parallax_layout_bg_x_mobile&quot;:&quot;&quot;,&quot;jet_parallax_layout_bg_y&quot;:50,&quot;jet_parallax_layout_bg_y_tablet&quot;:&quot;&quot;,&quot;jet_parallax_layout_bg_y_mobile&quot;:&quot;&quot;,&quot;jet_parallax_layout_bg_size&quot;:&quot;auto&quot;,&quot;jet_parallax_layout_bg_size_tablet&quot;:&quot;&quot;,&quot;jet_parallax_layout_bg_size_mobile&quot;:&quot;&quot;,&quot;jet_parallax_layout_animation_prop&quot;:&quot;transform&quot;,&quot;jet_parallax_layout_on&quot;:[&quot;desktop&quot;,&quot;tablet&quot;]}],&quot;background_background&quot;:&quot;classic&quot;}\">\n\t\t\t\t\t\t<div class=\"elementor-container elementor-column-gap-default\">\n\t\t\t\t\t<div class=\"elementor-column elementor-col-100 elementor-inner-column elementor-element elementor-element-7bf52b0\" data-id=\"7bf52b0\" data-element_type=\"column\" data-e-type=\"column\" data-settings=\"{&quot;_ob_teleporter_use&quot;:false}\">\n\t\t\t<div class=\"elementor-widget-wrap elementor-element-populated\">\n\t\t\t\t\t\t<div class=\"elementor-element elementor-element-bd9459e elementor-widget elementor-widget-heading\" data-id=\"bd9459e\" data-element_type=\"widget\" data-e-type=\"widget\" data-widget_type=\"heading.default\">\n\t\t\t\t<div class=\"elementor-widget-container\">\n\t\t\t\t\t<div class=\"elementor-heading-title elementor-size-default\">T\u00f6pfe &amp; Pfannen auf lidl.de <\/div>\t\t\t\t<\/div>\n\t\t\t\t<\/div>\n\t\t\t\t<div class=\"elementor-element elementor-element-7e00b57 elementor-widget elementor-widget-image\" data-id=\"7e00b57\" data-element_type=\"widget\" data-e-type=\"widget\" data-widget_type=\"image.default\">\n\t\t\t\t<div class=\"elementor-widget-container\">\n\t\t\t\t\t\t\t\t\t\t\t\t\t\t\t<img fetchpriority=\"high\" decoding=\"async\" width=\"800\" height=\"600\" src=\"https:\/\/www.lidl-kochen.de\/kochideen\/wp-content\/uploads\/2020\/12\/gsw-gastro-traditionell-servierpfannen-set-2-teilig-beidseitig-rautengeschmiedet-eisen-zoom-1024x768.jpg\" class=\"attachment-large size-large wp-image-156\" alt=\"\" srcset=\"https:\/\/www.lidl-kochen.de\/kochideen\/wp-content\/uploads\/2020\/12\/gsw-gastro-traditionell-servierpfannen-set-2-teilig-beidseitig-rautengeschmiedet-eisen-zoom-1024x768.jpg 1024w, https:\/\/www.lidl-kochen.de\/kochideen\/wp-content\/uploads\/2020\/12\/gsw-gastro-traditionell-servierpfannen-set-2-teilig-beidseitig-rautengeschmiedet-eisen-zoom-300x225.jpg 300w, https:\/\/www.lidl-kochen.de\/kochideen\/wp-content\/uploads\/2020\/12\/gsw-gastro-traditionell-servierpfannen-set-2-teilig-beidseitig-rautengeschmiedet-eisen-zoom-768x576.jpg 768w, https:\/\/www.lidl-kochen.de\/kochideen\/wp-content\/uploads\/2020\/12\/gsw-gastro-traditionell-servierpfannen-set-2-teilig-beidseitig-rautengeschmiedet-eisen-zoom.jpg 1500w\" sizes=\"(max-width: 800px) 100vw, 800px\" \/>\t\t\t\t\t\t\t\t\t\t\t\t\t\t\t<\/div>\n\t\t\t\t<\/div>\n\t\t\t\t\t<\/div>\n\t\t<\/div>\n\t\t\t\t\t<\/div>\n\t\t<\/section>\n\t\t\t\t<div class=\"elementor-element elementor-element-537d953 elementor-widget elementor-widget-heading\" data-id=\"537d953\" data-element_type=\"widget\" data-e-type=\"widget\" data-widget_type=\"heading.default\">\n\t\t\t\t<div class=\"elementor-widget-container\">\n\t\t\t\t\t<div class=\"elementor-heading-title elementor-size-default\"><a href=\"https:\/\/www.lidl.de\/h\/toepfe-pfannen\/h10006218?utm_source=lk_magazin&#038;utm_medium=produkt&#038;utm_campaign=magazin\">Im Shop Ansehen<\/a><\/div>\t\t\t\t<\/div>\n\t\t\t\t<\/div>\n\t\t\t\t\t<\/div>\n\t\t<\/div>\n\t\t\t\t\t<\/div>\n\t\t<\/section>\n\t\t\t\t<\/div>\n\t\t<a href=\"https:\/\/www.lidl.de\/h\/toepfe-pfannen\/h10006218?utm_source=lk_magazin&amp;utm_medium=produkt&amp;utm_campaign=magazin\" class=\"jet-engine-listing-overlay-link\"><\/a><\/div><\/div><div class=\"jet-listing-grid__item jet-listing-dynamic-post-1365\" data-post-id=\"1365\"  ><div class=\"jet-engine-listing-overlay-wrap\" data-url=\"https:\/\/www.lidl.de\/de\/tepro-holzkohlegrill-grenada-aus-keramik-81-5-cm-arbeitshoehe-mit-pizzastein\/p303999?utm_source=lk_magazin&amp;utm_medium=produkt&amp;utm_campaign=magazin\">\t\t<div data-elementor-type=\"jet-listing-items\" data-elementor-id=\"344\" class=\"elementor elementor-344\" data-elementor-post-type=\"jet-engine\">\n\t\t\t\t\t\t<section class=\"elementor-section elementor-top-section elementor-element elementor-element-415e7b0 elementor-section-boxed elementor-section-height-default elementor-section-height-default\" data-id=\"415e7b0\" data-element_type=\"section\" data-e-type=\"section\" data-settings=\"{&quot;jet_parallax_layout_list&quot;:[{&quot;jet_parallax_layout_image&quot;:{&quot;url&quot;:&quot;&quot;,&quot;id&quot;:&quot;&quot;,&quot;size&quot;:&quot;&quot;},&quot;_id&quot;:&quot;46433ef&quot;,&quot;jet_parallax_layout_image_tablet&quot;:{&quot;url&quot;:&quot;&quot;,&quot;id&quot;:&quot;&quot;,&quot;size&quot;:&quot;&quot;},&quot;jet_parallax_layout_image_mobile&quot;:{&quot;url&quot;:&quot;&quot;,&quot;id&quot;:&quot;&quot;,&quot;size&quot;:&quot;&quot;},&quot;jet_parallax_layout_speed&quot;:{&quot;unit&quot;:&quot;%&quot;,&quot;size&quot;:50,&quot;sizes&quot;:[]},&quot;jet_parallax_layout_type&quot;:&quot;scroll&quot;,&quot;jet_parallax_layout_direction&quot;:&quot;1&quot;,&quot;jet_parallax_layout_fx_direction&quot;:null,&quot;jet_parallax_layout_z_index&quot;:&quot;&quot;,&quot;jet_parallax_layout_bg_x&quot;:50,&quot;jet_parallax_layout_bg_x_tablet&quot;:&quot;&quot;,&quot;jet_parallax_layout_bg_x_mobile&quot;:&quot;&quot;,&quot;jet_parallax_layout_bg_y&quot;:50,&quot;jet_parallax_layout_bg_y_tablet&quot;:&quot;&quot;,&quot;jet_parallax_layout_bg_y_mobile&quot;:&quot;&quot;,&quot;jet_parallax_layout_bg_size&quot;:&quot;auto&quot;,&quot;jet_parallax_layout_bg_size_tablet&quot;:&quot;&quot;,&quot;jet_parallax_layout_bg_size_mobile&quot;:&quot;&quot;,&quot;jet_parallax_layout_animation_prop&quot;:&quot;transform&quot;,&quot;jet_parallax_layout_on&quot;:[&quot;desktop&quot;,&quot;tablet&quot;]}]}\">\n\t\t\t\t\t\t<div class=\"elementor-container elementor-column-gap-default\">\n\t\t\t\t\t<div class=\"elementor-column elementor-col-100 elementor-top-column elementor-element elementor-element-fb36579\" data-id=\"fb36579\" data-element_type=\"column\" data-e-type=\"column\">\n\t\t\t<div class=\"elementor-widget-wrap elementor-element-populated\">\n\t\t\t\t\t\t<section class=\"elementor-section elementor-inner-section elementor-element elementor-element-3470411 elementor-section-boxed elementor-section-height-default elementor-section-height-default\" data-id=\"3470411\" data-element_type=\"section\" data-e-type=\"section\" data-settings=\"{&quot;jet_parallax_layout_list&quot;:[{&quot;jet_parallax_layout_image&quot;:{&quot;url&quot;:&quot;&quot;,&quot;id&quot;:&quot;&quot;,&quot;size&quot;:&quot;&quot;},&quot;_id&quot;:&quot;bd0bd24&quot;,&quot;jet_parallax_layout_image_tablet&quot;:{&quot;url&quot;:&quot;&quot;,&quot;id&quot;:&quot;&quot;,&quot;size&quot;:&quot;&quot;},&quot;jet_parallax_layout_image_mobile&quot;:{&quot;url&quot;:&quot;&quot;,&quot;id&quot;:&quot;&quot;,&quot;size&quot;:&quot;&quot;},&quot;jet_parallax_layout_speed&quot;:{&quot;unit&quot;:&quot;%&quot;,&quot;size&quot;:50,&quot;sizes&quot;:[]},&quot;jet_parallax_layout_type&quot;:&quot;scroll&quot;,&quot;jet_parallax_layout_direction&quot;:&quot;1&quot;,&quot;jet_parallax_layout_fx_direction&quot;:null,&quot;jet_parallax_layout_z_index&quot;:&quot;&quot;,&quot;jet_parallax_layout_bg_x&quot;:50,&quot;jet_parallax_layout_bg_x_tablet&quot;:&quot;&quot;,&quot;jet_parallax_layout_bg_x_mobile&quot;:&quot;&quot;,&quot;jet_parallax_layout_bg_y&quot;:50,&quot;jet_parallax_layout_bg_y_tablet&quot;:&quot;&quot;,&quot;jet_parallax_layout_bg_y_mobile&quot;:&quot;&quot;,&quot;jet_parallax_layout_bg_size&quot;:&quot;auto&quot;,&quot;jet_parallax_layout_bg_size_tablet&quot;:&quot;&quot;,&quot;jet_parallax_layout_bg_size_mobile&quot;:&quot;&quot;,&quot;jet_parallax_layout_animation_prop&quot;:&quot;transform&quot;,&quot;jet_parallax_layout_on&quot;:[&quot;desktop&quot;,&quot;tablet&quot;]}],&quot;background_background&quot;:&quot;classic&quot;}\">\n\t\t\t\t\t\t<div class=\"elementor-container elementor-column-gap-default\">\n\t\t\t\t\t<div class=\"elementor-column elementor-col-100 elementor-inner-column elementor-element elementor-element-7bf52b0\" data-id=\"7bf52b0\" data-element_type=\"column\" data-e-type=\"column\" data-settings=\"{&quot;_ob_teleporter_use&quot;:false}\">\n\t\t\t<div class=\"elementor-widget-wrap elementor-element-populated\">\n\t\t\t\t\t\t<div class=\"elementor-element elementor-element-bd9459e elementor-widget elementor-widget-heading\" data-id=\"bd9459e\" data-element_type=\"widget\" data-e-type=\"widget\" data-widget_type=\"heading.default\">\n\t\t\t\t<div class=\"elementor-widget-container\">\n\t\t\t\t\t<div class=\"elementor-heading-title elementor-size-default\">tepro Holzkohlegrill \u00bbGrenada\u00ab<\/div>\t\t\t\t<\/div>\n\t\t\t\t<\/div>\n\t\t\t\t<div class=\"elementor-element elementor-element-7e00b57 elementor-widget elementor-widget-image\" data-id=\"7e00b57\" data-element_type=\"widget\" data-e-type=\"widget\" data-widget_type=\"image.default\">\n\t\t\t\t<div class=\"elementor-widget-container\">\n\t\t\t\t\t\t\t\t\t\t\t\t\t\t\t<img decoding=\"async\" width=\"772\" height=\"579\" src=\"https:\/\/www.lidl-kochen.de\/kochideen\/wp-content\/uploads\/2021\/02\/tepro-holzkohlegrill-grenada.jpg\" class=\"attachment-large size-large wp-image-1366\" alt=\"tepro Holzkohlegrill \u00bbGrenada\u00ab\" srcset=\"https:\/\/www.lidl-kochen.de\/kochideen\/wp-content\/uploads\/2021\/02\/tepro-holzkohlegrill-grenada.jpg 772w, https:\/\/www.lidl-kochen.de\/kochideen\/wp-content\/uploads\/2021\/02\/tepro-holzkohlegrill-grenada-300x225.jpg 300w, https:\/\/www.lidl-kochen.de\/kochideen\/wp-content\/uploads\/2021\/02\/tepro-holzkohlegrill-grenada-768x576.jpg 768w\" sizes=\"(max-width: 772px) 100vw, 772px\" \/>\t\t\t\t\t\t\t\t\t\t\t\t\t\t\t<\/div>\n\t\t\t\t<\/div>\n\t\t\t\t\t<\/div>\n\t\t<\/div>\n\t\t\t\t\t<\/div>\n\t\t<\/section>\n\t\t\t\t<div class=\"elementor-element elementor-element-537d953 elementor-widget elementor-widget-heading\" data-id=\"537d953\" data-element_type=\"widget\" data-e-type=\"widget\" data-widget_type=\"heading.default\">\n\t\t\t\t<div class=\"elementor-widget-container\">\n\t\t\t\t\t<div class=\"elementor-heading-title elementor-size-default\"><a href=\"https:\/\/www.lidl.de\/de\/tepro-holzkohlegrill-grenada-aus-keramik-81-5-cm-arbeitshoehe-mit-pizzastein\/p303999?utm_source=lk_magazin&#038;utm_medium=produkt&#038;utm_campaign=magazin\">Im Shop Ansehen<\/a><\/div>\t\t\t\t<\/div>\n\t\t\t\t<\/div>\n\t\t\t\t\t<\/div>\n\t\t<\/div>\n\t\t\t\t\t<\/div>\n\t\t<\/section>\n\t\t\t\t<\/div>\n\t\t<a href=\"https:\/\/www.lidl.de\/de\/tepro-holzkohlegrill-grenada-aus-keramik-81-5-cm-arbeitshoehe-mit-pizzastein\/p303999?utm_source=lk_magazin&amp;utm_medium=produkt&amp;utm_campaign=magazin\" class=\"jet-engine-listing-overlay-link\"><\/a><\/div><\/div><\/div><\/div>\t\t\t\t<\/div>\n\t\t\t\t<\/div>\n\t\t\t\t\t<\/div>\n\t\t<\/div>\n\t\t\t\t\t<\/div>\n\t\t<\/section>\n\t\t\t\t<\/div>\n\t\t\n\n\n\n<h2 class=\"wp-block-heading\">Wal-, Hasel- und Erdn\u00fcsse<\/h2>\n\n\n\n<p>Von Wal-, Hasel- und Erdn\u00fcssen sind sieben Gramm pro Tag erlaubt. Die genannten Nusssorten warten mit vergleichsweise wenigen Kohlenhydraten auf und sind damit ideal f\u00fcr Low Carb geeignet.<\/p>\n\n\n\n<p>Wal- und Haseln\u00fcsse liefern zudem Fols\u00e4ure, Kupfer, Magnesium, Phosphor, Zink, Mangan und Vitamin B1. Am Abend auf der Couch sind sie eine willkommene Alternative zu Chips und anderem Knabbergeb\u00e4ck.<\/p>\n\n\n\n<p>Mit Hinblick auf Erdn\u00fcsse gilt es, diese in der Schale zu kaufen und selbst zu sch\u00e4len, da ger\u00f6stete oder bearbeitete Erdn\u00fcsse oft reich an Kohlenhydraten sind. Die puren H\u00fclsenfr\u00fcchte zeichnen sich durch einen hohen Proteinanteil aus und bieten dem K\u00f6rper viele wichtige N\u00e4hrstoffe.<\/p>\n\n\n\n<p>Ein weiterer Vorteil: Erdn\u00fcsse k\u00f6nnen den Cholesterinspiegel positiv beeinflussen und die Blutfettwerte regulieren.<\/p>\n\n\n\n<h2 class=\"wp-block-heading\">N\u00fcsse w\u00e4hrend einer Di\u00e4t? Weitaus besser als ihr Ruf!<\/h2>\n\n\n\n<p>Viele Menschen sind der Meinung, dass sich N\u00fcsse und Di\u00e4ten nicht miteinander kombinieren lassen. Immer wieder ist in diesem Zusammenhang von einem \u201ehohen Fettanteil\u201c die Rede, der sich negativ auf das Ziel der Gewichtsreduktion auswirken k\u00f6nnte.<\/p>\n\n\n\n<p>Hierbei handelt es sich jedoch lediglich um die halbe Wahrheit. Denn: ja, in N\u00fcssen ist Fett enthalten. Es handelt sich hierbei jedoch haupts\u00e4chlich um die sogenannten unges\u00e4ttigten Fette, die dem K\u00f6rper viel Energie liefern. Wie auch im Zusammenhang mit anderen Lebensmitteln gilt auch f\u00fcr N\u00fcsse, dass diese nat\u00fcrlich in Ma\u00dfen genossen werden sollten. Wer dies beherzigt, profitiert von einer gro\u00dfen Auswahl an leckeren \u201eSnack Extras\u201c, die nicht nur pur, sondern auch im Mix mit Salaten, Saucen und Co. schmecken und in Szene gesetzt werden k\u00f6nnen.<\/p>\n\n\n\n<p><em>Alle Informationen wurden nach bestem Wissen und Gewissen zusammengestellt, jedoch ohne Anspruch auf Vollst\u00e4ndigkeit und inhaltliche Richtigkeit.<\/em><\/p>\n","protected":false},"excerpt":{"rendered":"<p>Low Carb ist mittlerweile zu einer beliebten Art der Ern\u00e4hrung geworden. Hierbei besteht das Ziel darin, wie der Name schon sagt, nur wenige Kohlenhydrate am Tag zu sich zu nehmen. Unter anderem wird beispielsweise auf Kartoffeln, Nudeln oder kohlenhydratreiches Brot verzichtet. Der Markt bietet viele Alternativen, die dabei helfen k\u00f6nnen, Genuss und Low Carb miteinander zu verbinden.<\/p>\n","protected":false},"author":9,"featured_media":3222,"comment_status":"closed","ping_status":"open","sticky":false,"template":"","format":"standard","meta":{"_acf_changed":false,"footnotes":""},"categories":[353],"tags":[],"schlagworte":[43],"class_list":["post-3154","post","type-post","status-publish","format-standard","has-post-thumbnail","hentry","category-fitnessernaehrung","schlagworte-produkt"],"acf":[],"yoast_head":"<!-- This site is optimized with the Yoast SEO plugin v27.4 - https:\/\/yoast.com\/product\/yoast-seo-wordpress\/ -->\n<title>Welche N\u00fcsse sind bei einer Low Carb Di\u00e4t erlaubt? | Lidl Kochen Magazin<\/title>\n<meta name=\"description\" content=\"N\u00fcsse enthalten viele N\u00e4hrstoffe, auf die du w\u00e4hrend deiner Low Carb Di\u00e4t nicht verzichten musst. Lies hier mehr dar\u00fcber.\" \/>\n<meta name=\"robots\" content=\"index, follow, max-snippet:-1, max-image-preview:large, max-video-preview:-1\" \/>\n<link rel=\"canonical\" href=\"https:\/\/www.lidl-kochen.de\/kochideen\/welche-nuesse-sind-bei-einer-low-carb-diaet-erlaubt\/\" \/>\n<meta property=\"og:locale\" content=\"de_DE\" \/>\n<meta property=\"og:type\" content=\"article\" \/>\n<meta property=\"og:title\" content=\"Welche N\u00fcsse sind bei einer Low Carb Di\u00e4t erlaubt? | Lidl Kochen Magazin\" \/>\n<meta property=\"og:description\" content=\"N\u00fcsse enthalten viele N\u00e4hrstoffe, auf die du w\u00e4hrend deiner Low Carb Di\u00e4t nicht verzichten musst. Lies hier mehr dar\u00fcber.\" \/>\n<meta property=\"og:url\" content=\"https:\/\/www.lidl-kochen.de\/kochideen\/welche-nuesse-sind-bei-einer-low-carb-diaet-erlaubt\/\" \/>\n<meta property=\"og:site_name\" content=\"Lidl Kochen Magazin\" \/>\n<meta property=\"article:published_time\" content=\"2021-07-15T05:59:15+00:00\" \/>\n<meta property=\"article:modified_time\" content=\"2023-06-20T08:29:44+00:00\" \/>\n<meta property=\"og:image\" content=\"https:\/\/www.lidl-kochen.de\/kochideen\/wp-content\/uploads\/2021\/07\/welche_nu\u0308sse_sind_bei_einer_low_carb_dia\u0308t_erlaubt.jpg\" \/>\n\t<meta property=\"og:image:width\" content=\"1024\" \/>\n\t<meta property=\"og:image:height\" content=\"683\" \/>\n\t<meta property=\"og:image:type\" content=\"image\/jpeg\" \/>\n<meta name=\"author\" content=\"Alannah Lindenberger\" \/>\n<meta name=\"twitter:card\" content=\"summary_large_image\" \/>\n<meta name=\"twitter:label1\" content=\"Verfasst von\" \/>\n\t<meta name=\"twitter:data1\" content=\"Alannah Lindenberger\" \/>\n\t<meta name=\"twitter:label2\" content=\"Gesch\u00e4tzte Lesezeit\" \/>\n\t<meta name=\"twitter:data2\" content=\"3\u00a0Minuten\" \/>\n<script type=\"application\/ld+json\" class=\"yoast-schema-graph\">{\"@context\":\"https:\\\/\\\/schema.org\",\"@graph\":[{\"@type\":\"Article\",\"@id\":\"https:\\\/\\\/www.lidl-kochen.de\\\/kochideen\\\/welche-nuesse-sind-bei-einer-low-carb-diaet-erlaubt\\\/#article\",\"isPartOf\":{\"@id\":\"https:\\\/\\\/www.lidl-kochen.de\\\/kochideen\\\/welche-nuesse-sind-bei-einer-low-carb-diaet-erlaubt\\\/\"},\"author\":{\"name\":\"Alannah Lindenberger\",\"@id\":\"https:\\\/\\\/www.lidl-kochen.de\\\/kochideen\\\/#\\\/schema\\\/person\\\/faa25f253d04ef10b5e9249c58c6809d\"},\"headline\":\"Welche N\u00fcsse sind bei einer Low Carb Di\u00e4t erlaubt?\",\"datePublished\":\"2021-07-15T05:59:15+00:00\",\"dateModified\":\"2023-06-20T08:29:44+00:00\",\"mainEntityOfPage\":{\"@id\":\"https:\\\/\\\/www.lidl-kochen.de\\\/kochideen\\\/welche-nuesse-sind-bei-einer-low-carb-diaet-erlaubt\\\/\"},\"wordCount\":753,\"image\":{\"@id\":\"https:\\\/\\\/www.lidl-kochen.de\\\/kochideen\\\/welche-nuesse-sind-bei-einer-low-carb-diaet-erlaubt\\\/#primaryimage\"},\"thumbnailUrl\":\"https:\\\/\\\/www.lidl-kochen.de\\\/kochideen\\\/wp-content\\\/uploads\\\/2021\\\/07\\\/welche_nu\u0308sse_sind_bei_einer_low_carb_dia\u0308t_erlaubt.jpg\",\"articleSection\":[\"Fitness\"],\"inLanguage\":\"de\"},{\"@type\":\"WebPage\",\"@id\":\"https:\\\/\\\/www.lidl-kochen.de\\\/kochideen\\\/welche-nuesse-sind-bei-einer-low-carb-diaet-erlaubt\\\/\",\"url\":\"https:\\\/\\\/www.lidl-kochen.de\\\/kochideen\\\/welche-nuesse-sind-bei-einer-low-carb-diaet-erlaubt\\\/\",\"name\":\"Welche N\u00fcsse sind bei einer Low Carb Di\u00e4t erlaubt? | Lidl Kochen Magazin\",\"isPartOf\":{\"@id\":\"https:\\\/\\\/www.lidl-kochen.de\\\/kochideen\\\/#website\"},\"primaryImageOfPage\":{\"@id\":\"https:\\\/\\\/www.lidl-kochen.de\\\/kochideen\\\/welche-nuesse-sind-bei-einer-low-carb-diaet-erlaubt\\\/#primaryimage\"},\"image\":{\"@id\":\"https:\\\/\\\/www.lidl-kochen.de\\\/kochideen\\\/welche-nuesse-sind-bei-einer-low-carb-diaet-erlaubt\\\/#primaryimage\"},\"thumbnailUrl\":\"https:\\\/\\\/www.lidl-kochen.de\\\/kochideen\\\/wp-content\\\/uploads\\\/2021\\\/07\\\/welche_nu\u0308sse_sind_bei_einer_low_carb_dia\u0308t_erlaubt.jpg\",\"datePublished\":\"2021-07-15T05:59:15+00:00\",\"dateModified\":\"2023-06-20T08:29:44+00:00\",\"author\":{\"@id\":\"https:\\\/\\\/www.lidl-kochen.de\\\/kochideen\\\/#\\\/schema\\\/person\\\/faa25f253d04ef10b5e9249c58c6809d\"},\"description\":\"N\u00fcsse enthalten viele N\u00e4hrstoffe, auf die du w\u00e4hrend deiner Low Carb Di\u00e4t nicht verzichten musst. Lies hier mehr dar\u00fcber.\",\"breadcrumb\":{\"@id\":\"https:\\\/\\\/www.lidl-kochen.de\\\/kochideen\\\/welche-nuesse-sind-bei-einer-low-carb-diaet-erlaubt\\\/#breadcrumb\"},\"inLanguage\":\"de\",\"potentialAction\":[{\"@type\":\"ReadAction\",\"target\":[\"https:\\\/\\\/www.lidl-kochen.de\\\/kochideen\\\/welche-nuesse-sind-bei-einer-low-carb-diaet-erlaubt\\\/\"]}]},{\"@type\":\"ImageObject\",\"inLanguage\":\"de\",\"@id\":\"https:\\\/\\\/www.lidl-kochen.de\\\/kochideen\\\/welche-nuesse-sind-bei-einer-low-carb-diaet-erlaubt\\\/#primaryimage\",\"url\":\"https:\\\/\\\/www.lidl-kochen.de\\\/kochideen\\\/wp-content\\\/uploads\\\/2021\\\/07\\\/welche_nu\u0308sse_sind_bei_einer_low_carb_dia\u0308t_erlaubt.jpg\",\"contentUrl\":\"https:\\\/\\\/www.lidl-kochen.de\\\/kochideen\\\/wp-content\\\/uploads\\\/2021\\\/07\\\/welche_nu\u0308sse_sind_bei_einer_low_carb_dia\u0308t_erlaubt.jpg\",\"width\":1024,\"height\":683,\"caption\":\"welche-nuesse-sind-bei-einer-low-carb-diaet-erlaubt\"},{\"@type\":\"BreadcrumbList\",\"@id\":\"https:\\\/\\\/www.lidl-kochen.de\\\/kochideen\\\/welche-nuesse-sind-bei-einer-low-carb-diaet-erlaubt\\\/#breadcrumb\",\"itemListElement\":[{\"@type\":\"ListItem\",\"position\":1,\"name\":\"Startseite\",\"item\":\"https:\\\/\\\/www.lidl-kochen.de\\\/kochideen\\\/\"},{\"@type\":\"ListItem\",\"position\":2,\"name\":\"Welche N\u00fcsse sind bei einer Low Carb Di\u00e4t erlaubt?\"}]},{\"@type\":\"WebSite\",\"@id\":\"https:\\\/\\\/www.lidl-kochen.de\\\/kochideen\\\/#website\",\"url\":\"https:\\\/\\\/www.lidl-kochen.de\\\/kochideen\\\/\",\"name\":\"Lidl Kochen Magazin\",\"description\":\"Das Magazin rund ums Kochen\",\"potentialAction\":[{\"@type\":\"SearchAction\",\"target\":{\"@type\":\"EntryPoint\",\"urlTemplate\":\"https:\\\/\\\/www.lidl-kochen.de\\\/kochideen\\\/?s={search_term_string}\"},\"query-input\":{\"@type\":\"PropertyValueSpecification\",\"valueRequired\":true,\"valueName\":\"search_term_string\"}}],\"inLanguage\":\"de\"},{\"@type\":\"Person\",\"@id\":\"https:\\\/\\\/www.lidl-kochen.de\\\/kochideen\\\/#\\\/schema\\\/person\\\/faa25f253d04ef10b5e9249c58c6809d\",\"name\":\"Alannah Lindenberger\",\"image\":{\"@type\":\"ImageObject\",\"inLanguage\":\"de\",\"@id\":\"https:\\\/\\\/secure.gravatar.com\\\/avatar\\\/2f30400ddd0fec1b0000c3b176f463c1bed4ec2a2accdbeac38334498cffa257?s=96&d=mm&r=g\",\"url\":\"https:\\\/\\\/secure.gravatar.com\\\/avatar\\\/2f30400ddd0fec1b0000c3b176f463c1bed4ec2a2accdbeac38334498cffa257?s=96&d=mm&r=g\",\"contentUrl\":\"https:\\\/\\\/secure.gravatar.com\\\/avatar\\\/2f30400ddd0fec1b0000c3b176f463c1bed4ec2a2accdbeac38334498cffa257?s=96&d=mm&r=g\",\"caption\":\"Alannah Lindenberger\"}}]}<\/script>\n<!-- \/ Yoast SEO plugin. -->","yoast_head_json":{"title":"Welche N\u00fcsse sind bei einer Low Carb Di\u00e4t erlaubt? | Lidl Kochen Magazin","description":"N\u00fcsse enthalten viele N\u00e4hrstoffe, auf die du w\u00e4hrend deiner Low Carb Di\u00e4t nicht verzichten musst. Lies hier mehr dar\u00fcber.","robots":{"index":"index","follow":"follow","max-snippet":"max-snippet:-1","max-image-preview":"max-image-preview:large","max-video-preview":"max-video-preview:-1"},"canonical":"https:\/\/www.lidl-kochen.de\/kochideen\/welche-nuesse-sind-bei-einer-low-carb-diaet-erlaubt\/","og_locale":"de_DE","og_type":"article","og_title":"Welche N\u00fcsse sind bei einer Low Carb Di\u00e4t erlaubt? | Lidl Kochen Magazin","og_description":"N\u00fcsse enthalten viele N\u00e4hrstoffe, auf die du w\u00e4hrend deiner Low Carb Di\u00e4t nicht verzichten musst. Lies hier mehr dar\u00fcber.","og_url":"https:\/\/www.lidl-kochen.de\/kochideen\/welche-nuesse-sind-bei-einer-low-carb-diaet-erlaubt\/","og_site_name":"Lidl Kochen Magazin","article_published_time":"2021-07-15T05:59:15+00:00","article_modified_time":"2023-06-20T08:29:44+00:00","og_image":[{"width":1024,"height":683,"url":"https:\/\/www.lidl-kochen.de\/kochideen\/wp-content\/uploads\/2021\/07\/welche_nu\u0308sse_sind_bei_einer_low_carb_dia\u0308t_erlaubt.jpg","type":"image\/jpeg"}],"author":"Alannah Lindenberger","twitter_card":"summary_large_image","twitter_misc":{"Verfasst von":"Alannah Lindenberger","Gesch\u00e4tzte Lesezeit":"3\u00a0Minuten"},"schema":{"@context":"https:\/\/schema.org","@graph":[{"@type":"Article","@id":"https:\/\/www.lidl-kochen.de\/kochideen\/welche-nuesse-sind-bei-einer-low-carb-diaet-erlaubt\/#article","isPartOf":{"@id":"https:\/\/www.lidl-kochen.de\/kochideen\/welche-nuesse-sind-bei-einer-low-carb-diaet-erlaubt\/"},"author":{"name":"Alannah Lindenberger","@id":"https:\/\/www.lidl-kochen.de\/kochideen\/#\/schema\/person\/faa25f253d04ef10b5e9249c58c6809d"},"headline":"Welche N\u00fcsse sind bei einer Low Carb Di\u00e4t erlaubt?","datePublished":"2021-07-15T05:59:15+00:00","dateModified":"2023-06-20T08:29:44+00:00","mainEntityOfPage":{"@id":"https:\/\/www.lidl-kochen.de\/kochideen\/welche-nuesse-sind-bei-einer-low-carb-diaet-erlaubt\/"},"wordCount":753,"image":{"@id":"https:\/\/www.lidl-kochen.de\/kochideen\/welche-nuesse-sind-bei-einer-low-carb-diaet-erlaubt\/#primaryimage"},"thumbnailUrl":"https:\/\/www.lidl-kochen.de\/kochideen\/wp-content\/uploads\/2021\/07\/welche_nu\u0308sse_sind_bei_einer_low_carb_dia\u0308t_erlaubt.jpg","articleSection":["Fitness"],"inLanguage":"de"},{"@type":"WebPage","@id":"https:\/\/www.lidl-kochen.de\/kochideen\/welche-nuesse-sind-bei-einer-low-carb-diaet-erlaubt\/","url":"https:\/\/www.lidl-kochen.de\/kochideen\/welche-nuesse-sind-bei-einer-low-carb-diaet-erlaubt\/","name":"Welche N\u00fcsse sind bei einer Low Carb Di\u00e4t erlaubt? | Lidl Kochen Magazin","isPartOf":{"@id":"https:\/\/www.lidl-kochen.de\/kochideen\/#website"},"primaryImageOfPage":{"@id":"https:\/\/www.lidl-kochen.de\/kochideen\/welche-nuesse-sind-bei-einer-low-carb-diaet-erlaubt\/#primaryimage"},"image":{"@id":"https:\/\/www.lidl-kochen.de\/kochideen\/welche-nuesse-sind-bei-einer-low-carb-diaet-erlaubt\/#primaryimage"},"thumbnailUrl":"https:\/\/www.lidl-kochen.de\/kochideen\/wp-content\/uploads\/2021\/07\/welche_nu\u0308sse_sind_bei_einer_low_carb_dia\u0308t_erlaubt.jpg","datePublished":"2021-07-15T05:59:15+00:00","dateModified":"2023-06-20T08:29:44+00:00","author":{"@id":"https:\/\/www.lidl-kochen.de\/kochideen\/#\/schema\/person\/faa25f253d04ef10b5e9249c58c6809d"},"description":"N\u00fcsse enthalten viele N\u00e4hrstoffe, auf die du w\u00e4hrend deiner Low Carb Di\u00e4t nicht verzichten musst. Lies hier mehr dar\u00fcber.","breadcrumb":{"@id":"https:\/\/www.lidl-kochen.de\/kochideen\/welche-nuesse-sind-bei-einer-low-carb-diaet-erlaubt\/#breadcrumb"},"inLanguage":"de","potentialAction":[{"@type":"ReadAction","target":["https:\/\/www.lidl-kochen.de\/kochideen\/welche-nuesse-sind-bei-einer-low-carb-diaet-erlaubt\/"]}]},{"@type":"ImageObject","inLanguage":"de","@id":"https:\/\/www.lidl-kochen.de\/kochideen\/welche-nuesse-sind-bei-einer-low-carb-diaet-erlaubt\/#primaryimage","url":"https:\/\/www.lidl-kochen.de\/kochideen\/wp-content\/uploads\/2021\/07\/welche_nu\u0308sse_sind_bei_einer_low_carb_dia\u0308t_erlaubt.jpg","contentUrl":"https:\/\/www.lidl-kochen.de\/kochideen\/wp-content\/uploads\/2021\/07\/welche_nu\u0308sse_sind_bei_einer_low_carb_dia\u0308t_erlaubt.jpg","width":1024,"height":683,"caption":"welche-nuesse-sind-bei-einer-low-carb-diaet-erlaubt"},{"@type":"BreadcrumbList","@id":"https:\/\/www.lidl-kochen.de\/kochideen\/welche-nuesse-sind-bei-einer-low-carb-diaet-erlaubt\/#breadcrumb","itemListElement":[{"@type":"ListItem","position":1,"name":"Startseite","item":"https:\/\/www.lidl-kochen.de\/kochideen\/"},{"@type":"ListItem","position":2,"name":"Welche N\u00fcsse sind bei einer Low Carb Di\u00e4t erlaubt?"}]},{"@type":"WebSite","@id":"https:\/\/www.lidl-kochen.de\/kochideen\/#website","url":"https:\/\/www.lidl-kochen.de\/kochideen\/","name":"Lidl Kochen Magazin","description":"Das Magazin rund ums Kochen","potentialAction":[{"@type":"SearchAction","target":{"@type":"EntryPoint","urlTemplate":"https:\/\/www.lidl-kochen.de\/kochideen\/?s={search_term_string}"},"query-input":{"@type":"PropertyValueSpecification","valueRequired":true,"valueName":"search_term_string"}}],"inLanguage":"de"},{"@type":"Person","@id":"https:\/\/www.lidl-kochen.de\/kochideen\/#\/schema\/person\/faa25f253d04ef10b5e9249c58c6809d","name":"Alannah Lindenberger","image":{"@type":"ImageObject","inLanguage":"de","@id":"https:\/\/secure.gravatar.com\/avatar\/2f30400ddd0fec1b0000c3b176f463c1bed4ec2a2accdbeac38334498cffa257?s=96&d=mm&r=g","url":"https:\/\/secure.gravatar.com\/avatar\/2f30400ddd0fec1b0000c3b176f463c1bed4ec2a2accdbeac38334498cffa257?s=96&d=mm&r=g","contentUrl":"https:\/\/secure.gravatar.com\/avatar\/2f30400ddd0fec1b0000c3b176f463c1bed4ec2a2accdbeac38334498cffa257?s=96&d=mm&r=g","caption":"Alannah Lindenberger"}}]}},"_links":{"self":[{"href":"https:\/\/www.lidl-kochen.de\/kochideen\/wp-json\/wp\/v2\/posts\/3154","targetHints":{"allow":["GET"]}}],"collection":[{"href":"https:\/\/www.lidl-kochen.de\/kochideen\/wp-json\/wp\/v2\/posts"}],"about":[{"href":"https:\/\/www.lidl-kochen.de\/kochideen\/wp-json\/wp\/v2\/types\/post"}],"author":[{"embeddable":true,"href":"https:\/\/www.lidl-kochen.de\/kochideen\/wp-json\/wp\/v2\/users\/9"}],"replies":[{"embeddable":true,"href":"https:\/\/www.lidl-kochen.de\/kochideen\/wp-json\/wp\/v2\/comments?post=3154"}],"version-history":[{"count":1,"href":"https:\/\/www.lidl-kochen.de\/kochideen\/wp-json\/wp\/v2\/posts\/3154\/revisions"}],"predecessor-version":[{"id":3155,"href":"https:\/\/www.lidl-kochen.de\/kochideen\/wp-json\/wp\/v2\/posts\/3154\/revisions\/3155"}],"wp:featuredmedia":[{"embeddable":true,"href":"https:\/\/www.lidl-kochen.de\/kochideen\/wp-json\/wp\/v2\/media\/3222"}],"wp:attachment":[{"href":"https:\/\/www.lidl-kochen.de\/kochideen\/wp-json\/wp\/v2\/media?parent=3154"}],"wp:term":[{"taxonomy":"category","embeddable":true,"href":"https:\/\/www.lidl-kochen.de\/kochideen\/wp-json\/wp\/v2\/categories?post=3154"},{"taxonomy":"post_tag","embeddable":true,"href":"https:\/\/www.lidl-kochen.de\/kochideen\/wp-json\/wp\/v2\/tags?post=3154"},{"taxonomy":"schlagworte","embeddable":true,"href":"https:\/\/www.lidl-kochen.de\/kochideen\/wp-json\/wp\/v2\/schlagworte?post=3154"}],"curies":[{"name":"wp","href":"https:\/\/api.w.org\/{rel}","templated":true}]}}