{"id":2978,"date":"2021-06-10T09:54:26","date_gmt":"2021-06-10T09:54:26","guid":{"rendered":"https:\/\/www.lidl-kochen.de\/kochideen\/?p=2978"},"modified":"2023-06-20T10:30:04","modified_gmt":"2023-06-20T08:30:04","slug":"gruende-fuer-die-vegane-ernaehrung","status":"publish","type":"post","link":"https:\/\/www.lidl-kochen.de\/kochideen\/gruende-fuer-die-vegane-ernaehrung\/","title":{"rendered":"Welche Gr\u00fcnde sprechen f\u00fcr eine vegane Ern\u00e4hrung?"},"content":{"rendered":"\n<p>Die Gr\u00fcnde, die Menschen dazu bewegen, sich <a href=\"https:\/\/www.lidl-kochen.de\/kochideen\/vegan\/\" data-internallinksmanager029f6b8e52c=\"1\" title=\"Vegane Ern\u00e4hrung\">vegan<\/a> zu ern\u00e4hren, sind vielseitig. Immer wieder wird in diesem Zusammenhang auf gesundheitliche Aspekte verwiesen. H\u00e4ufig fallen jedoch auch Begriffe, wie zum Beispiel \u201eTierrechte\u201c, \u201eEthik\u201c und \u201eKlimaschutz\u201c.<\/p>\n\n\n\n<p>In einer Zeit, in der sich immer mehr Menschen daf\u00fcr interessieren, wo ihr Essen eigentlich herkommt, macht es f\u00fcr viele Sinn, auf Fleisch bzw. tierische Produkte zu verzichten \u2013 entweder komplett oder zumindest beispielsweise an einem Tag in der Woche.<\/p>\n\n\n\n<p>Die Anzahl der Veganer hat im Laufe der Zeit kontinuierlich zugenommen. In Deutschland lebten im Jahre 2020 etwa 3 Prozent der Menschen vegan. Besonders interessant ist jedoch nicht nur diese Zahl, sondern auch das Wachstum, das mit ihr verbunden ist. Denn: 2016 verzichteten nur etwa 1,5 Prozent auf tierische Produkte.<\/p>\n\n\n\n<h2 class=\"wp-block-heading\">Woher kommt eigentlich das Wort \u201evegan\u201c?<\/h2>\n\n\n\n<p>\u201eVegan\u201c wurde schon so sehr in den allgemeinen Sprachgebrauch integriert, dass sich nur wenige Menschen mit der Wortherkunft auseinandersetzen. Um hier ein wenig genauer nachzuforschen, braucht es keine allzu lange Reise in die Vergangenheit. Denn: das Wort \u201evegan\u201c entstand in den 1940er Jahren. Es ist unter anderem Donald Watson, dem Gr\u00fcnder der Vegan Society, zu verdanken, dass dieser Begriff \u00fcberhaupt erst geschaffen wurde.<\/p>\n\n\n\n<p>Vereinfacht ausgedr\u00fcckt, ging es ihm vor allem darum, eine Abgrenzung zum Vegetarismus zu schaffen, der \u2013 zumindest seiner Meinung nach \u2013 vergleichsweise rasch vom Veganismus abgel\u00f6st werden w\u00fcrde. Hier sollte sich Watson jedoch irren. Veganismus und Vegetarismus existieren bekannterma\u00dfen seit Jahrzehnten nebeneinander.<\/p>\n\n\n\n<h2 class=\"wp-block-heading\">Eine vegane Lebensweise kann die Umwelt schonen<\/h2>\n\n\n\n<p>Die Ern\u00e4hrung vegan-lebender Menschen beeinflusst das Klima weitaus weniger als die omnivore Lebensweise. Bei diesem Aspekt geht es jedoch bei Weitem nicht \u201enur\u201c darum, keine Tiere bzw. keine tierischen Produkte zu essen. Im Gegenteil! Durch den Verzicht auf die entsprechenden Lebensmittel und deren Bestandteile k\u00f6nnen unter anderem:<\/p>\n\n\n\n<ul class=\"wp-block-list\"><li>viele Arten erhalten<\/li><li>Gew\u00e4sser und Landfl\u00e4chen gesch\u00fctzt<\/li><\/ul>\n\n\n\n<p>und der Klimawandel verlangsamt werden. Dies liegt unter anderem daran, dass beispielsweise die Massentierhaltung einen gro\u00dfen Teil zum Waldsterben beitr\u00e4gt. Immerhin m\u00fcssen die entsprechenden Fl\u00e4chen in allen Teilen der Welt f\u00fcr Futtermittel gerodet werden. Die Leidtragenden sind hier nicht nur die Tiere in den St\u00e4llen, sondern auch die Lebewesen, die eigentlich dort zuhause w\u00e4ren, wo nun besagte Futtermittel angepflanzt werden.<\/p>\n\n\n\n<p>Ein wichtiger Aspekt, der leider immer wieder in Vergessenheit ger\u00e4t: die gro\u00dfe Menge an Kohlendioxid, die die Tiere freisetzen und die ebenfalls die Umwelt nachhaltig belastet.<\/p>\n\n\n\t\t<div data-elementor-type=\"section\" data-elementor-id=\"426\" class=\"elementor elementor-426\" data-elementor-post-type=\"elementor_library\">\n\t\t\t\t\t<section class=\"elementor-section elementor-top-section elementor-element elementor-element-5a19f4f elementor-section-full_width elementor-section-height-default elementor-section-height-default\" data-id=\"5a19f4f\" data-element_type=\"section\" data-e-type=\"section\" data-settings=\"{&quot;jet_parallax_layout_list&quot;:[{&quot;jet_parallax_layout_image&quot;:{&quot;url&quot;:&quot;&quot;,&quot;id&quot;:&quot;&quot;,&quot;size&quot;:&quot;&quot;},&quot;_id&quot;:&quot;72f4053&quot;,&quot;jet_parallax_layout_image_tablet&quot;:{&quot;url&quot;:&quot;&quot;,&quot;id&quot;:&quot;&quot;,&quot;size&quot;:&quot;&quot;},&quot;jet_parallax_layout_image_mobile&quot;:{&quot;url&quot;:&quot;&quot;,&quot;id&quot;:&quot;&quot;,&quot;size&quot;:&quot;&quot;},&quot;jet_parallax_layout_speed&quot;:{&quot;unit&quot;:&quot;%&quot;,&quot;size&quot;:50,&quot;sizes&quot;:[]},&quot;jet_parallax_layout_type&quot;:&quot;scroll&quot;,&quot;jet_parallax_layout_direction&quot;:&quot;1&quot;,&quot;jet_parallax_layout_fx_direction&quot;:null,&quot;jet_parallax_layout_z_index&quot;:&quot;&quot;,&quot;jet_parallax_layout_bg_x&quot;:50,&quot;jet_parallax_layout_bg_x_tablet&quot;:&quot;&quot;,&quot;jet_parallax_layout_bg_x_mobile&quot;:&quot;&quot;,&quot;jet_parallax_layout_bg_y&quot;:50,&quot;jet_parallax_layout_bg_y_tablet&quot;:&quot;&quot;,&quot;jet_parallax_layout_bg_y_mobile&quot;:&quot;&quot;,&quot;jet_parallax_layout_bg_size&quot;:&quot;auto&quot;,&quot;jet_parallax_layout_bg_size_tablet&quot;:&quot;&quot;,&quot;jet_parallax_layout_bg_size_mobile&quot;:&quot;&quot;,&quot;jet_parallax_layout_animation_prop&quot;:&quot;transform&quot;,&quot;jet_parallax_layout_on&quot;:[&quot;desktop&quot;,&quot;tablet&quot;]}]}\">\n\t\t\t\t\t\t<div class=\"elementor-container elementor-column-gap-default\">\n\t\t\t\t\t<div class=\"elementor-column elementor-col-100 elementor-top-column elementor-element elementor-element-b1cd5c3\" data-id=\"b1cd5c3\" data-element_type=\"column\" data-e-type=\"column\" data-settings=\"{&quot;background_background&quot;:&quot;classic&quot;,&quot;_ob_teleporter_use&quot;:false}\">\n\t\t\t<div class=\"elementor-widget-wrap elementor-element-populated\">\n\t\t\t\t\t\t<div class=\"elementor-element elementor-element-cc19aec elementor-widget elementor-widget-jet-listing-grid\" data-id=\"cc19aec\" data-element_type=\"widget\" data-e-type=\"widget\" data-settings=\"{&quot;columns&quot;:&quot;2&quot;,&quot;columns_tablet&quot;:&quot;2&quot;,&quot;columns_mobile&quot;:&quot;1&quot;}\" data-widget_type=\"jet-listing-grid.default\">\n\t\t\t\t<div class=\"elementor-widget-container\">\n\t\t\t\t\t<div class=\"jet-listing-grid jet-listing\"><div class=\"jet-listing-grid__items grid-col-desk-2 grid-col-tablet-2 grid-col-mobile-1 jet-listing-grid--344\" data-queried-id=\"2978|WP_Post\" data-nav=\"{&quot;enabled&quot;:false,&quot;type&quot;:null,&quot;more_el&quot;:null,&quot;query&quot;:[],&quot;widget_settings&quot;:{&quot;lisitng_id&quot;:344,&quot;posts_num&quot;:2,&quot;columns&quot;:2,&quot;columns_tablet&quot;:2,&quot;columns_mobile&quot;:1,&quot;column_min_width&quot;:240,&quot;column_min_width_tablet&quot;:240,&quot;column_min_width_mobile&quot;:240,&quot;inline_columns_css&quot;:false,&quot;is_archive_template&quot;:&quot;&quot;,&quot;post_status&quot;:[&quot;publish&quot;],&quot;use_random_posts_num&quot;:&quot;&quot;,&quot;max_posts_num&quot;:9,&quot;not_found_message&quot;:&quot;No data was found&quot;,&quot;is_masonry&quot;:false,&quot;equal_columns_height&quot;:&quot;&quot;,&quot;use_load_more&quot;:&quot;&quot;,&quot;load_more_id&quot;:&quot;&quot;,&quot;load_more_type&quot;:&quot;click&quot;,&quot;load_more_offset&quot;:{&quot;unit&quot;:&quot;px&quot;,&quot;size&quot;:0,&quot;sizes&quot;:[]},&quot;use_custom_post_types&quot;:&quot;&quot;,&quot;custom_post_types&quot;:[],&quot;hide_widget_if&quot;:&quot;&quot;,&quot;carousel_enabled&quot;:&quot;&quot;,&quot;slides_to_scroll&quot;:&quot;1&quot;,&quot;arrows&quot;:&quot;true&quot;,&quot;arrow_icon&quot;:&quot;fa fa-angle-left&quot;,&quot;dots&quot;:&quot;&quot;,&quot;autoplay&quot;:&quot;true&quot;,&quot;pause_on_hover&quot;:&quot;true&quot;,&quot;autoplay_speed&quot;:5000,&quot;infinite&quot;:&quot;true&quot;,&quot;center_mode&quot;:&quot;&quot;,&quot;effect&quot;:&quot;slide&quot;,&quot;speed&quot;:500,&quot;inject_alternative_items&quot;:&quot;&quot;,&quot;injection_items&quot;:[],&quot;scroll_slider_enabled&quot;:&quot;&quot;,&quot;scroll_slider_on&quot;:[&quot;desktop&quot;,&quot;tablet&quot;,&quot;mobile&quot;],&quot;custom_query&quot;:false,&quot;custom_query_id&quot;:&quot;&quot;,&quot;_element_id&quot;:&quot;&quot;,&quot;collapse_first_last_gap&quot;:false,&quot;list_tag_selection&quot;:&quot;&quot;,&quot;list_items_wrapper_tag&quot;:&quot;div&quot;,&quot;list_item_tag&quot;:&quot;div&quot;,&quot;empty_items_wrapper_tag&quot;:&quot;div&quot;}}\" data-page=\"1\" data-pages=\"20\" data-listing-source=\"posts\" data-listing-id=\"344\" data-query-id=\"\"><div class=\"jet-listing-grid__item jet-listing-dynamic-post-1329\" data-post-id=\"1329\"  ><div class=\"jet-engine-listing-overlay-wrap\" data-url=\"https:\/\/www.lidl.de\/de\/ernesto-messer-mit-bambus-griff\/p368190?utm_source=lk_magazin&amp;utm_medium=produkt&amp;utm_campaign=magazin\">\t\t<div data-elementor-type=\"jet-listing-items\" data-elementor-id=\"344\" class=\"elementor elementor-344\" data-elementor-post-type=\"jet-engine\">\n\t\t\t\t\t\t<section class=\"elementor-section elementor-top-section elementor-element elementor-element-415e7b0 elementor-section-boxed elementor-section-height-default elementor-section-height-default\" data-id=\"415e7b0\" data-element_type=\"section\" data-e-type=\"section\" data-settings=\"{&quot;jet_parallax_layout_list&quot;:[{&quot;jet_parallax_layout_image&quot;:{&quot;url&quot;:&quot;&quot;,&quot;id&quot;:&quot;&quot;,&quot;size&quot;:&quot;&quot;},&quot;_id&quot;:&quot;46433ef&quot;,&quot;jet_parallax_layout_image_tablet&quot;:{&quot;url&quot;:&quot;&quot;,&quot;id&quot;:&quot;&quot;,&quot;size&quot;:&quot;&quot;},&quot;jet_parallax_layout_image_mobile&quot;:{&quot;url&quot;:&quot;&quot;,&quot;id&quot;:&quot;&quot;,&quot;size&quot;:&quot;&quot;},&quot;jet_parallax_layout_speed&quot;:{&quot;unit&quot;:&quot;%&quot;,&quot;size&quot;:50,&quot;sizes&quot;:[]},&quot;jet_parallax_layout_type&quot;:&quot;scroll&quot;,&quot;jet_parallax_layout_direction&quot;:&quot;1&quot;,&quot;jet_parallax_layout_fx_direction&quot;:null,&quot;jet_parallax_layout_z_index&quot;:&quot;&quot;,&quot;jet_parallax_layout_bg_x&quot;:50,&quot;jet_parallax_layout_bg_x_tablet&quot;:&quot;&quot;,&quot;jet_parallax_layout_bg_x_mobile&quot;:&quot;&quot;,&quot;jet_parallax_layout_bg_y&quot;:50,&quot;jet_parallax_layout_bg_y_tablet&quot;:&quot;&quot;,&quot;jet_parallax_layout_bg_y_mobile&quot;:&quot;&quot;,&quot;jet_parallax_layout_bg_size&quot;:&quot;auto&quot;,&quot;jet_parallax_layout_bg_size_tablet&quot;:&quot;&quot;,&quot;jet_parallax_layout_bg_size_mobile&quot;:&quot;&quot;,&quot;jet_parallax_layout_animation_prop&quot;:&quot;transform&quot;,&quot;jet_parallax_layout_on&quot;:[&quot;desktop&quot;,&quot;tablet&quot;]}]}\">\n\t\t\t\t\t\t<div class=\"elementor-container elementor-column-gap-default\">\n\t\t\t\t\t<div class=\"elementor-column elementor-col-100 elementor-top-column elementor-element elementor-element-fb36579\" data-id=\"fb36579\" data-element_type=\"column\" data-e-type=\"column\">\n\t\t\t<div class=\"elementor-widget-wrap elementor-element-populated\">\n\t\t\t\t\t\t<section class=\"elementor-section elementor-inner-section elementor-element elementor-element-3470411 elementor-section-boxed elementor-section-height-default elementor-section-height-default\" data-id=\"3470411\" data-element_type=\"section\" data-e-type=\"section\" data-settings=\"{&quot;jet_parallax_layout_list&quot;:[{&quot;jet_parallax_layout_image&quot;:{&quot;url&quot;:&quot;&quot;,&quot;id&quot;:&quot;&quot;,&quot;size&quot;:&quot;&quot;},&quot;_id&quot;:&quot;bd0bd24&quot;,&quot;jet_parallax_layout_image_tablet&quot;:{&quot;url&quot;:&quot;&quot;,&quot;id&quot;:&quot;&quot;,&quot;size&quot;:&quot;&quot;},&quot;jet_parallax_layout_image_mobile&quot;:{&quot;url&quot;:&quot;&quot;,&quot;id&quot;:&quot;&quot;,&quot;size&quot;:&quot;&quot;},&quot;jet_parallax_layout_speed&quot;:{&quot;unit&quot;:&quot;%&quot;,&quot;size&quot;:50,&quot;sizes&quot;:[]},&quot;jet_parallax_layout_type&quot;:&quot;scroll&quot;,&quot;jet_parallax_layout_direction&quot;:&quot;1&quot;,&quot;jet_parallax_layout_fx_direction&quot;:null,&quot;jet_parallax_layout_z_index&quot;:&quot;&quot;,&quot;jet_parallax_layout_bg_x&quot;:50,&quot;jet_parallax_layout_bg_x_tablet&quot;:&quot;&quot;,&quot;jet_parallax_layout_bg_x_mobile&quot;:&quot;&quot;,&quot;jet_parallax_layout_bg_y&quot;:50,&quot;jet_parallax_layout_bg_y_tablet&quot;:&quot;&quot;,&quot;jet_parallax_layout_bg_y_mobile&quot;:&quot;&quot;,&quot;jet_parallax_layout_bg_size&quot;:&quot;auto&quot;,&quot;jet_parallax_layout_bg_size_tablet&quot;:&quot;&quot;,&quot;jet_parallax_layout_bg_size_mobile&quot;:&quot;&quot;,&quot;jet_parallax_layout_animation_prop&quot;:&quot;transform&quot;,&quot;jet_parallax_layout_on&quot;:[&quot;desktop&quot;,&quot;tablet&quot;]}],&quot;background_background&quot;:&quot;classic&quot;}\">\n\t\t\t\t\t\t<div class=\"elementor-container elementor-column-gap-default\">\n\t\t\t\t\t<div class=\"elementor-column elementor-col-100 elementor-inner-column elementor-element elementor-element-7bf52b0\" data-id=\"7bf52b0\" data-element_type=\"column\" data-e-type=\"column\" data-settings=\"{&quot;_ob_teleporter_use&quot;:false}\">\n\t\t\t<div class=\"elementor-widget-wrap elementor-element-populated\">\n\t\t\t\t\t\t<div class=\"elementor-element elementor-element-bd9459e elementor-widget elementor-widget-heading\" data-id=\"bd9459e\" data-element_type=\"widget\" data-e-type=\"widget\" data-widget_type=\"heading.default\">\n\t\t\t\t<div class=\"elementor-widget-container\">\n\t\t\t\t\t<div class=\"elementor-heading-title elementor-size-default\">ERNESTO\u00ae Messer mit Bambus-Griff<\/div>\t\t\t\t<\/div>\n\t\t\t\t<\/div>\n\t\t\t\t<div class=\"elementor-element elementor-element-7e00b57 elementor-widget elementor-widget-image\" data-id=\"7e00b57\" data-element_type=\"widget\" data-e-type=\"widget\" data-widget_type=\"image.default\">\n\t\t\t\t<div class=\"elementor-widget-container\">\n\t\t\t\t\t\t\t\t\t\t\t\t\t\t\t<img fetchpriority=\"high\" decoding=\"async\" width=\"772\" height=\"579\" src=\"https:\/\/www.lidl-kochen.de\/kochideen\/wp-content\/uploads\/2021\/02\/ernesto-messer-mit-bambus-griff.jpg\" class=\"attachment-large size-large wp-image-1330\" alt=\"ERNESTO\u00ae Messer mit Bambus-Griff\" srcset=\"https:\/\/www.lidl-kochen.de\/kochideen\/wp-content\/uploads\/2021\/02\/ernesto-messer-mit-bambus-griff.jpg 772w, https:\/\/www.lidl-kochen.de\/kochideen\/wp-content\/uploads\/2021\/02\/ernesto-messer-mit-bambus-griff-300x225.jpg 300w, https:\/\/www.lidl-kochen.de\/kochideen\/wp-content\/uploads\/2021\/02\/ernesto-messer-mit-bambus-griff-768x576.jpg 768w\" sizes=\"(max-width: 772px) 100vw, 772px\" \/>\t\t\t\t\t\t\t\t\t\t\t\t\t\t\t<\/div>\n\t\t\t\t<\/div>\n\t\t\t\t\t<\/div>\n\t\t<\/div>\n\t\t\t\t\t<\/div>\n\t\t<\/section>\n\t\t\t\t<div class=\"elementor-element elementor-element-537d953 elementor-widget elementor-widget-heading\" data-id=\"537d953\" data-element_type=\"widget\" data-e-type=\"widget\" data-widget_type=\"heading.default\">\n\t\t\t\t<div class=\"elementor-widget-container\">\n\t\t\t\t\t<div class=\"elementor-heading-title elementor-size-default\"><a href=\"https:\/\/www.lidl.de\/de\/ernesto-messer-mit-bambus-griff\/p368190?utm_source=lk_magazin&#038;utm_medium=produkt&#038;utm_campaign=magazin\">Im Shop Ansehen<\/a><\/div>\t\t\t\t<\/div>\n\t\t\t\t<\/div>\n\t\t\t\t\t<\/div>\n\t\t<\/div>\n\t\t\t\t\t<\/div>\n\t\t<\/section>\n\t\t\t\t<\/div>\n\t\t<a href=\"https:\/\/www.lidl.de\/de\/ernesto-messer-mit-bambus-griff\/p368190?utm_source=lk_magazin&amp;utm_medium=produkt&amp;utm_campaign=magazin\" class=\"jet-engine-listing-overlay-link\"><\/a><\/div><\/div><div class=\"jet-listing-grid__item jet-listing-dynamic-post-1363\" data-post-id=\"1363\"  ><div class=\"jet-engine-listing-overlay-wrap\" data-url=\"https:\/\/www.lidl.de\/de\/tepro-lavasteingasgrill-irvine-5-4-kw-leistung-piezo-zuendung-2-seitenablagen\/p277691?utm_source=lk_magazin&amp;utm_medium=produkt&amp;utm_campaign=magazin\">\t\t<div data-elementor-type=\"jet-listing-items\" data-elementor-id=\"344\" class=\"elementor elementor-344\" data-elementor-post-type=\"jet-engine\">\n\t\t\t\t\t\t<section class=\"elementor-section elementor-top-section elementor-element elementor-element-415e7b0 elementor-section-boxed elementor-section-height-default elementor-section-height-default\" data-id=\"415e7b0\" data-element_type=\"section\" data-e-type=\"section\" data-settings=\"{&quot;jet_parallax_layout_list&quot;:[{&quot;jet_parallax_layout_image&quot;:{&quot;url&quot;:&quot;&quot;,&quot;id&quot;:&quot;&quot;,&quot;size&quot;:&quot;&quot;},&quot;_id&quot;:&quot;46433ef&quot;,&quot;jet_parallax_layout_image_tablet&quot;:{&quot;url&quot;:&quot;&quot;,&quot;id&quot;:&quot;&quot;,&quot;size&quot;:&quot;&quot;},&quot;jet_parallax_layout_image_mobile&quot;:{&quot;url&quot;:&quot;&quot;,&quot;id&quot;:&quot;&quot;,&quot;size&quot;:&quot;&quot;},&quot;jet_parallax_layout_speed&quot;:{&quot;unit&quot;:&quot;%&quot;,&quot;size&quot;:50,&quot;sizes&quot;:[]},&quot;jet_parallax_layout_type&quot;:&quot;scroll&quot;,&quot;jet_parallax_layout_direction&quot;:&quot;1&quot;,&quot;jet_parallax_layout_fx_direction&quot;:null,&quot;jet_parallax_layout_z_index&quot;:&quot;&quot;,&quot;jet_parallax_layout_bg_x&quot;:50,&quot;jet_parallax_layout_bg_x_tablet&quot;:&quot;&quot;,&quot;jet_parallax_layout_bg_x_mobile&quot;:&quot;&quot;,&quot;jet_parallax_layout_bg_y&quot;:50,&quot;jet_parallax_layout_bg_y_tablet&quot;:&quot;&quot;,&quot;jet_parallax_layout_bg_y_mobile&quot;:&quot;&quot;,&quot;jet_parallax_layout_bg_size&quot;:&quot;auto&quot;,&quot;jet_parallax_layout_bg_size_tablet&quot;:&quot;&quot;,&quot;jet_parallax_layout_bg_size_mobile&quot;:&quot;&quot;,&quot;jet_parallax_layout_animation_prop&quot;:&quot;transform&quot;,&quot;jet_parallax_layout_on&quot;:[&quot;desktop&quot;,&quot;tablet&quot;]}]}\">\n\t\t\t\t\t\t<div class=\"elementor-container elementor-column-gap-default\">\n\t\t\t\t\t<div class=\"elementor-column elementor-col-100 elementor-top-column elementor-element elementor-element-fb36579\" data-id=\"fb36579\" data-element_type=\"column\" data-e-type=\"column\">\n\t\t\t<div class=\"elementor-widget-wrap elementor-element-populated\">\n\t\t\t\t\t\t<section class=\"elementor-section elementor-inner-section elementor-element elementor-element-3470411 elementor-section-boxed elementor-section-height-default elementor-section-height-default\" data-id=\"3470411\" data-element_type=\"section\" data-e-type=\"section\" data-settings=\"{&quot;jet_parallax_layout_list&quot;:[{&quot;jet_parallax_layout_image&quot;:{&quot;url&quot;:&quot;&quot;,&quot;id&quot;:&quot;&quot;,&quot;size&quot;:&quot;&quot;},&quot;_id&quot;:&quot;bd0bd24&quot;,&quot;jet_parallax_layout_image_tablet&quot;:{&quot;url&quot;:&quot;&quot;,&quot;id&quot;:&quot;&quot;,&quot;size&quot;:&quot;&quot;},&quot;jet_parallax_layout_image_mobile&quot;:{&quot;url&quot;:&quot;&quot;,&quot;id&quot;:&quot;&quot;,&quot;size&quot;:&quot;&quot;},&quot;jet_parallax_layout_speed&quot;:{&quot;unit&quot;:&quot;%&quot;,&quot;size&quot;:50,&quot;sizes&quot;:[]},&quot;jet_parallax_layout_type&quot;:&quot;scroll&quot;,&quot;jet_parallax_layout_direction&quot;:&quot;1&quot;,&quot;jet_parallax_layout_fx_direction&quot;:null,&quot;jet_parallax_layout_z_index&quot;:&quot;&quot;,&quot;jet_parallax_layout_bg_x&quot;:50,&quot;jet_parallax_layout_bg_x_tablet&quot;:&quot;&quot;,&quot;jet_parallax_layout_bg_x_mobile&quot;:&quot;&quot;,&quot;jet_parallax_layout_bg_y&quot;:50,&quot;jet_parallax_layout_bg_y_tablet&quot;:&quot;&quot;,&quot;jet_parallax_layout_bg_y_mobile&quot;:&quot;&quot;,&quot;jet_parallax_layout_bg_size&quot;:&quot;auto&quot;,&quot;jet_parallax_layout_bg_size_tablet&quot;:&quot;&quot;,&quot;jet_parallax_layout_bg_size_mobile&quot;:&quot;&quot;,&quot;jet_parallax_layout_animation_prop&quot;:&quot;transform&quot;,&quot;jet_parallax_layout_on&quot;:[&quot;desktop&quot;,&quot;tablet&quot;]}],&quot;background_background&quot;:&quot;classic&quot;}\">\n\t\t\t\t\t\t<div class=\"elementor-container elementor-column-gap-default\">\n\t\t\t\t\t<div class=\"elementor-column elementor-col-100 elementor-inner-column elementor-element elementor-element-7bf52b0\" data-id=\"7bf52b0\" data-element_type=\"column\" data-e-type=\"column\" data-settings=\"{&quot;_ob_teleporter_use&quot;:false}\">\n\t\t\t<div class=\"elementor-widget-wrap elementor-element-populated\">\n\t\t\t\t\t\t<div class=\"elementor-element elementor-element-bd9459e elementor-widget elementor-widget-heading\" data-id=\"bd9459e\" data-element_type=\"widget\" data-e-type=\"widget\" data-widget_type=\"heading.default\">\n\t\t\t\t<div class=\"elementor-widget-container\">\n\t\t\t\t\t<div class=\"elementor-heading-title elementor-size-default\">tepro Lavasteingasgrill \u00bbIrvine\u00ab<\/div>\t\t\t\t<\/div>\n\t\t\t\t<\/div>\n\t\t\t\t<div class=\"elementor-element elementor-element-7e00b57 elementor-widget elementor-widget-image\" data-id=\"7e00b57\" data-element_type=\"widget\" data-e-type=\"widget\" data-widget_type=\"image.default\">\n\t\t\t\t<div class=\"elementor-widget-container\">\n\t\t\t\t\t\t\t\t\t\t\t\t\t\t\t<img decoding=\"async\" width=\"772\" height=\"579\" src=\"https:\/\/www.lidl-kochen.de\/kochideen\/wp-content\/uploads\/2021\/02\/tepro-lavasteingasgrill-irvine.jpg\" class=\"attachment-large size-large wp-image-1364\" alt=\"Tepro Lavasteingasgrill Irvine\" srcset=\"https:\/\/www.lidl-kochen.de\/kochideen\/wp-content\/uploads\/2021\/02\/tepro-lavasteingasgrill-irvine.jpg 772w, https:\/\/www.lidl-kochen.de\/kochideen\/wp-content\/uploads\/2021\/02\/tepro-lavasteingasgrill-irvine-300x225.jpg 300w, https:\/\/www.lidl-kochen.de\/kochideen\/wp-content\/uploads\/2021\/02\/tepro-lavasteingasgrill-irvine-768x576.jpg 768w\" sizes=\"(max-width: 772px) 100vw, 772px\" \/>\t\t\t\t\t\t\t\t\t\t\t\t\t\t\t<\/div>\n\t\t\t\t<\/div>\n\t\t\t\t\t<\/div>\n\t\t<\/div>\n\t\t\t\t\t<\/div>\n\t\t<\/section>\n\t\t\t\t<div class=\"elementor-element elementor-element-537d953 elementor-widget elementor-widget-heading\" data-id=\"537d953\" data-element_type=\"widget\" data-e-type=\"widget\" data-widget_type=\"heading.default\">\n\t\t\t\t<div class=\"elementor-widget-container\">\n\t\t\t\t\t<div class=\"elementor-heading-title elementor-size-default\"><a href=\"https:\/\/www.lidl.de\/de\/tepro-lavasteingasgrill-irvine-5-4-kw-leistung-piezo-zuendung-2-seitenablagen\/p277691?utm_source=lk_magazin&#038;utm_medium=produkt&#038;utm_campaign=magazin\">Im Shop Ansehen<\/a><\/div>\t\t\t\t<\/div>\n\t\t\t\t<\/div>\n\t\t\t\t\t<\/div>\n\t\t<\/div>\n\t\t\t\t\t<\/div>\n\t\t<\/section>\n\t\t\t\t<\/div>\n\t\t<a href=\"https:\/\/www.lidl.de\/de\/tepro-lavasteingasgrill-irvine-5-4-kw-leistung-piezo-zuendung-2-seitenablagen\/p277691?utm_source=lk_magazin&amp;utm_medium=produkt&amp;utm_campaign=magazin\" class=\"jet-engine-listing-overlay-link\"><\/a><\/div><\/div><\/div><\/div>\t\t\t\t<\/div>\n\t\t\t\t<\/div>\n\t\t\t\t\t<\/div>\n\t\t<\/div>\n\t\t\t\t\t<\/div>\n\t\t<\/section>\n\t\t\t\t<\/div>\n\t\t\n\n\n\n<h2 class=\"wp-block-heading\">Gesundheitliche Aspekte auf dem Pr\u00fcfstand<\/h2>\n\n\n\n<p>Die Wissenschaft befasst sich seit Jahrzehnten mit den Auswirkungen veganer Ern\u00e4hrung auf den K\u00f6rper. Auch wenn die Untersuchungen hier immer noch andauern, konnte schon jetzt in vielen Studien aufgezeigt werden, dass es durchaus in gesundheitlicher Hinsicht von Vorteil sein kann, auf Fleisch und tierische Produkte zu verzichten.<\/p>\n\n\n\n<p>Unter anderem sind viele Experten der Meinung, dass Menschen, die sich vegan ern\u00e4hren, ein geringeres Risiko haben, im Laufe ihres Lebens Herz-Kreislauferkrankungen zu entwickeln.<\/p>\n\n\n\n<p>Ein Vorurteil, mit dem sich viele Veganer immer wieder auseinandersetzen m\u00fcssen, ist, dass es allein auf Basis einer pflanzlichen Ern\u00e4hrung nicht m\u00f6glich sei, dem K\u00f6rper alle wichtigen N\u00e4hrstoffe zuzuf\u00fchren. Aktuellen Studien zufolge handelt es sich hierbei jedoch um einen Trugschluss.<\/p>\n\n\n\n<p>Es gibt sogar Umfragen, die aufzeigen, dass vegan lebende Menschen oft besser mit N\u00e4hrstoffen versorgt sind, als omnivor lebende Menschen. Die Wahrscheinlichkeit, dass dies ausschlie\u00dflich auf die rein-pflanzliche Ern\u00e4hrung zur\u00fcckzuf\u00fchren ist, ist jedoch gering. Vielmehr sind viele Experten der Meinung, dass sich Veganer oft mehr mit ihrer Art der Nahrungsaufnahme, mit N\u00e4hrstoffen und Co. befassen und daher einem Mangel allein schon auf der Basis einer abwechslungsreichen Art zu essen, vorbeugen. (Achtung! Wer vegan lebt, muss \u2013 auch im Zusammenhang mit einem noch so bunten Ern\u00e4hrungsplan \u2013 in vielen F\u00e4llen Vitamin B12 supplementieren. In rein-pflanzlicher Ern\u00e4hrung ist das Vitamin so gut wie nicht enthalten.)<\/p>\n\n\n\t\t<div data-elementor-type=\"section\" data-elementor-id=\"437\" class=\"elementor elementor-437\" data-elementor-post-type=\"elementor_library\">\n\t\t\t\t\t<section class=\"elementor-section elementor-top-section elementor-element elementor-element-27cebaf4 elementor-section-full_width elementor-section-height-default elementor-section-height-default\" data-id=\"27cebaf4\" data-element_type=\"section\" data-e-type=\"section\" data-settings=\"{&quot;jet_parallax_layout_list&quot;:[{&quot;jet_parallax_layout_image&quot;:{&quot;url&quot;:&quot;&quot;,&quot;id&quot;:&quot;&quot;,&quot;size&quot;:&quot;&quot;},&quot;_id&quot;:&quot;72f4053&quot;,&quot;jet_parallax_layout_image_tablet&quot;:{&quot;url&quot;:&quot;&quot;,&quot;id&quot;:&quot;&quot;,&quot;size&quot;:&quot;&quot;},&quot;jet_parallax_layout_image_mobile&quot;:{&quot;url&quot;:&quot;&quot;,&quot;id&quot;:&quot;&quot;,&quot;size&quot;:&quot;&quot;},&quot;jet_parallax_layout_speed&quot;:{&quot;unit&quot;:&quot;%&quot;,&quot;size&quot;:50,&quot;sizes&quot;:[]},&quot;jet_parallax_layout_type&quot;:&quot;scroll&quot;,&quot;jet_parallax_layout_direction&quot;:&quot;1&quot;,&quot;jet_parallax_layout_fx_direction&quot;:null,&quot;jet_parallax_layout_z_index&quot;:&quot;&quot;,&quot;jet_parallax_layout_bg_x&quot;:50,&quot;jet_parallax_layout_bg_x_tablet&quot;:&quot;&quot;,&quot;jet_parallax_layout_bg_x_mobile&quot;:&quot;&quot;,&quot;jet_parallax_layout_bg_y&quot;:50,&quot;jet_parallax_layout_bg_y_tablet&quot;:&quot;&quot;,&quot;jet_parallax_layout_bg_y_mobile&quot;:&quot;&quot;,&quot;jet_parallax_layout_bg_size&quot;:&quot;auto&quot;,&quot;jet_parallax_layout_bg_size_tablet&quot;:&quot;&quot;,&quot;jet_parallax_layout_bg_size_mobile&quot;:&quot;&quot;,&quot;jet_parallax_layout_animation_prop&quot;:&quot;transform&quot;,&quot;jet_parallax_layout_on&quot;:[&quot;desktop&quot;,&quot;tablet&quot;]}]}\">\n\t\t\t\t\t\t<div class=\"elementor-container elementor-column-gap-default\">\n\t\t\t\t\t<div class=\"elementor-column elementor-col-100 elementor-top-column elementor-element elementor-element-593b90d9\" data-id=\"593b90d9\" data-element_type=\"column\" data-e-type=\"column\" data-settings=\"{&quot;_ob_teleporter_use&quot;:false}\">\n\t\t\t<div class=\"elementor-widget-wrap elementor-element-populated\">\n\t\t\t\t\t\t<div class=\"elementor-element elementor-element-2b7ca800 elementor-widget elementor-widget-jet-listing-grid\" data-id=\"2b7ca800\" data-element_type=\"widget\" data-e-type=\"widget\" data-settings=\"{&quot;columns&quot;:&quot;1&quot;}\" data-widget_type=\"jet-listing-grid.default\">\n\t\t\t\t<div class=\"elementor-widget-container\">\n\t\t\t\t\t<div class=\"jet-listing-grid jet-listing\"><div class=\"jet-listing-grid__items grid-col-desk-1 grid-col-tablet-1 grid-col-mobile-1 jet-listing-grid--425\" data-queried-id=\"2978|WP_Post\" data-nav=\"{&quot;enabled&quot;:false,&quot;type&quot;:null,&quot;more_el&quot;:null,&quot;query&quot;:[],&quot;widget_settings&quot;:{&quot;lisitng_id&quot;:425,&quot;posts_num&quot;:1,&quot;columns&quot;:1,&quot;columns_tablet&quot;:1,&quot;columns_mobile&quot;:1,&quot;column_min_width&quot;:240,&quot;column_min_width_tablet&quot;:240,&quot;column_min_width_mobile&quot;:240,&quot;inline_columns_css&quot;:false,&quot;is_archive_template&quot;:&quot;&quot;,&quot;post_status&quot;:[&quot;publish&quot;],&quot;use_random_posts_num&quot;:&quot;&quot;,&quot;max_posts_num&quot;:9,&quot;not_found_message&quot;:&quot;No data was found&quot;,&quot;is_masonry&quot;:false,&quot;equal_columns_height&quot;:&quot;&quot;,&quot;use_load_more&quot;:&quot;&quot;,&quot;load_more_id&quot;:&quot;&quot;,&quot;load_more_type&quot;:&quot;click&quot;,&quot;load_more_offset&quot;:{&quot;unit&quot;:&quot;px&quot;,&quot;size&quot;:0,&quot;sizes&quot;:[]},&quot;use_custom_post_types&quot;:&quot;&quot;,&quot;custom_post_types&quot;:[],&quot;hide_widget_if&quot;:&quot;&quot;,&quot;carousel_enabled&quot;:&quot;&quot;,&quot;slides_to_scroll&quot;:&quot;1&quot;,&quot;arrows&quot;:&quot;true&quot;,&quot;arrow_icon&quot;:&quot;fa fa-angle-left&quot;,&quot;dots&quot;:&quot;&quot;,&quot;autoplay&quot;:&quot;true&quot;,&quot;pause_on_hover&quot;:&quot;true&quot;,&quot;autoplay_speed&quot;:5000,&quot;infinite&quot;:&quot;true&quot;,&quot;center_mode&quot;:&quot;&quot;,&quot;effect&quot;:&quot;slide&quot;,&quot;speed&quot;:500,&quot;inject_alternative_items&quot;:&quot;&quot;,&quot;injection_items&quot;:[],&quot;scroll_slider_enabled&quot;:&quot;&quot;,&quot;scroll_slider_on&quot;:[&quot;desktop&quot;,&quot;tablet&quot;,&quot;mobile&quot;],&quot;custom_query&quot;:false,&quot;custom_query_id&quot;:&quot;&quot;,&quot;_element_id&quot;:&quot;&quot;,&quot;collapse_first_last_gap&quot;:false,&quot;list_tag_selection&quot;:&quot;&quot;,&quot;list_items_wrapper_tag&quot;:&quot;div&quot;,&quot;list_item_tag&quot;:&quot;div&quot;,&quot;empty_items_wrapper_tag&quot;:&quot;div&quot;}}\" data-page=\"1\" data-pages=\"34\" data-listing-source=\"posts\" data-listing-id=\"425\" data-query-id=\"\"><div class=\"jet-listing-grid__item jet-listing-dynamic-post-3715\" data-post-id=\"3715\"  ><style type=\"text\/css\">.jet-listing-dynamic-post-3715 .elementor-element.elementor-element-4bc4202:not(.elementor-motion-effects-element-type-background) > .elementor-widget-wrap, .jet-listing-dynamic-post-3715 .elementor-element.elementor-element-4bc4202 > .elementor-widget-wrap > .elementor-motion-effects-container > .elementor-motion-effects-layer{background-image:url(\"https:\/\/www.lidl-kochen.de\/kochideen\/wp-content\/uploads\/2021\/09\/thai-salat-mit-vemondo-hack-323635.jpeg\");}@media(max-width:767px){.jet-listing-dynamic-post-3715 .elementor-element.elementor-element-4bc4202:not(.elementor-motion-effects-element-type-background) > .elementor-widget-wrap, .jet-listing-dynamic-post-3715 .elementor-element.elementor-element-4bc4202 > .elementor-widget-wrap > .elementor-motion-effects-container > .elementor-motion-effects-layer{background-image:url(\"https:\/\/www.lidl-kochen.de\/kochideen\/wp-content\/uploads\/2021\/09\/thai-salat-mit-vemondo-hack-323635.jpeg\");}}<\/style><div class=\"jet-engine-listing-overlay-wrap\" data-url=\"https:\/\/www.lidl-kochen.de\/rezeptwelt\/thai-salat-mit-vemondo-hack-323635?utm_source=lk_magazin&amp;utm_medium=rezept&amp;utm_campaign=magazin\">\t\t<div data-elementor-type=\"jet-listing-items\" data-elementor-id=\"425\" class=\"elementor elementor-425\" data-elementor-post-type=\"jet-engine\">\n\t\t\t\t\t\t<section class=\"elementor-section elementor-top-section elementor-element elementor-element-6d2c131 elementor-section-full_width elementor-section-height-min-height elementor-section-items-stretch elementor-section-content-space-between elementor-section-height-default\" data-id=\"6d2c131\" data-element_type=\"section\" data-e-type=\"section\" data-settings=\"{&quot;jet_parallax_layout_list&quot;:[{&quot;jet_parallax_layout_image&quot;:{&quot;url&quot;:&quot;&quot;,&quot;id&quot;:&quot;&quot;,&quot;size&quot;:&quot;&quot;},&quot;_id&quot;:&quot;c2b17b2&quot;,&quot;jet_parallax_layout_image_tablet&quot;:{&quot;url&quot;:&quot;&quot;,&quot;id&quot;:&quot;&quot;,&quot;size&quot;:&quot;&quot;},&quot;jet_parallax_layout_image_mobile&quot;:{&quot;url&quot;:&quot;&quot;,&quot;id&quot;:&quot;&quot;,&quot;size&quot;:&quot;&quot;},&quot;jet_parallax_layout_speed&quot;:{&quot;unit&quot;:&quot;%&quot;,&quot;size&quot;:50,&quot;sizes&quot;:[]},&quot;jet_parallax_layout_type&quot;:&quot;scroll&quot;,&quot;jet_parallax_layout_direction&quot;:&quot;1&quot;,&quot;jet_parallax_layout_fx_direction&quot;:null,&quot;jet_parallax_layout_z_index&quot;:&quot;&quot;,&quot;jet_parallax_layout_bg_x&quot;:50,&quot;jet_parallax_layout_bg_x_tablet&quot;:&quot;&quot;,&quot;jet_parallax_layout_bg_x_mobile&quot;:&quot;&quot;,&quot;jet_parallax_layout_bg_y&quot;:50,&quot;jet_parallax_layout_bg_y_tablet&quot;:&quot;&quot;,&quot;jet_parallax_layout_bg_y_mobile&quot;:&quot;&quot;,&quot;jet_parallax_layout_bg_size&quot;:&quot;auto&quot;,&quot;jet_parallax_layout_bg_size_tablet&quot;:&quot;&quot;,&quot;jet_parallax_layout_bg_size_mobile&quot;:&quot;&quot;,&quot;jet_parallax_layout_animation_prop&quot;:&quot;transform&quot;,&quot;jet_parallax_layout_on&quot;:[&quot;desktop&quot;,&quot;tablet&quot;]}]}\">\n\t\t\t\t\t\t<div class=\"elementor-container elementor-column-gap-default\">\n\t\t\t\t\t<div class=\"elementor-column elementor-col-100 elementor-top-column elementor-element elementor-element-4bc4202\" data-id=\"4bc4202\" data-element_type=\"column\" data-e-type=\"column\" data-settings=\"{&quot;background_background&quot;:&quot;classic&quot;,&quot;_ob_teleporter_use&quot;:false}\">\n\t\t\t<div class=\"elementor-widget-wrap elementor-element-populated\">\n\t\t\t\t\t\t<section class=\"elementor-section elementor-inner-section elementor-element elementor-element-629be62 elementor-section-full_width elementor-section-content-top elementor-section-height-default elementor-section-height-default\" data-id=\"629be62\" data-element_type=\"section\" data-e-type=\"section\" data-settings=\"{&quot;jet_parallax_layout_list&quot;:[{&quot;jet_parallax_layout_image&quot;:{&quot;url&quot;:&quot;&quot;,&quot;id&quot;:&quot;&quot;,&quot;size&quot;:&quot;&quot;},&quot;_id&quot;:&quot;a9e4de6&quot;,&quot;jet_parallax_layout_image_tablet&quot;:{&quot;url&quot;:&quot;&quot;,&quot;id&quot;:&quot;&quot;,&quot;size&quot;:&quot;&quot;},&quot;jet_parallax_layout_image_mobile&quot;:{&quot;url&quot;:&quot;&quot;,&quot;id&quot;:&quot;&quot;,&quot;size&quot;:&quot;&quot;},&quot;jet_parallax_layout_speed&quot;:{&quot;unit&quot;:&quot;%&quot;,&quot;size&quot;:50,&quot;sizes&quot;:[]},&quot;jet_parallax_layout_type&quot;:&quot;scroll&quot;,&quot;jet_parallax_layout_direction&quot;:&quot;1&quot;,&quot;jet_parallax_layout_fx_direction&quot;:null,&quot;jet_parallax_layout_z_index&quot;:&quot;&quot;,&quot;jet_parallax_layout_bg_x&quot;:50,&quot;jet_parallax_layout_bg_x_tablet&quot;:&quot;&quot;,&quot;jet_parallax_layout_bg_x_mobile&quot;:&quot;&quot;,&quot;jet_parallax_layout_bg_y&quot;:50,&quot;jet_parallax_layout_bg_y_tablet&quot;:&quot;&quot;,&quot;jet_parallax_layout_bg_y_mobile&quot;:&quot;&quot;,&quot;jet_parallax_layout_bg_size&quot;:&quot;auto&quot;,&quot;jet_parallax_layout_bg_size_tablet&quot;:&quot;&quot;,&quot;jet_parallax_layout_bg_size_mobile&quot;:&quot;&quot;,&quot;jet_parallax_layout_animation_prop&quot;:&quot;transform&quot;,&quot;jet_parallax_layout_on&quot;:[&quot;desktop&quot;,&quot;tablet&quot;]}]}\">\n\t\t\t\t\t\t<div class=\"elementor-container elementor-column-gap-default\">\n\t\t\t\t\t<div class=\"elementor-column elementor-col-20 elementor-inner-column elementor-element elementor-element-a71ed71 elementor-hidden-phone\" data-id=\"a71ed71\" data-element_type=\"column\" data-e-type=\"column\" data-settings=\"{&quot;_ob_teleporter_use&quot;:false}\">\n\t\t\t<div class=\"elementor-widget-wrap\">\n\t\t\t\t\t\t\t<\/div>\n\t\t<\/div>\n\t\t\t\t<div class=\"elementor-column elementor-col-20 elementor-inner-column elementor-element elementor-element-9eb556b\" data-id=\"9eb556b\" data-element_type=\"column\" data-e-type=\"column\" data-settings=\"{&quot;background_background&quot;:&quot;classic&quot;,&quot;_ob_teleporter_use&quot;:false}\">\n\t\t\t<div class=\"elementor-widget-wrap elementor-element-populated\">\n\t\t\t\t\t\t<div class=\"elementor-element elementor-element-8eb2e16 elementor-widget elementor-widget-image\" data-id=\"8eb2e16\" data-element_type=\"widget\" data-e-type=\"widget\" data-widget_type=\"image.default\">\n\t\t\t\t<div class=\"elementor-widget-container\">\n\t\t\t\t\t\t\t\t\t\t\t\t\t\t\t<img decoding=\"async\" width=\"80\" height=\"78\" src=\"https:\/\/www.lidl-kochen.de\/kochideen\/wp-content\/uploads\/2020\/12\/Zubereitungszeit.png\" class=\"attachment-large size-large wp-image-153\" alt=\"\" \/>\t\t\t\t\t\t\t\t\t\t\t\t\t\t\t<\/div>\n\t\t\t\t<\/div>\n\t\t\t\t\t<\/div>\n\t\t<\/div>\n\t\t\t\t<div class=\"elementor-column elementor-col-20 elementor-inner-column elementor-element elementor-element-55baa48\" data-id=\"55baa48\" data-element_type=\"column\" data-e-type=\"column\" data-settings=\"{&quot;background_background&quot;:&quot;classic&quot;,&quot;_ob_teleporter_use&quot;:false}\">\n\t\t\t<div class=\"elementor-widget-wrap elementor-element-populated\">\n\t\t\t\t\t\t<div class=\"elementor-element elementor-element-8d1946a elementor-widget elementor-widget-heading\" data-id=\"8d1946a\" data-element_type=\"widget\" data-e-type=\"widget\" data-widget_type=\"heading.default\">\n\t\t\t\t<div class=\"elementor-widget-container\">\n\t\t\t\t\t<div class=\"elementor-heading-title elementor-size-default\">Zubereitungszeit<\/div>\t\t\t\t<\/div>\n\t\t\t\t<\/div>\n\t\t\t\t<div class=\"elementor-element elementor-element-f61ac65 elementor-widget elementor-widget-heading\" data-id=\"f61ac65\" data-element_type=\"widget\" data-e-type=\"widget\" data-widget_type=\"heading.default\">\n\t\t\t\t<div class=\"elementor-widget-container\">\n\t\t\t\t\t<div class=\"elementor-heading-title elementor-size-default\">20 Minuten<\/div>\t\t\t\t<\/div>\n\t\t\t\t<\/div>\n\t\t\t\t\t<\/div>\n\t\t<\/div>\n\t\t\t\t<div class=\"elementor-column elementor-col-20 elementor-inner-column elementor-element elementor-element-7106101\" data-id=\"7106101\" data-element_type=\"column\" data-e-type=\"column\" data-settings=\"{&quot;background_background&quot;:&quot;classic&quot;,&quot;_ob_teleporter_use&quot;:false}\">\n\t\t\t<div class=\"elementor-widget-wrap elementor-element-populated\">\n\t\t\t\t\t\t<div class=\"elementor-element elementor-element-ad65045 elementor-widget elementor-widget-image\" data-id=\"ad65045\" data-element_type=\"widget\" data-e-type=\"widget\" data-widget_type=\"image.default\">\n\t\t\t\t<div class=\"elementor-widget-container\">\n\t\t\t\t\t\t\t\t\t\t\t\t\t\t\t<img loading=\"lazy\" decoding=\"async\" width=\"80\" height=\"78\" src=\"https:\/\/www.lidl-kochen.de\/kochideen\/wp-content\/uploads\/2020\/12\/Schwierigkeit.png\" class=\"attachment-large size-large wp-image-154\" alt=\"\" \/>\t\t\t\t\t\t\t\t\t\t\t\t\t\t\t<\/div>\n\t\t\t\t<\/div>\n\t\t\t\t\t<\/div>\n\t\t<\/div>\n\t\t\t\t<div class=\"elementor-column elementor-col-20 elementor-inner-column elementor-element elementor-element-9ce1b08\" data-id=\"9ce1b08\" data-element_type=\"column\" data-e-type=\"column\" data-settings=\"{&quot;background_background&quot;:&quot;classic&quot;,&quot;_ob_teleporter_use&quot;:false}\">\n\t\t\t<div class=\"elementor-widget-wrap elementor-element-populated\">\n\t\t\t\t\t\t<div class=\"elementor-element elementor-element-988ccd5 elementor-widget elementor-widget-heading\" data-id=\"988ccd5\" data-element_type=\"widget\" data-e-type=\"widget\" data-widget_type=\"heading.default\">\n\t\t\t\t<div class=\"elementor-widget-container\">\n\t\t\t\t\t<div class=\"elementor-heading-title elementor-size-default\">Schwierigkeit<\/div>\t\t\t\t<\/div>\n\t\t\t\t<\/div>\n\t\t\t\t<div class=\"elementor-element elementor-element-9d70fd3 elementor-widget elementor-widget-heading\" data-id=\"9d70fd3\" data-element_type=\"widget\" data-e-type=\"widget\" data-widget_type=\"heading.default\">\n\t\t\t\t<div class=\"elementor-widget-container\">\n\t\t\t\t\t<div class=\"elementor-heading-title elementor-size-default\">Einfach<\/div>\t\t\t\t<\/div>\n\t\t\t\t<\/div>\n\t\t\t\t\t<\/div>\n\t\t<\/div>\n\t\t\t\t\t<\/div>\n\t\t<\/section>\n\t\t\t\t<section class=\"elementor-section elementor-inner-section elementor-element elementor-element-8447497 elementor-section-full_width elementor-section-height-default elementor-section-height-default\" data-id=\"8447497\" data-element_type=\"section\" data-e-type=\"section\" data-settings=\"{&quot;jet_parallax_layout_list&quot;:[{&quot;jet_parallax_layout_image&quot;:{&quot;url&quot;:&quot;&quot;,&quot;id&quot;:&quot;&quot;,&quot;size&quot;:&quot;&quot;},&quot;_id&quot;:&quot;acc9d8b&quot;,&quot;jet_parallax_layout_image_tablet&quot;:{&quot;url&quot;:&quot;&quot;,&quot;id&quot;:&quot;&quot;,&quot;size&quot;:&quot;&quot;},&quot;jet_parallax_layout_image_mobile&quot;:{&quot;url&quot;:&quot;&quot;,&quot;id&quot;:&quot;&quot;,&quot;size&quot;:&quot;&quot;},&quot;jet_parallax_layout_speed&quot;:{&quot;unit&quot;:&quot;%&quot;,&quot;size&quot;:50,&quot;sizes&quot;:[]},&quot;jet_parallax_layout_type&quot;:&quot;scroll&quot;,&quot;jet_parallax_layout_direction&quot;:&quot;1&quot;,&quot;jet_parallax_layout_fx_direction&quot;:null,&quot;jet_parallax_layout_z_index&quot;:&quot;&quot;,&quot;jet_parallax_layout_bg_x&quot;:50,&quot;jet_parallax_layout_bg_x_tablet&quot;:&quot;&quot;,&quot;jet_parallax_layout_bg_x_mobile&quot;:&quot;&quot;,&quot;jet_parallax_layout_bg_y&quot;:50,&quot;jet_parallax_layout_bg_y_tablet&quot;:&quot;&quot;,&quot;jet_parallax_layout_bg_y_mobile&quot;:&quot;&quot;,&quot;jet_parallax_layout_bg_size&quot;:&quot;auto&quot;,&quot;jet_parallax_layout_bg_size_tablet&quot;:&quot;&quot;,&quot;jet_parallax_layout_bg_size_mobile&quot;:&quot;&quot;,&quot;jet_parallax_layout_animation_prop&quot;:&quot;transform&quot;,&quot;jet_parallax_layout_on&quot;:[&quot;desktop&quot;,&quot;tablet&quot;]}]}\">\n\t\t\t\t\t\t<div class=\"elementor-container elementor-column-gap-default\">\n\t\t\t\t\t<div class=\"elementor-column elementor-col-50 elementor-inner-column elementor-element elementor-element-d92ada4 elementor-hidden-tablet\" data-id=\"d92ada4\" data-element_type=\"column\" data-e-type=\"column\" data-settings=\"{&quot;_ob_teleporter_use&quot;:false}\">\n\t\t\t<div class=\"elementor-widget-wrap\">\n\t\t\t\t\t\t\t<\/div>\n\t\t<\/div>\n\t\t\t\t<div class=\"elementor-column elementor-col-50 elementor-inner-column elementor-element elementor-element-e651b77\" data-id=\"e651b77\" data-element_type=\"column\" data-e-type=\"column\" data-settings=\"{&quot;_ob_teleporter_use&quot;:false}\">\n\t\t\t<div class=\"elementor-widget-wrap elementor-element-populated\">\n\t\t\t\t\t\t<div class=\"elementor-element elementor-element-a80a4b2 elementor-widget elementor-widget-heading\" data-id=\"a80a4b2\" data-element_type=\"widget\" data-e-type=\"widget\" data-widget_type=\"heading.default\">\n\t\t\t\t<div class=\"elementor-widget-container\">\n\t\t\t\t\t<div class=\"elementor-heading-title elementor-size-default\"><a href=\"https:\/\/www.lidl-kochen.de\/rezeptwelt\/thai-salat-mit-vemondo-hack-323635?utm_source=lk_magazin&#038;utm_medium=rezept&#038;utm_campaign=magazin\">Thai-Salat mit Vemondo Hack<\/a><\/div>\t\t\t\t<\/div>\n\t\t\t\t<\/div>\n\t\t\t\t\t<\/div>\n\t\t<\/div>\n\t\t\t\t\t<\/div>\n\t\t<\/section>\n\t\t\t\t\t<\/div>\n\t\t<\/div>\n\t\t\t\t\t<\/div>\n\t\t<\/section>\n\t\t\t\t<\/div>\n\t\t<a href=\"https:\/\/www.lidl-kochen.de\/rezeptwelt\/thai-salat-mit-vemondo-hack-323635?utm_source=lk_magazin&amp;utm_medium=rezept&amp;utm_campaign=magazin\" class=\"jet-engine-listing-overlay-link\"><\/a><\/div><\/div><\/div><\/div>\t\t\t\t<\/div>\n\t\t\t\t<\/div>\n\t\t\t\t\t<\/div>\n\t\t<\/div>\n\t\t\t\t\t<\/div>\n\t\t<\/section>\n\t\t\t\t<\/div>\n\t\t\n\n\n\n<h2 class=\"wp-block-heading\">Zusammengefasst: diese Gr\u00fcnde k\u00f6nnen f\u00fcr eine vegane Ern\u00e4hrung sprechen<\/h2>\n\n\n\n<p>Wie bereits erw\u00e4hnt, entscheiden sich Menschen heutzutage aus den unterschiedlichsten Gr\u00fcnden dazu, vegan zu leben.<\/p>\n\n\n\n<p>Vor allem aufgrund:<\/p>\n\n\n\n<ul class=\"wp-block-list\"><li>der eigenen Gesundheit<\/li><li>des Wunsches, die Natur zu sch\u00fctzen<\/li><li>ethischer Werte<\/li><\/ul>\n\n\n\n<p>f\u00e4llt oft der Entschluss, auf Fleisch und alle anderen tierischen Produkte zu verzichten. Doch keine Sorge! Wer sich nicht direkt mit der veganen Ern\u00e4hrungsweise und einer entsprechenden Umstellung anfreunden kann, muss nicht verzagen. Viele Veganer finden ihren Weg zur tierprodukt-freien Ern\u00e4hrung \u00fcber den Vegetarismus bzw. \u00fcber zun\u00e4chst ein bis zwei vegane Tage in der Woche. <br>Eins steht fest: Wir unterst\u00fctzen dich mit den passenden Rezeptinspirationen!<\/p>\n\n\n\n<p><em>Alle Informationen wurden nach bestem Wissen und Gewissen zusammengestellt, jedoch ohne Anspruch auf Vollst\u00e4ndigkeit und inhaltliche Richtigkeit.<\/em> <em>F\u00fcr genauere Infos empfehlen wir Dir, Deinen Arzt zu konsultieren.<\/em><\/p>\n","protected":false},"excerpt":{"rendered":"<p>Die Gr\u00fcnde, die Menschen dazu bewegen, sich vegan zu ern\u00e4hren, sind vielseitig. Immer wieder wird in diesem Zusammenhang auf gesundheitliche Aspekte verwiesen. H\u00e4ufig fallen jedoch auch Begriffe, wie zum Beispiel \u201eTierrechte\u201c, \u201eEthik\u201c und \u201eKlimaschutz\u201c.<\/p>\n","protected":false},"author":9,"featured_media":2979,"comment_status":"closed","ping_status":"open","sticky":false,"template":"","format":"standard","meta":{"_acf_changed":false,"footnotes":""},"categories":[244],"tags":[],"schlagworte":[43,23],"class_list":["post-2978","post","type-post","status-publish","format-standard","has-post-thumbnail","hentry","category-veganes-kochen","schlagworte-produkt","schlagworte-vegan"],"acf":[],"yoast_head":"<!-- This site is optimized with the Yoast SEO plugin v27.4 - https:\/\/yoast.com\/product\/yoast-seo-wordpress\/ -->\n<title>Welche Gr\u00fcnde sprechen f\u00fcr eine vegane Ern\u00e4hrung? | Lidl Kochen<\/title>\n<meta name=\"description\" content=\"Die Gr\u00fcnde, sich vegan zu ern\u00e4hren, sind vielseitig. Hier erf\u00e4hrst du mehr \u00fcber die gesundheitlichen und weiteren Aspekte.\" \/>\n<meta name=\"robots\" content=\"index, follow, max-snippet:-1, max-image-preview:large, max-video-preview:-1\" \/>\n<link rel=\"canonical\" href=\"https:\/\/www.lidl-kochen.de\/kochideen\/gruende-fuer-die-vegane-ernaehrung\/\" \/>\n<meta property=\"og:locale\" content=\"de_DE\" \/>\n<meta property=\"og:type\" content=\"article\" \/>\n<meta property=\"og:title\" content=\"Welche Gr\u00fcnde sprechen f\u00fcr eine vegane Ern\u00e4hrung? | Lidl Kochen\" \/>\n<meta property=\"og:description\" content=\"Die Gr\u00fcnde, sich vegan zu ern\u00e4hren, sind vielseitig. Hier erf\u00e4hrst du mehr \u00fcber die gesundheitlichen und weiteren Aspekte.\" \/>\n<meta property=\"og:url\" content=\"https:\/\/www.lidl-kochen.de\/kochideen\/gruende-fuer-die-vegane-ernaehrung\/\" \/>\n<meta property=\"og:site_name\" content=\"Lidl Kochen Magazin\" \/>\n<meta property=\"article:published_time\" content=\"2021-06-10T09:54:26+00:00\" \/>\n<meta property=\"article:modified_time\" content=\"2023-06-20T08:30:04+00:00\" \/>\n<meta property=\"og:image\" content=\"https:\/\/www.lidl-kochen.de\/kochideen\/wp-content\/uploads\/2021\/06\/welche-gru\u0308nde-sprechen-fu\u0308r-eine-vegane-erna\u0308hrung.jpg\" \/>\n\t<meta property=\"og:image:width\" content=\"1024\" \/>\n\t<meta property=\"og:image:height\" content=\"683\" \/>\n\t<meta property=\"og:image:type\" content=\"image\/jpeg\" \/>\n<meta name=\"author\" content=\"Alannah Lindenberger\" \/>\n<meta name=\"twitter:card\" content=\"summary_large_image\" \/>\n<meta name=\"twitter:label1\" content=\"Verfasst von\" \/>\n\t<meta name=\"twitter:data1\" content=\"Alannah Lindenberger\" \/>\n\t<meta name=\"twitter:label2\" content=\"Gesch\u00e4tzte Lesezeit\" \/>\n\t<meta name=\"twitter:data2\" content=\"4\u00a0Minuten\" \/>\n<script type=\"application\/ld+json\" class=\"yoast-schema-graph\">{\"@context\":\"https:\\\/\\\/schema.org\",\"@graph\":[{\"@type\":\"Article\",\"@id\":\"https:\\\/\\\/www.lidl-kochen.de\\\/kochideen\\\/gruende-fuer-die-vegane-ernaehrung\\\/#article\",\"isPartOf\":{\"@id\":\"https:\\\/\\\/www.lidl-kochen.de\\\/kochideen\\\/gruende-fuer-die-vegane-ernaehrung\\\/\"},\"author\":{\"name\":\"Alannah Lindenberger\",\"@id\":\"https:\\\/\\\/www.lidl-kochen.de\\\/kochideen\\\/#\\\/schema\\\/person\\\/faa25f253d04ef10b5e9249c58c6809d\"},\"headline\":\"Welche Gr\u00fcnde sprechen f\u00fcr eine vegane Ern\u00e4hrung?\",\"datePublished\":\"2021-06-10T09:54:26+00:00\",\"dateModified\":\"2023-06-20T08:30:04+00:00\",\"mainEntityOfPage\":{\"@id\":\"https:\\\/\\\/www.lidl-kochen.de\\\/kochideen\\\/gruende-fuer-die-vegane-ernaehrung\\\/\"},\"wordCount\":793,\"image\":{\"@id\":\"https:\\\/\\\/www.lidl-kochen.de\\\/kochideen\\\/gruende-fuer-die-vegane-ernaehrung\\\/#primaryimage\"},\"thumbnailUrl\":\"https:\\\/\\\/www.lidl-kochen.de\\\/kochideen\\\/wp-content\\\/uploads\\\/2021\\\/06\\\/welche-gru\u0308nde-sprechen-fu\u0308r-eine-vegane-erna\u0308hrung.jpg\",\"articleSection\":[\"Vegane K\u00fcche\"],\"inLanguage\":\"de\"},{\"@type\":\"WebPage\",\"@id\":\"https:\\\/\\\/www.lidl-kochen.de\\\/kochideen\\\/gruende-fuer-die-vegane-ernaehrung\\\/\",\"url\":\"https:\\\/\\\/www.lidl-kochen.de\\\/kochideen\\\/gruende-fuer-die-vegane-ernaehrung\\\/\",\"name\":\"Welche Gr\u00fcnde sprechen f\u00fcr eine vegane Ern\u00e4hrung? | Lidl Kochen\",\"isPartOf\":{\"@id\":\"https:\\\/\\\/www.lidl-kochen.de\\\/kochideen\\\/#website\"},\"primaryImageOfPage\":{\"@id\":\"https:\\\/\\\/www.lidl-kochen.de\\\/kochideen\\\/gruende-fuer-die-vegane-ernaehrung\\\/#primaryimage\"},\"image\":{\"@id\":\"https:\\\/\\\/www.lidl-kochen.de\\\/kochideen\\\/gruende-fuer-die-vegane-ernaehrung\\\/#primaryimage\"},\"thumbnailUrl\":\"https:\\\/\\\/www.lidl-kochen.de\\\/kochideen\\\/wp-content\\\/uploads\\\/2021\\\/06\\\/welche-gru\u0308nde-sprechen-fu\u0308r-eine-vegane-erna\u0308hrung.jpg\",\"datePublished\":\"2021-06-10T09:54:26+00:00\",\"dateModified\":\"2023-06-20T08:30:04+00:00\",\"author\":{\"@id\":\"https:\\\/\\\/www.lidl-kochen.de\\\/kochideen\\\/#\\\/schema\\\/person\\\/faa25f253d04ef10b5e9249c58c6809d\"},\"description\":\"Die Gr\u00fcnde, sich vegan zu ern\u00e4hren, sind vielseitig. Hier erf\u00e4hrst du mehr \u00fcber die gesundheitlichen und weiteren Aspekte.\",\"breadcrumb\":{\"@id\":\"https:\\\/\\\/www.lidl-kochen.de\\\/kochideen\\\/gruende-fuer-die-vegane-ernaehrung\\\/#breadcrumb\"},\"inLanguage\":\"de\",\"potentialAction\":[{\"@type\":\"ReadAction\",\"target\":[\"https:\\\/\\\/www.lidl-kochen.de\\\/kochideen\\\/gruende-fuer-die-vegane-ernaehrung\\\/\"]}]},{\"@type\":\"ImageObject\",\"inLanguage\":\"de\",\"@id\":\"https:\\\/\\\/www.lidl-kochen.de\\\/kochideen\\\/gruende-fuer-die-vegane-ernaehrung\\\/#primaryimage\",\"url\":\"https:\\\/\\\/www.lidl-kochen.de\\\/kochideen\\\/wp-content\\\/uploads\\\/2021\\\/06\\\/welche-gru\u0308nde-sprechen-fu\u0308r-eine-vegane-erna\u0308hrung.jpg\",\"contentUrl\":\"https:\\\/\\\/www.lidl-kochen.de\\\/kochideen\\\/wp-content\\\/uploads\\\/2021\\\/06\\\/welche-gru\u0308nde-sprechen-fu\u0308r-eine-vegane-erna\u0308hrung.jpg\",\"width\":1024,\"height\":683,\"caption\":\"welche-gru\u0308nde-sprechen-fu\u0308r-eine-vegane-erna\u0308hrung\"},{\"@type\":\"BreadcrumbList\",\"@id\":\"https:\\\/\\\/www.lidl-kochen.de\\\/kochideen\\\/gruende-fuer-die-vegane-ernaehrung\\\/#breadcrumb\",\"itemListElement\":[{\"@type\":\"ListItem\",\"position\":1,\"name\":\"Startseite\",\"item\":\"https:\\\/\\\/www.lidl-kochen.de\\\/kochideen\\\/\"},{\"@type\":\"ListItem\",\"position\":2,\"name\":\"Welche Gr\u00fcnde sprechen f\u00fcr eine vegane Ern\u00e4hrung?\"}]},{\"@type\":\"WebSite\",\"@id\":\"https:\\\/\\\/www.lidl-kochen.de\\\/kochideen\\\/#website\",\"url\":\"https:\\\/\\\/www.lidl-kochen.de\\\/kochideen\\\/\",\"name\":\"Lidl Kochen Magazin\",\"description\":\"Das Magazin rund ums Kochen\",\"potentialAction\":[{\"@type\":\"SearchAction\",\"target\":{\"@type\":\"EntryPoint\",\"urlTemplate\":\"https:\\\/\\\/www.lidl-kochen.de\\\/kochideen\\\/?s={search_term_string}\"},\"query-input\":{\"@type\":\"PropertyValueSpecification\",\"valueRequired\":true,\"valueName\":\"search_term_string\"}}],\"inLanguage\":\"de\"},{\"@type\":\"Person\",\"@id\":\"https:\\\/\\\/www.lidl-kochen.de\\\/kochideen\\\/#\\\/schema\\\/person\\\/faa25f253d04ef10b5e9249c58c6809d\",\"name\":\"Alannah Lindenberger\",\"image\":{\"@type\":\"ImageObject\",\"inLanguage\":\"de\",\"@id\":\"https:\\\/\\\/secure.gravatar.com\\\/avatar\\\/2f30400ddd0fec1b0000c3b176f463c1bed4ec2a2accdbeac38334498cffa257?s=96&d=mm&r=g\",\"url\":\"https:\\\/\\\/secure.gravatar.com\\\/avatar\\\/2f30400ddd0fec1b0000c3b176f463c1bed4ec2a2accdbeac38334498cffa257?s=96&d=mm&r=g\",\"contentUrl\":\"https:\\\/\\\/secure.gravatar.com\\\/avatar\\\/2f30400ddd0fec1b0000c3b176f463c1bed4ec2a2accdbeac38334498cffa257?s=96&d=mm&r=g\",\"caption\":\"Alannah Lindenberger\"}}]}<\/script>\n<!-- \/ Yoast SEO plugin. -->","yoast_head_json":{"title":"Welche Gr\u00fcnde sprechen f\u00fcr eine vegane Ern\u00e4hrung? | Lidl Kochen","description":"Die Gr\u00fcnde, sich vegan zu ern\u00e4hren, sind vielseitig. Hier erf\u00e4hrst du mehr \u00fcber die gesundheitlichen und weiteren Aspekte.","robots":{"index":"index","follow":"follow","max-snippet":"max-snippet:-1","max-image-preview":"max-image-preview:large","max-video-preview":"max-video-preview:-1"},"canonical":"https:\/\/www.lidl-kochen.de\/kochideen\/gruende-fuer-die-vegane-ernaehrung\/","og_locale":"de_DE","og_type":"article","og_title":"Welche Gr\u00fcnde sprechen f\u00fcr eine vegane Ern\u00e4hrung? | Lidl Kochen","og_description":"Die Gr\u00fcnde, sich vegan zu ern\u00e4hren, sind vielseitig. Hier erf\u00e4hrst du mehr \u00fcber die gesundheitlichen und weiteren Aspekte.","og_url":"https:\/\/www.lidl-kochen.de\/kochideen\/gruende-fuer-die-vegane-ernaehrung\/","og_site_name":"Lidl Kochen Magazin","article_published_time":"2021-06-10T09:54:26+00:00","article_modified_time":"2023-06-20T08:30:04+00:00","og_image":[{"width":1024,"height":683,"url":"https:\/\/www.lidl-kochen.de\/kochideen\/wp-content\/uploads\/2021\/06\/welche-gru\u0308nde-sprechen-fu\u0308r-eine-vegane-erna\u0308hrung.jpg","type":"image\/jpeg"}],"author":"Alannah Lindenberger","twitter_card":"summary_large_image","twitter_misc":{"Verfasst von":"Alannah Lindenberger","Gesch\u00e4tzte Lesezeit":"4\u00a0Minuten"},"schema":{"@context":"https:\/\/schema.org","@graph":[{"@type":"Article","@id":"https:\/\/www.lidl-kochen.de\/kochideen\/gruende-fuer-die-vegane-ernaehrung\/#article","isPartOf":{"@id":"https:\/\/www.lidl-kochen.de\/kochideen\/gruende-fuer-die-vegane-ernaehrung\/"},"author":{"name":"Alannah Lindenberger","@id":"https:\/\/www.lidl-kochen.de\/kochideen\/#\/schema\/person\/faa25f253d04ef10b5e9249c58c6809d"},"headline":"Welche Gr\u00fcnde sprechen f\u00fcr eine vegane Ern\u00e4hrung?","datePublished":"2021-06-10T09:54:26+00:00","dateModified":"2023-06-20T08:30:04+00:00","mainEntityOfPage":{"@id":"https:\/\/www.lidl-kochen.de\/kochideen\/gruende-fuer-die-vegane-ernaehrung\/"},"wordCount":793,"image":{"@id":"https:\/\/www.lidl-kochen.de\/kochideen\/gruende-fuer-die-vegane-ernaehrung\/#primaryimage"},"thumbnailUrl":"https:\/\/www.lidl-kochen.de\/kochideen\/wp-content\/uploads\/2021\/06\/welche-gru\u0308nde-sprechen-fu\u0308r-eine-vegane-erna\u0308hrung.jpg","articleSection":["Vegane K\u00fcche"],"inLanguage":"de"},{"@type":"WebPage","@id":"https:\/\/www.lidl-kochen.de\/kochideen\/gruende-fuer-die-vegane-ernaehrung\/","url":"https:\/\/www.lidl-kochen.de\/kochideen\/gruende-fuer-die-vegane-ernaehrung\/","name":"Welche Gr\u00fcnde sprechen f\u00fcr eine vegane Ern\u00e4hrung? | Lidl Kochen","isPartOf":{"@id":"https:\/\/www.lidl-kochen.de\/kochideen\/#website"},"primaryImageOfPage":{"@id":"https:\/\/www.lidl-kochen.de\/kochideen\/gruende-fuer-die-vegane-ernaehrung\/#primaryimage"},"image":{"@id":"https:\/\/www.lidl-kochen.de\/kochideen\/gruende-fuer-die-vegane-ernaehrung\/#primaryimage"},"thumbnailUrl":"https:\/\/www.lidl-kochen.de\/kochideen\/wp-content\/uploads\/2021\/06\/welche-gru\u0308nde-sprechen-fu\u0308r-eine-vegane-erna\u0308hrung.jpg","datePublished":"2021-06-10T09:54:26+00:00","dateModified":"2023-06-20T08:30:04+00:00","author":{"@id":"https:\/\/www.lidl-kochen.de\/kochideen\/#\/schema\/person\/faa25f253d04ef10b5e9249c58c6809d"},"description":"Die Gr\u00fcnde, sich vegan zu ern\u00e4hren, sind vielseitig. Hier erf\u00e4hrst du mehr \u00fcber die gesundheitlichen und weiteren Aspekte.","breadcrumb":{"@id":"https:\/\/www.lidl-kochen.de\/kochideen\/gruende-fuer-die-vegane-ernaehrung\/#breadcrumb"},"inLanguage":"de","potentialAction":[{"@type":"ReadAction","target":["https:\/\/www.lidl-kochen.de\/kochideen\/gruende-fuer-die-vegane-ernaehrung\/"]}]},{"@type":"ImageObject","inLanguage":"de","@id":"https:\/\/www.lidl-kochen.de\/kochideen\/gruende-fuer-die-vegane-ernaehrung\/#primaryimage","url":"https:\/\/www.lidl-kochen.de\/kochideen\/wp-content\/uploads\/2021\/06\/welche-gru\u0308nde-sprechen-fu\u0308r-eine-vegane-erna\u0308hrung.jpg","contentUrl":"https:\/\/www.lidl-kochen.de\/kochideen\/wp-content\/uploads\/2021\/06\/welche-gru\u0308nde-sprechen-fu\u0308r-eine-vegane-erna\u0308hrung.jpg","width":1024,"height":683,"caption":"welche-gru\u0308nde-sprechen-fu\u0308r-eine-vegane-erna\u0308hrung"},{"@type":"BreadcrumbList","@id":"https:\/\/www.lidl-kochen.de\/kochideen\/gruende-fuer-die-vegane-ernaehrung\/#breadcrumb","itemListElement":[{"@type":"ListItem","position":1,"name":"Startseite","item":"https:\/\/www.lidl-kochen.de\/kochideen\/"},{"@type":"ListItem","position":2,"name":"Welche Gr\u00fcnde sprechen f\u00fcr eine vegane Ern\u00e4hrung?"}]},{"@type":"WebSite","@id":"https:\/\/www.lidl-kochen.de\/kochideen\/#website","url":"https:\/\/www.lidl-kochen.de\/kochideen\/","name":"Lidl Kochen Magazin","description":"Das Magazin rund ums Kochen","potentialAction":[{"@type":"SearchAction","target":{"@type":"EntryPoint","urlTemplate":"https:\/\/www.lidl-kochen.de\/kochideen\/?s={search_term_string}"},"query-input":{"@type":"PropertyValueSpecification","valueRequired":true,"valueName":"search_term_string"}}],"inLanguage":"de"},{"@type":"Person","@id":"https:\/\/www.lidl-kochen.de\/kochideen\/#\/schema\/person\/faa25f253d04ef10b5e9249c58c6809d","name":"Alannah Lindenberger","image":{"@type":"ImageObject","inLanguage":"de","@id":"https:\/\/secure.gravatar.com\/avatar\/2f30400ddd0fec1b0000c3b176f463c1bed4ec2a2accdbeac38334498cffa257?s=96&d=mm&r=g","url":"https:\/\/secure.gravatar.com\/avatar\/2f30400ddd0fec1b0000c3b176f463c1bed4ec2a2accdbeac38334498cffa257?s=96&d=mm&r=g","contentUrl":"https:\/\/secure.gravatar.com\/avatar\/2f30400ddd0fec1b0000c3b176f463c1bed4ec2a2accdbeac38334498cffa257?s=96&d=mm&r=g","caption":"Alannah Lindenberger"}}]}},"_links":{"self":[{"href":"https:\/\/www.lidl-kochen.de\/kochideen\/wp-json\/wp\/v2\/posts\/2978","targetHints":{"allow":["GET"]}}],"collection":[{"href":"https:\/\/www.lidl-kochen.de\/kochideen\/wp-json\/wp\/v2\/posts"}],"about":[{"href":"https:\/\/www.lidl-kochen.de\/kochideen\/wp-json\/wp\/v2\/types\/post"}],"author":[{"embeddable":true,"href":"https:\/\/www.lidl-kochen.de\/kochideen\/wp-json\/wp\/v2\/users\/9"}],"replies":[{"embeddable":true,"href":"https:\/\/www.lidl-kochen.de\/kochideen\/wp-json\/wp\/v2\/comments?post=2978"}],"version-history":[{"count":2,"href":"https:\/\/www.lidl-kochen.de\/kochideen\/wp-json\/wp\/v2\/posts\/2978\/revisions"}],"predecessor-version":[{"id":2986,"href":"https:\/\/www.lidl-kochen.de\/kochideen\/wp-json\/wp\/v2\/posts\/2978\/revisions\/2986"}],"wp:featuredmedia":[{"embeddable":true,"href":"https:\/\/www.lidl-kochen.de\/kochideen\/wp-json\/wp\/v2\/media\/2979"}],"wp:attachment":[{"href":"https:\/\/www.lidl-kochen.de\/kochideen\/wp-json\/wp\/v2\/media?parent=2978"}],"wp:term":[{"taxonomy":"category","embeddable":true,"href":"https:\/\/www.lidl-kochen.de\/kochideen\/wp-json\/wp\/v2\/categories?post=2978"},{"taxonomy":"post_tag","embeddable":true,"href":"https:\/\/www.lidl-kochen.de\/kochideen\/wp-json\/wp\/v2\/tags?post=2978"},{"taxonomy":"schlagworte","embeddable":true,"href":"https:\/\/www.lidl-kochen.de\/kochideen\/wp-json\/wp\/v2\/schlagworte?post=2978"}],"curies":[{"name":"wp","href":"https:\/\/api.w.org\/{rel}","templated":true}]}}