{"id":2621,"date":"2021-04-15T06:30:42","date_gmt":"2021-04-15T06:30:42","guid":{"rendered":"https:\/\/www.lidl-kochen.de\/kochideen\/?p=2621"},"modified":"2023-06-20T10:30:28","modified_gmt":"2023-06-20T08:30:28","slug":"was-bedeutet-eigentlich-blanchieren-und-worin-liegen-die-vorteile","status":"publish","type":"post","link":"https:\/\/www.lidl-kochen.de\/kochideen\/was-bedeutet-eigentlich-blanchieren-und-worin-liegen-die-vorteile\/","title":{"rendered":"Was bedeutet eigentlich Blanchieren und worin liegen die Vorteile?"},"content":{"rendered":"\n<p>Mit \u201eblanchieren\u201c ist eine kurzzeitige thermische Behandlung von Lebensmitteln gemeint. Die betreffenden Speisen werden zun\u00e4chst erw\u00e4rmt und dann schnell wieder heruntergek\u00fchlt.<\/p>\n\n\n\n<p>Der Ursprung des Wortes liegt in der franz\u00f6sischen Sprache. In der reinen \u00dcbersetzung bedeutet dieser Begriff so viel wie \u201ewei\u00df machen\u201c.<\/p>\n\n\n\n<p>Der Begriff r\u00fchrt daher, dass blanchiertes Fleisch tats\u00e4chlich hell bzw. wei\u00df wird. Gleichzeitig werden die Haut und das Fleisch w\u00e4hrend des Prozesses fester.<\/p>\n\n\n\n<p>In vielen Kochb\u00fcchern ist heute jedoch von \u201eBr\u00fchen\u201c oder \u201e\u00dcberbr\u00fchen\u201c die Rede.<\/p>\n\n\n\n<h2 class=\"wp-block-heading\">Wie wird blanchiert?<\/h2>\n\n\n\n<p>Um zu blanchieren braucht es nicht viel. Ein einfacher Kochtopf ist in der Regel vollkommen ausreichend. Die Dauer des Blanchierens ist vor allem vom jeweiligen Lebensmittel abh\u00e4ngig.<\/p>\n\n\n\n<p>Mittlerweile hat es sich durchgesetzt, dass vor allem Gem\u00fcse und Pilze blanchiert werden.<\/p>\n\n\n\n<p>Hierf\u00fcr wird das Gem\u00fcse bzw. werden die Pilze gewaschen und &#8211; wenn n\u00f6tig &#8211; in St\u00fccke geschnitten.<\/p>\n\n\n\n<p>Danach wird ein Topf mit leicht gesalzenem Wasser zum Kochen gebracht. Anschlie\u00dfend kann das Gem\u00fcse auch schon in den Kochtopf gelegt werden.<\/p>\n\n\n\n<p>Exakt an dieser Stelle kommt die \u201eGrundregel\u201c, dass verschiedene Lebensmittel auch unterschiedlich lange blanchiert werden, ins Spiel. Denn: frischer Spinat ben\u00f6tigt zum Blanchieren nur wenige Sekunden, w\u00e4hrend Kohlrabi mehrere Minuten lang \u201ewei\u00df gemacht\u201c werden muss.<\/p>\n\n\n\n<p>Eine Besonderheit des Blanchierens ist, dass das Gem\u00fcse mit eiskaltem Wasser abgeschreckt und so abgek\u00fchlt wird. (Hierf\u00fcr sollte \u00fcbrigens tats\u00e4chlich EISkaltes Wasser genutzt werden. Eine Sch\u00fcssel mit Eisw\u00fcrfeln und kaltem Wasser eignet sich perfekt.) Durch dieses Procedere wird der Garprozess gestoppt.<\/p>\n\n\n\n<p>Ab jetzt ist es m\u00f6glich, das Gem\u00fcse bzw. die blanchierte Speise direkt weiterzuverarbeiten oder einzufrieren.<\/p>\n\n\n\t\t<div data-elementor-type=\"section\" data-elementor-id=\"437\" class=\"elementor elementor-437\" data-elementor-post-type=\"elementor_library\">\n\t\t\t\t\t<section class=\"elementor-section elementor-top-section elementor-element elementor-element-27cebaf4 elementor-section-full_width elementor-section-height-default elementor-section-height-default\" data-id=\"27cebaf4\" data-element_type=\"section\" data-e-type=\"section\" data-settings=\"{&quot;jet_parallax_layout_list&quot;:[{&quot;jet_parallax_layout_image&quot;:{&quot;url&quot;:&quot;&quot;,&quot;id&quot;:&quot;&quot;,&quot;size&quot;:&quot;&quot;},&quot;_id&quot;:&quot;72f4053&quot;,&quot;jet_parallax_layout_image_tablet&quot;:{&quot;url&quot;:&quot;&quot;,&quot;id&quot;:&quot;&quot;,&quot;size&quot;:&quot;&quot;},&quot;jet_parallax_layout_image_mobile&quot;:{&quot;url&quot;:&quot;&quot;,&quot;id&quot;:&quot;&quot;,&quot;size&quot;:&quot;&quot;},&quot;jet_parallax_layout_speed&quot;:{&quot;unit&quot;:&quot;%&quot;,&quot;size&quot;:50,&quot;sizes&quot;:[]},&quot;jet_parallax_layout_type&quot;:&quot;scroll&quot;,&quot;jet_parallax_layout_direction&quot;:&quot;1&quot;,&quot;jet_parallax_layout_fx_direction&quot;:null,&quot;jet_parallax_layout_z_index&quot;:&quot;&quot;,&quot;jet_parallax_layout_bg_x&quot;:50,&quot;jet_parallax_layout_bg_x_tablet&quot;:&quot;&quot;,&quot;jet_parallax_layout_bg_x_mobile&quot;:&quot;&quot;,&quot;jet_parallax_layout_bg_y&quot;:50,&quot;jet_parallax_layout_bg_y_tablet&quot;:&quot;&quot;,&quot;jet_parallax_layout_bg_y_mobile&quot;:&quot;&quot;,&quot;jet_parallax_layout_bg_size&quot;:&quot;auto&quot;,&quot;jet_parallax_layout_bg_size_tablet&quot;:&quot;&quot;,&quot;jet_parallax_layout_bg_size_mobile&quot;:&quot;&quot;,&quot;jet_parallax_layout_animation_prop&quot;:&quot;transform&quot;,&quot;jet_parallax_layout_on&quot;:[&quot;desktop&quot;,&quot;tablet&quot;]}]}\">\n\t\t\t\t\t\t<div class=\"elementor-container elementor-column-gap-default\">\n\t\t\t\t\t<div class=\"elementor-column elementor-col-100 elementor-top-column elementor-element elementor-element-593b90d9\" data-id=\"593b90d9\" data-element_type=\"column\" data-e-type=\"column\" data-settings=\"{&quot;_ob_teleporter_use&quot;:false}\">\n\t\t\t<div class=\"elementor-widget-wrap elementor-element-populated\">\n\t\t\t\t\t\t<div class=\"elementor-element elementor-element-2b7ca800 elementor-widget elementor-widget-jet-listing-grid\" data-id=\"2b7ca800\" data-element_type=\"widget\" data-e-type=\"widget\" data-settings=\"{&quot;columns&quot;:&quot;1&quot;}\" data-widget_type=\"jet-listing-grid.default\">\n\t\t\t\t<div class=\"elementor-widget-container\">\n\t\t\t\t\t<div class=\"jet-listing-grid jet-listing\"><div class=\"jet-listing-not-found jet-listing-grid__items\" data-nav=\"{&quot;enabled&quot;:false,&quot;type&quot;:null,&quot;more_el&quot;:null,&quot;query&quot;:[],&quot;widget_settings&quot;:{&quot;lisitng_id&quot;:425,&quot;posts_num&quot;:1,&quot;columns&quot;:1,&quot;columns_tablet&quot;:1,&quot;columns_mobile&quot;:1,&quot;column_min_width&quot;:240,&quot;column_min_width_tablet&quot;:240,&quot;column_min_width_mobile&quot;:240,&quot;inline_columns_css&quot;:false,&quot;is_archive_template&quot;:&quot;&quot;,&quot;post_status&quot;:[&quot;publish&quot;],&quot;use_random_posts_num&quot;:&quot;&quot;,&quot;max_posts_num&quot;:9,&quot;not_found_message&quot;:&quot;No data was found&quot;,&quot;is_masonry&quot;:false,&quot;equal_columns_height&quot;:&quot;&quot;,&quot;use_load_more&quot;:&quot;&quot;,&quot;load_more_id&quot;:&quot;&quot;,&quot;load_more_type&quot;:&quot;click&quot;,&quot;load_more_offset&quot;:{&quot;unit&quot;:&quot;px&quot;,&quot;size&quot;:0,&quot;sizes&quot;:[]},&quot;use_custom_post_types&quot;:&quot;&quot;,&quot;custom_post_types&quot;:[],&quot;hide_widget_if&quot;:&quot;&quot;,&quot;carousel_enabled&quot;:&quot;&quot;,&quot;slides_to_scroll&quot;:&quot;1&quot;,&quot;arrows&quot;:&quot;true&quot;,&quot;arrow_icon&quot;:&quot;fa fa-angle-left&quot;,&quot;dots&quot;:&quot;&quot;,&quot;autoplay&quot;:&quot;true&quot;,&quot;pause_on_hover&quot;:&quot;true&quot;,&quot;autoplay_speed&quot;:5000,&quot;infinite&quot;:&quot;true&quot;,&quot;center_mode&quot;:&quot;&quot;,&quot;effect&quot;:&quot;slide&quot;,&quot;speed&quot;:500,&quot;inject_alternative_items&quot;:&quot;&quot;,&quot;injection_items&quot;:[],&quot;scroll_slider_enabled&quot;:&quot;&quot;,&quot;scroll_slider_on&quot;:[&quot;desktop&quot;,&quot;tablet&quot;,&quot;mobile&quot;],&quot;custom_query&quot;:false,&quot;custom_query_id&quot;:&quot;&quot;,&quot;_element_id&quot;:&quot;&quot;,&quot;collapse_first_last_gap&quot;:false,&quot;list_tag_selection&quot;:&quot;&quot;,&quot;list_items_wrapper_tag&quot;:&quot;div&quot;,&quot;list_item_tag&quot;:&quot;div&quot;,&quot;empty_items_wrapper_tag&quot;:&quot;div&quot;}}\" data-listing-source=\"posts\" data-listing-id=\"425\" data-query-id=\"\" data-queried-id=\"2621|WP_Post\">No data was found<\/div><\/div>\t\t\t\t<\/div>\n\t\t\t\t<\/div>\n\t\t\t\t\t<\/div>\n\t\t<\/div>\n\t\t\t\t\t<\/div>\n\t\t<\/section>\n\t\t\t\t<\/div>\n\t\t\n\n\n\n<h2 class=\"wp-block-heading\">Welche Vorteile bietet das Blanchieren?<\/h2>\n\n\n\n<p>Blanchieren bringt viele Vorteile mit sich. Hierzu geh\u00f6rt unter anderem, dass sich der Vorgang und das abrupte Stoppen des Garvorgangs durch das Abschrecken positiv auf den Geschmack der jeweiligen Speise auswirkt. Wer seine Speisen blanchiert, kann jedoch noch in weiterer Hinsicht profitieren.<\/p>\n\n\n\n<p>Die folgenden Vorteile zeigen auf, weshalb es sich lohnen kann, \u00fcber diesen zus\u00e4tzlichen Arbeitsschritt nachzudenken.<\/p>\n\n\n\n<h3 class=\"wp-block-heading\">Vorteil Nr. 1: Die Optik<\/h3>\n\n\n\n<p>Knackiges und farbintensives Gem\u00fcse sieht auf dem Teller wesentlich verlockender aus als Speisen, die weniger farbenfroh daherkommen.<\/p>\n\n\n\n<p>Der Blanchiervorgang schafft es oft, in optischer Hinsicht noch ein wenig mehr aus den betreffenden Lebensmitteln herauszuholen. Denn: blanchiertes Gem\u00fcse kommt oft in satteren Farben daher.<\/p>\n\n\n\n<h3 class=\"wp-block-heading\">Vorteil Nr. 2: Wichtige N\u00e4hrstoffe bleiben erhalten<\/h3>\n\n\n\n<p>Die meisten Gem\u00fcsearten gelten als wertvolle Lieferanten von Vitaminen, N\u00e4hrstoffen und Co..<\/p>\n\n\n\n<p>Wird Gem\u00fcse zu lange gekocht bzw. sind die betreffenden Lebensmittel zu lange hohen Temperaturen ausgesetzt, verlieren sie einen gro\u00dfen Teil ihrer N\u00e4hrstoffe. Durch das Blanchieren ist es oft m\u00f6glich, die wertvollen Inhaltsstoffe im Inneren des Gem\u00fcses zu halten.<\/p>\n\n\n\n<p>Zusatztipp: Um m\u00f6glichst viele N\u00e4hrstoffe zu erhalten, sollte auf das Blanchieren mit Wasserdampf gesetzt werden. Hier bleiben noch mehr Inhaltsstoffe erhalten als beim Blanchieren im Wasser.<\/p>\n\n\n\t\t<div data-elementor-type=\"section\" data-elementor-id=\"426\" class=\"elementor elementor-426\" data-elementor-post-type=\"elementor_library\">\n\t\t\t\t\t<section class=\"elementor-section elementor-top-section elementor-element elementor-element-5a19f4f elementor-section-full_width elementor-section-height-default elementor-section-height-default\" data-id=\"5a19f4f\" data-element_type=\"section\" data-e-type=\"section\" data-settings=\"{&quot;jet_parallax_layout_list&quot;:[{&quot;jet_parallax_layout_image&quot;:{&quot;url&quot;:&quot;&quot;,&quot;id&quot;:&quot;&quot;,&quot;size&quot;:&quot;&quot;},&quot;_id&quot;:&quot;72f4053&quot;,&quot;jet_parallax_layout_image_tablet&quot;:{&quot;url&quot;:&quot;&quot;,&quot;id&quot;:&quot;&quot;,&quot;size&quot;:&quot;&quot;},&quot;jet_parallax_layout_image_mobile&quot;:{&quot;url&quot;:&quot;&quot;,&quot;id&quot;:&quot;&quot;,&quot;size&quot;:&quot;&quot;},&quot;jet_parallax_layout_speed&quot;:{&quot;unit&quot;:&quot;%&quot;,&quot;size&quot;:50,&quot;sizes&quot;:[]},&quot;jet_parallax_layout_type&quot;:&quot;scroll&quot;,&quot;jet_parallax_layout_direction&quot;:&quot;1&quot;,&quot;jet_parallax_layout_fx_direction&quot;:null,&quot;jet_parallax_layout_z_index&quot;:&quot;&quot;,&quot;jet_parallax_layout_bg_x&quot;:50,&quot;jet_parallax_layout_bg_x_tablet&quot;:&quot;&quot;,&quot;jet_parallax_layout_bg_x_mobile&quot;:&quot;&quot;,&quot;jet_parallax_layout_bg_y&quot;:50,&quot;jet_parallax_layout_bg_y_tablet&quot;:&quot;&quot;,&quot;jet_parallax_layout_bg_y_mobile&quot;:&quot;&quot;,&quot;jet_parallax_layout_bg_size&quot;:&quot;auto&quot;,&quot;jet_parallax_layout_bg_size_tablet&quot;:&quot;&quot;,&quot;jet_parallax_layout_bg_size_mobile&quot;:&quot;&quot;,&quot;jet_parallax_layout_animation_prop&quot;:&quot;transform&quot;,&quot;jet_parallax_layout_on&quot;:[&quot;desktop&quot;,&quot;tablet&quot;]}]}\">\n\t\t\t\t\t\t<div class=\"elementor-container elementor-column-gap-default\">\n\t\t\t\t\t<div class=\"elementor-column elementor-col-100 elementor-top-column elementor-element elementor-element-b1cd5c3\" data-id=\"b1cd5c3\" data-element_type=\"column\" data-e-type=\"column\" data-settings=\"{&quot;background_background&quot;:&quot;classic&quot;,&quot;_ob_teleporter_use&quot;:false}\">\n\t\t\t<div class=\"elementor-widget-wrap elementor-element-populated\">\n\t\t\t\t\t\t<div class=\"elementor-element elementor-element-cc19aec elementor-widget elementor-widget-jet-listing-grid\" data-id=\"cc19aec\" data-element_type=\"widget\" data-e-type=\"widget\" data-settings=\"{&quot;columns&quot;:&quot;2&quot;,&quot;columns_tablet&quot;:&quot;2&quot;,&quot;columns_mobile&quot;:&quot;1&quot;}\" data-widget_type=\"jet-listing-grid.default\">\n\t\t\t\t<div class=\"elementor-widget-container\">\n\t\t\t\t\t<div class=\"jet-listing-grid jet-listing\"><div class=\"jet-listing-grid__items grid-col-desk-2 grid-col-tablet-2 grid-col-mobile-1 jet-listing-grid--344\" data-queried-id=\"2621|WP_Post\" data-nav=\"{&quot;enabled&quot;:false,&quot;type&quot;:null,&quot;more_el&quot;:null,&quot;query&quot;:[],&quot;widget_settings&quot;:{&quot;lisitng_id&quot;:344,&quot;posts_num&quot;:2,&quot;columns&quot;:2,&quot;columns_tablet&quot;:2,&quot;columns_mobile&quot;:1,&quot;column_min_width&quot;:240,&quot;column_min_width_tablet&quot;:240,&quot;column_min_width_mobile&quot;:240,&quot;inline_columns_css&quot;:false,&quot;is_archive_template&quot;:&quot;&quot;,&quot;post_status&quot;:[&quot;publish&quot;],&quot;use_random_posts_num&quot;:&quot;&quot;,&quot;max_posts_num&quot;:9,&quot;not_found_message&quot;:&quot;No data was found&quot;,&quot;is_masonry&quot;:false,&quot;equal_columns_height&quot;:&quot;&quot;,&quot;use_load_more&quot;:&quot;&quot;,&quot;load_more_id&quot;:&quot;&quot;,&quot;load_more_type&quot;:&quot;click&quot;,&quot;load_more_offset&quot;:{&quot;unit&quot;:&quot;px&quot;,&quot;size&quot;:0,&quot;sizes&quot;:[]},&quot;use_custom_post_types&quot;:&quot;&quot;,&quot;custom_post_types&quot;:[],&quot;hide_widget_if&quot;:&quot;&quot;,&quot;carousel_enabled&quot;:&quot;&quot;,&quot;slides_to_scroll&quot;:&quot;1&quot;,&quot;arrows&quot;:&quot;true&quot;,&quot;arrow_icon&quot;:&quot;fa fa-angle-left&quot;,&quot;dots&quot;:&quot;&quot;,&quot;autoplay&quot;:&quot;true&quot;,&quot;pause_on_hover&quot;:&quot;true&quot;,&quot;autoplay_speed&quot;:5000,&quot;infinite&quot;:&quot;true&quot;,&quot;center_mode&quot;:&quot;&quot;,&quot;effect&quot;:&quot;slide&quot;,&quot;speed&quot;:500,&quot;inject_alternative_items&quot;:&quot;&quot;,&quot;injection_items&quot;:[],&quot;scroll_slider_enabled&quot;:&quot;&quot;,&quot;scroll_slider_on&quot;:[&quot;desktop&quot;,&quot;tablet&quot;,&quot;mobile&quot;],&quot;custom_query&quot;:false,&quot;custom_query_id&quot;:&quot;&quot;,&quot;_element_id&quot;:&quot;&quot;,&quot;collapse_first_last_gap&quot;:false,&quot;list_tag_selection&quot;:&quot;&quot;,&quot;list_items_wrapper_tag&quot;:&quot;div&quot;,&quot;list_item_tag&quot;:&quot;div&quot;,&quot;empty_items_wrapper_tag&quot;:&quot;div&quot;}}\" data-page=\"1\" data-pages=\"20\" data-listing-source=\"posts\" data-listing-id=\"344\" data-query-id=\"\"><div class=\"jet-listing-grid__item jet-listing-dynamic-post-1365\" data-post-id=\"1365\"  ><div class=\"jet-engine-listing-overlay-wrap\" data-url=\"https:\/\/www.lidl.de\/de\/tepro-holzkohlegrill-grenada-aus-keramik-81-5-cm-arbeitshoehe-mit-pizzastein\/p303999?utm_source=lk_magazin&amp;utm_medium=produkt&amp;utm_campaign=magazin\">\t\t<div data-elementor-type=\"jet-listing-items\" data-elementor-id=\"344\" class=\"elementor elementor-344\" data-elementor-post-type=\"jet-engine\">\n\t\t\t\t\t\t<section class=\"elementor-section elementor-top-section elementor-element elementor-element-415e7b0 elementor-section-boxed elementor-section-height-default elementor-section-height-default\" data-id=\"415e7b0\" data-element_type=\"section\" data-e-type=\"section\" data-settings=\"{&quot;jet_parallax_layout_list&quot;:[{&quot;jet_parallax_layout_image&quot;:{&quot;url&quot;:&quot;&quot;,&quot;id&quot;:&quot;&quot;,&quot;size&quot;:&quot;&quot;},&quot;_id&quot;:&quot;46433ef&quot;,&quot;jet_parallax_layout_image_tablet&quot;:{&quot;url&quot;:&quot;&quot;,&quot;id&quot;:&quot;&quot;,&quot;size&quot;:&quot;&quot;},&quot;jet_parallax_layout_image_mobile&quot;:{&quot;url&quot;:&quot;&quot;,&quot;id&quot;:&quot;&quot;,&quot;size&quot;:&quot;&quot;},&quot;jet_parallax_layout_speed&quot;:{&quot;unit&quot;:&quot;%&quot;,&quot;size&quot;:50,&quot;sizes&quot;:[]},&quot;jet_parallax_layout_type&quot;:&quot;scroll&quot;,&quot;jet_parallax_layout_direction&quot;:&quot;1&quot;,&quot;jet_parallax_layout_fx_direction&quot;:null,&quot;jet_parallax_layout_z_index&quot;:&quot;&quot;,&quot;jet_parallax_layout_bg_x&quot;:50,&quot;jet_parallax_layout_bg_x_tablet&quot;:&quot;&quot;,&quot;jet_parallax_layout_bg_x_mobile&quot;:&quot;&quot;,&quot;jet_parallax_layout_bg_y&quot;:50,&quot;jet_parallax_layout_bg_y_tablet&quot;:&quot;&quot;,&quot;jet_parallax_layout_bg_y_mobile&quot;:&quot;&quot;,&quot;jet_parallax_layout_bg_size&quot;:&quot;auto&quot;,&quot;jet_parallax_layout_bg_size_tablet&quot;:&quot;&quot;,&quot;jet_parallax_layout_bg_size_mobile&quot;:&quot;&quot;,&quot;jet_parallax_layout_animation_prop&quot;:&quot;transform&quot;,&quot;jet_parallax_layout_on&quot;:[&quot;desktop&quot;,&quot;tablet&quot;]}]}\">\n\t\t\t\t\t\t<div class=\"elementor-container elementor-column-gap-default\">\n\t\t\t\t\t<div class=\"elementor-column elementor-col-100 elementor-top-column elementor-element elementor-element-fb36579\" data-id=\"fb36579\" data-element_type=\"column\" data-e-type=\"column\">\n\t\t\t<div class=\"elementor-widget-wrap elementor-element-populated\">\n\t\t\t\t\t\t<section class=\"elementor-section elementor-inner-section elementor-element elementor-element-3470411 elementor-section-boxed elementor-section-height-default elementor-section-height-default\" data-id=\"3470411\" data-element_type=\"section\" data-e-type=\"section\" data-settings=\"{&quot;jet_parallax_layout_list&quot;:[{&quot;jet_parallax_layout_image&quot;:{&quot;url&quot;:&quot;&quot;,&quot;id&quot;:&quot;&quot;,&quot;size&quot;:&quot;&quot;},&quot;_id&quot;:&quot;bd0bd24&quot;,&quot;jet_parallax_layout_image_tablet&quot;:{&quot;url&quot;:&quot;&quot;,&quot;id&quot;:&quot;&quot;,&quot;size&quot;:&quot;&quot;},&quot;jet_parallax_layout_image_mobile&quot;:{&quot;url&quot;:&quot;&quot;,&quot;id&quot;:&quot;&quot;,&quot;size&quot;:&quot;&quot;},&quot;jet_parallax_layout_speed&quot;:{&quot;unit&quot;:&quot;%&quot;,&quot;size&quot;:50,&quot;sizes&quot;:[]},&quot;jet_parallax_layout_type&quot;:&quot;scroll&quot;,&quot;jet_parallax_layout_direction&quot;:&quot;1&quot;,&quot;jet_parallax_layout_fx_direction&quot;:null,&quot;jet_parallax_layout_z_index&quot;:&quot;&quot;,&quot;jet_parallax_layout_bg_x&quot;:50,&quot;jet_parallax_layout_bg_x_tablet&quot;:&quot;&quot;,&quot;jet_parallax_layout_bg_x_mobile&quot;:&quot;&quot;,&quot;jet_parallax_layout_bg_y&quot;:50,&quot;jet_parallax_layout_bg_y_tablet&quot;:&quot;&quot;,&quot;jet_parallax_layout_bg_y_mobile&quot;:&quot;&quot;,&quot;jet_parallax_layout_bg_size&quot;:&quot;auto&quot;,&quot;jet_parallax_layout_bg_size_tablet&quot;:&quot;&quot;,&quot;jet_parallax_layout_bg_size_mobile&quot;:&quot;&quot;,&quot;jet_parallax_layout_animation_prop&quot;:&quot;transform&quot;,&quot;jet_parallax_layout_on&quot;:[&quot;desktop&quot;,&quot;tablet&quot;]}],&quot;background_background&quot;:&quot;classic&quot;}\">\n\t\t\t\t\t\t<div class=\"elementor-container elementor-column-gap-default\">\n\t\t\t\t\t<div class=\"elementor-column elementor-col-100 elementor-inner-column elementor-element elementor-element-7bf52b0\" data-id=\"7bf52b0\" data-element_type=\"column\" data-e-type=\"column\" data-settings=\"{&quot;_ob_teleporter_use&quot;:false}\">\n\t\t\t<div class=\"elementor-widget-wrap elementor-element-populated\">\n\t\t\t\t\t\t<div class=\"elementor-element elementor-element-bd9459e elementor-widget elementor-widget-heading\" data-id=\"bd9459e\" data-element_type=\"widget\" data-e-type=\"widget\" data-widget_type=\"heading.default\">\n\t\t\t\t<div class=\"elementor-widget-container\">\n\t\t\t\t\t<div class=\"elementor-heading-title elementor-size-default\">tepro Holzkohlegrill \u00bbGrenada\u00ab<\/div>\t\t\t\t<\/div>\n\t\t\t\t<\/div>\n\t\t\t\t<div class=\"elementor-element elementor-element-7e00b57 elementor-widget elementor-widget-image\" data-id=\"7e00b57\" data-element_type=\"widget\" data-e-type=\"widget\" data-widget_type=\"image.default\">\n\t\t\t\t<div class=\"elementor-widget-container\">\n\t\t\t\t\t\t\t\t\t\t\t\t\t\t\t<img fetchpriority=\"high\" decoding=\"async\" width=\"772\" height=\"579\" src=\"https:\/\/www.lidl-kochen.de\/kochideen\/wp-content\/uploads\/2021\/02\/tepro-holzkohlegrill-grenada.jpg\" class=\"attachment-large size-large wp-image-1366\" alt=\"tepro Holzkohlegrill \u00bbGrenada\u00ab\" srcset=\"https:\/\/www.lidl-kochen.de\/kochideen\/wp-content\/uploads\/2021\/02\/tepro-holzkohlegrill-grenada.jpg 772w, https:\/\/www.lidl-kochen.de\/kochideen\/wp-content\/uploads\/2021\/02\/tepro-holzkohlegrill-grenada-300x225.jpg 300w, https:\/\/www.lidl-kochen.de\/kochideen\/wp-content\/uploads\/2021\/02\/tepro-holzkohlegrill-grenada-768x576.jpg 768w\" sizes=\"(max-width: 772px) 100vw, 772px\" \/>\t\t\t\t\t\t\t\t\t\t\t\t\t\t\t<\/div>\n\t\t\t\t<\/div>\n\t\t\t\t\t<\/div>\n\t\t<\/div>\n\t\t\t\t\t<\/div>\n\t\t<\/section>\n\t\t\t\t<div class=\"elementor-element elementor-element-537d953 elementor-widget elementor-widget-heading\" data-id=\"537d953\" data-element_type=\"widget\" data-e-type=\"widget\" data-widget_type=\"heading.default\">\n\t\t\t\t<div class=\"elementor-widget-container\">\n\t\t\t\t\t<div class=\"elementor-heading-title elementor-size-default\"><a href=\"https:\/\/www.lidl.de\/de\/tepro-holzkohlegrill-grenada-aus-keramik-81-5-cm-arbeitshoehe-mit-pizzastein\/p303999?utm_source=lk_magazin&#038;utm_medium=produkt&#038;utm_campaign=magazin\">Im Shop Ansehen<\/a><\/div>\t\t\t\t<\/div>\n\t\t\t\t<\/div>\n\t\t\t\t\t<\/div>\n\t\t<\/div>\n\t\t\t\t\t<\/div>\n\t\t<\/section>\n\t\t\t\t<\/div>\n\t\t<a href=\"https:\/\/www.lidl.de\/de\/tepro-holzkohlegrill-grenada-aus-keramik-81-5-cm-arbeitshoehe-mit-pizzastein\/p303999?utm_source=lk_magazin&amp;utm_medium=produkt&amp;utm_campaign=magazin\" class=\"jet-engine-listing-overlay-link\"><\/a><\/div><\/div><div class=\"jet-listing-grid__item jet-listing-dynamic-post-1333\" data-post-id=\"1333\"  ><div class=\"jet-engine-listing-overlay-wrap\" data-url=\"https:\/\/www.lidl.de\/de\/silvercrest-allesschneider-120-watt-mit-auflagentisch\/p360771?utm_source=lk_magazin&amp;utm_medium=produkt&amp;utm_campaign=magazin\">\t\t<div data-elementor-type=\"jet-listing-items\" data-elementor-id=\"344\" class=\"elementor elementor-344\" data-elementor-post-type=\"jet-engine\">\n\t\t\t\t\t\t<section class=\"elementor-section elementor-top-section elementor-element elementor-element-415e7b0 elementor-section-boxed elementor-section-height-default elementor-section-height-default\" data-id=\"415e7b0\" data-element_type=\"section\" data-e-type=\"section\" data-settings=\"{&quot;jet_parallax_layout_list&quot;:[{&quot;jet_parallax_layout_image&quot;:{&quot;url&quot;:&quot;&quot;,&quot;id&quot;:&quot;&quot;,&quot;size&quot;:&quot;&quot;},&quot;_id&quot;:&quot;46433ef&quot;,&quot;jet_parallax_layout_image_tablet&quot;:{&quot;url&quot;:&quot;&quot;,&quot;id&quot;:&quot;&quot;,&quot;size&quot;:&quot;&quot;},&quot;jet_parallax_layout_image_mobile&quot;:{&quot;url&quot;:&quot;&quot;,&quot;id&quot;:&quot;&quot;,&quot;size&quot;:&quot;&quot;},&quot;jet_parallax_layout_speed&quot;:{&quot;unit&quot;:&quot;%&quot;,&quot;size&quot;:50,&quot;sizes&quot;:[]},&quot;jet_parallax_layout_type&quot;:&quot;scroll&quot;,&quot;jet_parallax_layout_direction&quot;:&quot;1&quot;,&quot;jet_parallax_layout_fx_direction&quot;:null,&quot;jet_parallax_layout_z_index&quot;:&quot;&quot;,&quot;jet_parallax_layout_bg_x&quot;:50,&quot;jet_parallax_layout_bg_x_tablet&quot;:&quot;&quot;,&quot;jet_parallax_layout_bg_x_mobile&quot;:&quot;&quot;,&quot;jet_parallax_layout_bg_y&quot;:50,&quot;jet_parallax_layout_bg_y_tablet&quot;:&quot;&quot;,&quot;jet_parallax_layout_bg_y_mobile&quot;:&quot;&quot;,&quot;jet_parallax_layout_bg_size&quot;:&quot;auto&quot;,&quot;jet_parallax_layout_bg_size_tablet&quot;:&quot;&quot;,&quot;jet_parallax_layout_bg_size_mobile&quot;:&quot;&quot;,&quot;jet_parallax_layout_animation_prop&quot;:&quot;transform&quot;,&quot;jet_parallax_layout_on&quot;:[&quot;desktop&quot;,&quot;tablet&quot;]}]}\">\n\t\t\t\t\t\t<div class=\"elementor-container elementor-column-gap-default\">\n\t\t\t\t\t<div class=\"elementor-column elementor-col-100 elementor-top-column elementor-element elementor-element-fb36579\" data-id=\"fb36579\" data-element_type=\"column\" data-e-type=\"column\">\n\t\t\t<div class=\"elementor-widget-wrap elementor-element-populated\">\n\t\t\t\t\t\t<section class=\"elementor-section elementor-inner-section elementor-element elementor-element-3470411 elementor-section-boxed elementor-section-height-default elementor-section-height-default\" data-id=\"3470411\" data-element_type=\"section\" data-e-type=\"section\" data-settings=\"{&quot;jet_parallax_layout_list&quot;:[{&quot;jet_parallax_layout_image&quot;:{&quot;url&quot;:&quot;&quot;,&quot;id&quot;:&quot;&quot;,&quot;size&quot;:&quot;&quot;},&quot;_id&quot;:&quot;bd0bd24&quot;,&quot;jet_parallax_layout_image_tablet&quot;:{&quot;url&quot;:&quot;&quot;,&quot;id&quot;:&quot;&quot;,&quot;size&quot;:&quot;&quot;},&quot;jet_parallax_layout_image_mobile&quot;:{&quot;url&quot;:&quot;&quot;,&quot;id&quot;:&quot;&quot;,&quot;size&quot;:&quot;&quot;},&quot;jet_parallax_layout_speed&quot;:{&quot;unit&quot;:&quot;%&quot;,&quot;size&quot;:50,&quot;sizes&quot;:[]},&quot;jet_parallax_layout_type&quot;:&quot;scroll&quot;,&quot;jet_parallax_layout_direction&quot;:&quot;1&quot;,&quot;jet_parallax_layout_fx_direction&quot;:null,&quot;jet_parallax_layout_z_index&quot;:&quot;&quot;,&quot;jet_parallax_layout_bg_x&quot;:50,&quot;jet_parallax_layout_bg_x_tablet&quot;:&quot;&quot;,&quot;jet_parallax_layout_bg_x_mobile&quot;:&quot;&quot;,&quot;jet_parallax_layout_bg_y&quot;:50,&quot;jet_parallax_layout_bg_y_tablet&quot;:&quot;&quot;,&quot;jet_parallax_layout_bg_y_mobile&quot;:&quot;&quot;,&quot;jet_parallax_layout_bg_size&quot;:&quot;auto&quot;,&quot;jet_parallax_layout_bg_size_tablet&quot;:&quot;&quot;,&quot;jet_parallax_layout_bg_size_mobile&quot;:&quot;&quot;,&quot;jet_parallax_layout_animation_prop&quot;:&quot;transform&quot;,&quot;jet_parallax_layout_on&quot;:[&quot;desktop&quot;,&quot;tablet&quot;]}],&quot;background_background&quot;:&quot;classic&quot;}\">\n\t\t\t\t\t\t<div class=\"elementor-container elementor-column-gap-default\">\n\t\t\t\t\t<div class=\"elementor-column elementor-col-100 elementor-inner-column elementor-element elementor-element-7bf52b0\" data-id=\"7bf52b0\" data-element_type=\"column\" data-e-type=\"column\" data-settings=\"{&quot;_ob_teleporter_use&quot;:false}\">\n\t\t\t<div class=\"elementor-widget-wrap elementor-element-populated\">\n\t\t\t\t\t\t<div class=\"elementor-element elementor-element-bd9459e elementor-widget elementor-widget-heading\" data-id=\"bd9459e\" data-element_type=\"widget\" data-e-type=\"widget\" data-widget_type=\"heading.default\">\n\t\t\t\t<div class=\"elementor-widget-container\">\n\t\t\t\t\t<div class=\"elementor-heading-title elementor-size-default\">SILVERCREST\u00ae Allesschneider<\/div>\t\t\t\t<\/div>\n\t\t\t\t<\/div>\n\t\t\t\t<div class=\"elementor-element elementor-element-7e00b57 elementor-widget elementor-widget-image\" data-id=\"7e00b57\" data-element_type=\"widget\" data-e-type=\"widget\" data-widget_type=\"image.default\">\n\t\t\t\t<div class=\"elementor-widget-container\">\n\t\t\t\t\t\t\t\t\t\t\t\t\t\t\t<img decoding=\"async\" width=\"772\" height=\"579\" src=\"https:\/\/www.lidl-kochen.de\/kochideen\/wp-content\/uploads\/2021\/02\/silvercrest-allesschneider.jpg\" class=\"attachment-large size-large wp-image-1334\" alt=\"SILVERCREST\u00ae Allesschneider\" srcset=\"https:\/\/www.lidl-kochen.de\/kochideen\/wp-content\/uploads\/2021\/02\/silvercrest-allesschneider.jpg 772w, https:\/\/www.lidl-kochen.de\/kochideen\/wp-content\/uploads\/2021\/02\/silvercrest-allesschneider-300x225.jpg 300w, https:\/\/www.lidl-kochen.de\/kochideen\/wp-content\/uploads\/2021\/02\/silvercrest-allesschneider-768x576.jpg 768w\" sizes=\"(max-width: 772px) 100vw, 772px\" \/>\t\t\t\t\t\t\t\t\t\t\t\t\t\t\t<\/div>\n\t\t\t\t<\/div>\n\t\t\t\t\t<\/div>\n\t\t<\/div>\n\t\t\t\t\t<\/div>\n\t\t<\/section>\n\t\t\t\t<div class=\"elementor-element elementor-element-537d953 elementor-widget elementor-widget-heading\" data-id=\"537d953\" data-element_type=\"widget\" data-e-type=\"widget\" data-widget_type=\"heading.default\">\n\t\t\t\t<div class=\"elementor-widget-container\">\n\t\t\t\t\t<div class=\"elementor-heading-title elementor-size-default\"><a href=\"https:\/\/www.lidl.de\/de\/silvercrest-allesschneider-120-watt-mit-auflagentisch\/p360771?utm_source=lk_magazin&#038;utm_medium=produkt&#038;utm_campaign=magazin\">Im Shop Ansehen<\/a><\/div>\t\t\t\t<\/div>\n\t\t\t\t<\/div>\n\t\t\t\t\t<\/div>\n\t\t<\/div>\n\t\t\t\t\t<\/div>\n\t\t<\/section>\n\t\t\t\t<\/div>\n\t\t<a href=\"https:\/\/www.lidl.de\/de\/silvercrest-allesschneider-120-watt-mit-auflagentisch\/p360771?utm_source=lk_magazin&amp;utm_medium=produkt&amp;utm_campaign=magazin\" class=\"jet-engine-listing-overlay-link\"><\/a><\/div><\/div><\/div><\/div>\t\t\t\t<\/div>\n\t\t\t\t<\/div>\n\t\t\t\t\t<\/div>\n\t\t<\/div>\n\t\t\t\t\t<\/div>\n\t\t<\/section>\n\t\t\t\t<\/div>\n\t\t\n\n\n\n<h3 class=\"wp-block-heading\">Vorteil Nr. 3: Konsistenz<\/h3>\n\n\n\n<p>Die Konsistenz einiger Gem\u00fcsesorten ver\u00e4ndert sich nach dem Blanchieren. Kohlbl\u00e4tter lassen sich nach der Behandlung beispielsweise ideal zu Rouladen formen.<\/p>\n\n\n\n<p>Blanchieren kann also auch dann n\u00fctzlich sein, wenn das Gem\u00fcse f\u00fcr die Weiterverarbeitung vorbereitet werden muss. Weitere Beispiele, die diesen Aspekt unterstreichen? Tomaten lassen sich nach dem Blanchieren besser h\u00e4uten und Spinat ist danach quasi servierfertig.<\/p>\n\n\n\n<p><em>Alle Informationen wurden nach bestem Wissen und Gewissen zusammengestellt, jedoch ohne Anspruch auf Vollst\u00e4ndigkeit und inhaltliche Richtigkeit.<\/em><\/p>\n","protected":false},"excerpt":{"rendered":"<p>Mit \u201eblanchieren\u201c ist eine kurzzeitige thermische Behandlung von Lebensmitteln gemeint. Wie kann man blanchieren und was sind die Vorteile?<\/p>\n","protected":false},"author":9,"featured_media":2626,"comment_status":"closed","ping_status":"open","sticky":false,"template":"","format":"standard","meta":{"_acf_changed":false,"footnotes":""},"categories":[27],"tags":[],"schlagworte":[122,43,123],"class_list":["post-2621","post","type-post","status-publish","format-standard","has-post-thumbnail","hentry","category-koch-und-kuechenwissen","schlagworte-kochen","schlagworte-produkt","schlagworte-topf"],"acf":[],"yoast_head":"<!-- This site is optimized with the Yoast SEO plugin v27.4 - https:\/\/yoast.com\/product\/yoast-seo-wordpress\/ -->\n<title>Was bedeutet eigentlich Blanchieren? I Lidl Kochen Magazin<\/title>\n<meta name=\"description\" content=\"Mit \u201eblanchieren\u201c ist eine kurzzeitige thermische Behandlung von Lebensmitteln gemeint. Wie kann man blanchieren und was sind die Vorteile? Erfahre es hier.\" \/>\n<meta name=\"robots\" content=\"index, follow, max-snippet:-1, max-image-preview:large, max-video-preview:-1\" \/>\n<link rel=\"canonical\" href=\"https:\/\/www.lidl-kochen.de\/kochideen\/was-bedeutet-eigentlich-blanchieren-und-worin-liegen-die-vorteile\/\" \/>\n<meta property=\"og:locale\" content=\"de_DE\" \/>\n<meta property=\"og:type\" content=\"article\" \/>\n<meta property=\"og:title\" content=\"Was bedeutet eigentlich Blanchieren? I Lidl Kochen Magazin\" \/>\n<meta property=\"og:description\" content=\"Mit \u201eblanchieren\u201c ist eine kurzzeitige thermische Behandlung von Lebensmitteln gemeint. Wie kann man blanchieren und was sind die Vorteile? Erfahre es hier.\" \/>\n<meta property=\"og:url\" content=\"https:\/\/www.lidl-kochen.de\/kochideen\/was-bedeutet-eigentlich-blanchieren-und-worin-liegen-die-vorteile\/\" \/>\n<meta property=\"og:site_name\" content=\"Lidl Kochen Magazin\" \/>\n<meta property=\"article:published_time\" content=\"2021-04-15T06:30:42+00:00\" \/>\n<meta property=\"article:modified_time\" content=\"2023-06-20T08:30:28+00:00\" \/>\n<meta property=\"og:image\" content=\"https:\/\/www.lidl-kochen.de\/kochideen\/wp-content\/uploads\/2021\/04\/was-bedeutet-eigentlich-blanchieren-und-worin-liegen-die-vorteile.png\" \/>\n\t<meta property=\"og:image:width\" content=\"1024\" \/>\n\t<meta property=\"og:image:height\" content=\"576\" \/>\n\t<meta property=\"og:image:type\" content=\"image\/png\" \/>\n<meta name=\"author\" content=\"Alannah Lindenberger\" \/>\n<meta name=\"twitter:card\" content=\"summary_large_image\" \/>\n<meta name=\"twitter:label1\" content=\"Verfasst von\" \/>\n\t<meta name=\"twitter:data1\" content=\"Alannah Lindenberger\" \/>\n\t<meta name=\"twitter:label2\" content=\"Gesch\u00e4tzte Lesezeit\" \/>\n\t<meta name=\"twitter:data2\" content=\"3\u00a0Minuten\" \/>\n<script type=\"application\/ld+json\" class=\"yoast-schema-graph\">{\"@context\":\"https:\\\/\\\/schema.org\",\"@graph\":[{\"@type\":\"Article\",\"@id\":\"https:\\\/\\\/www.lidl-kochen.de\\\/kochideen\\\/was-bedeutet-eigentlich-blanchieren-und-worin-liegen-die-vorteile\\\/#article\",\"isPartOf\":{\"@id\":\"https:\\\/\\\/www.lidl-kochen.de\\\/kochideen\\\/was-bedeutet-eigentlich-blanchieren-und-worin-liegen-die-vorteile\\\/\"},\"author\":{\"name\":\"Alannah Lindenberger\",\"@id\":\"https:\\\/\\\/www.lidl-kochen.de\\\/kochideen\\\/#\\\/schema\\\/person\\\/faa25f253d04ef10b5e9249c58c6809d\"},\"headline\":\"Was bedeutet eigentlich Blanchieren und worin liegen die Vorteile?\",\"datePublished\":\"2021-04-15T06:30:42+00:00\",\"dateModified\":\"2023-06-20T08:30:28+00:00\",\"mainEntityOfPage\":{\"@id\":\"https:\\\/\\\/www.lidl-kochen.de\\\/kochideen\\\/was-bedeutet-eigentlich-blanchieren-und-worin-liegen-die-vorteile\\\/\"},\"wordCount\":580,\"image\":{\"@id\":\"https:\\\/\\\/www.lidl-kochen.de\\\/kochideen\\\/was-bedeutet-eigentlich-blanchieren-und-worin-liegen-die-vorteile\\\/#primaryimage\"},\"thumbnailUrl\":\"https:\\\/\\\/www.lidl-kochen.de\\\/kochideen\\\/wp-content\\\/uploads\\\/2021\\\/04\\\/was-bedeutet-eigentlich-blanchieren-und-worin-liegen-die-vorteile.png\",\"articleSection\":[\"Koch- &amp; K\u00fcchenwissen\"],\"inLanguage\":\"de\"},{\"@type\":\"WebPage\",\"@id\":\"https:\\\/\\\/www.lidl-kochen.de\\\/kochideen\\\/was-bedeutet-eigentlich-blanchieren-und-worin-liegen-die-vorteile\\\/\",\"url\":\"https:\\\/\\\/www.lidl-kochen.de\\\/kochideen\\\/was-bedeutet-eigentlich-blanchieren-und-worin-liegen-die-vorteile\\\/\",\"name\":\"Was bedeutet eigentlich Blanchieren? I Lidl Kochen Magazin\",\"isPartOf\":{\"@id\":\"https:\\\/\\\/www.lidl-kochen.de\\\/kochideen\\\/#website\"},\"primaryImageOfPage\":{\"@id\":\"https:\\\/\\\/www.lidl-kochen.de\\\/kochideen\\\/was-bedeutet-eigentlich-blanchieren-und-worin-liegen-die-vorteile\\\/#primaryimage\"},\"image\":{\"@id\":\"https:\\\/\\\/www.lidl-kochen.de\\\/kochideen\\\/was-bedeutet-eigentlich-blanchieren-und-worin-liegen-die-vorteile\\\/#primaryimage\"},\"thumbnailUrl\":\"https:\\\/\\\/www.lidl-kochen.de\\\/kochideen\\\/wp-content\\\/uploads\\\/2021\\\/04\\\/was-bedeutet-eigentlich-blanchieren-und-worin-liegen-die-vorteile.png\",\"datePublished\":\"2021-04-15T06:30:42+00:00\",\"dateModified\":\"2023-06-20T08:30:28+00:00\",\"author\":{\"@id\":\"https:\\\/\\\/www.lidl-kochen.de\\\/kochideen\\\/#\\\/schema\\\/person\\\/faa25f253d04ef10b5e9249c58c6809d\"},\"description\":\"Mit \u201eblanchieren\u201c ist eine kurzzeitige thermische Behandlung von Lebensmitteln gemeint. Wie kann man blanchieren und was sind die Vorteile? Erfahre es hier.\",\"breadcrumb\":{\"@id\":\"https:\\\/\\\/www.lidl-kochen.de\\\/kochideen\\\/was-bedeutet-eigentlich-blanchieren-und-worin-liegen-die-vorteile\\\/#breadcrumb\"},\"inLanguage\":\"de\",\"potentialAction\":[{\"@type\":\"ReadAction\",\"target\":[\"https:\\\/\\\/www.lidl-kochen.de\\\/kochideen\\\/was-bedeutet-eigentlich-blanchieren-und-worin-liegen-die-vorteile\\\/\"]}]},{\"@type\":\"ImageObject\",\"inLanguage\":\"de\",\"@id\":\"https:\\\/\\\/www.lidl-kochen.de\\\/kochideen\\\/was-bedeutet-eigentlich-blanchieren-und-worin-liegen-die-vorteile\\\/#primaryimage\",\"url\":\"https:\\\/\\\/www.lidl-kochen.de\\\/kochideen\\\/wp-content\\\/uploads\\\/2021\\\/04\\\/was-bedeutet-eigentlich-blanchieren-und-worin-liegen-die-vorteile.png\",\"contentUrl\":\"https:\\\/\\\/www.lidl-kochen.de\\\/kochideen\\\/wp-content\\\/uploads\\\/2021\\\/04\\\/was-bedeutet-eigentlich-blanchieren-und-worin-liegen-die-vorteile.png\",\"width\":1024,\"height\":576,\"caption\":\"Was bedeutet eigentlich blanchieren und worin liegen die Vorteile?\"},{\"@type\":\"BreadcrumbList\",\"@id\":\"https:\\\/\\\/www.lidl-kochen.de\\\/kochideen\\\/was-bedeutet-eigentlich-blanchieren-und-worin-liegen-die-vorteile\\\/#breadcrumb\",\"itemListElement\":[{\"@type\":\"ListItem\",\"position\":1,\"name\":\"Startseite\",\"item\":\"https:\\\/\\\/www.lidl-kochen.de\\\/kochideen\\\/\"},{\"@type\":\"ListItem\",\"position\":2,\"name\":\"Was bedeutet eigentlich Blanchieren und worin liegen die Vorteile?\"}]},{\"@type\":\"WebSite\",\"@id\":\"https:\\\/\\\/www.lidl-kochen.de\\\/kochideen\\\/#website\",\"url\":\"https:\\\/\\\/www.lidl-kochen.de\\\/kochideen\\\/\",\"name\":\"Lidl Kochen Magazin\",\"description\":\"Das Magazin rund ums Kochen\",\"potentialAction\":[{\"@type\":\"SearchAction\",\"target\":{\"@type\":\"EntryPoint\",\"urlTemplate\":\"https:\\\/\\\/www.lidl-kochen.de\\\/kochideen\\\/?s={search_term_string}\"},\"query-input\":{\"@type\":\"PropertyValueSpecification\",\"valueRequired\":true,\"valueName\":\"search_term_string\"}}],\"inLanguage\":\"de\"},{\"@type\":\"Person\",\"@id\":\"https:\\\/\\\/www.lidl-kochen.de\\\/kochideen\\\/#\\\/schema\\\/person\\\/faa25f253d04ef10b5e9249c58c6809d\",\"name\":\"Alannah Lindenberger\",\"image\":{\"@type\":\"ImageObject\",\"inLanguage\":\"de\",\"@id\":\"https:\\\/\\\/secure.gravatar.com\\\/avatar\\\/2f30400ddd0fec1b0000c3b176f463c1bed4ec2a2accdbeac38334498cffa257?s=96&d=mm&r=g\",\"url\":\"https:\\\/\\\/secure.gravatar.com\\\/avatar\\\/2f30400ddd0fec1b0000c3b176f463c1bed4ec2a2accdbeac38334498cffa257?s=96&d=mm&r=g\",\"contentUrl\":\"https:\\\/\\\/secure.gravatar.com\\\/avatar\\\/2f30400ddd0fec1b0000c3b176f463c1bed4ec2a2accdbeac38334498cffa257?s=96&d=mm&r=g\",\"caption\":\"Alannah Lindenberger\"}}]}<\/script>\n<!-- \/ Yoast SEO plugin. -->","yoast_head_json":{"title":"Was bedeutet eigentlich Blanchieren? I Lidl Kochen Magazin","description":"Mit \u201eblanchieren\u201c ist eine kurzzeitige thermische Behandlung von Lebensmitteln gemeint. Wie kann man blanchieren und was sind die Vorteile? Erfahre es hier.","robots":{"index":"index","follow":"follow","max-snippet":"max-snippet:-1","max-image-preview":"max-image-preview:large","max-video-preview":"max-video-preview:-1"},"canonical":"https:\/\/www.lidl-kochen.de\/kochideen\/was-bedeutet-eigentlich-blanchieren-und-worin-liegen-die-vorteile\/","og_locale":"de_DE","og_type":"article","og_title":"Was bedeutet eigentlich Blanchieren? I Lidl Kochen Magazin","og_description":"Mit \u201eblanchieren\u201c ist eine kurzzeitige thermische Behandlung von Lebensmitteln gemeint. Wie kann man blanchieren und was sind die Vorteile? Erfahre es hier.","og_url":"https:\/\/www.lidl-kochen.de\/kochideen\/was-bedeutet-eigentlich-blanchieren-und-worin-liegen-die-vorteile\/","og_site_name":"Lidl Kochen Magazin","article_published_time":"2021-04-15T06:30:42+00:00","article_modified_time":"2023-06-20T08:30:28+00:00","og_image":[{"width":1024,"height":576,"url":"https:\/\/www.lidl-kochen.de\/kochideen\/wp-content\/uploads\/2021\/04\/was-bedeutet-eigentlich-blanchieren-und-worin-liegen-die-vorteile.png","type":"image\/png"}],"author":"Alannah Lindenberger","twitter_card":"summary_large_image","twitter_misc":{"Verfasst von":"Alannah Lindenberger","Gesch\u00e4tzte Lesezeit":"3\u00a0Minuten"},"schema":{"@context":"https:\/\/schema.org","@graph":[{"@type":"Article","@id":"https:\/\/www.lidl-kochen.de\/kochideen\/was-bedeutet-eigentlich-blanchieren-und-worin-liegen-die-vorteile\/#article","isPartOf":{"@id":"https:\/\/www.lidl-kochen.de\/kochideen\/was-bedeutet-eigentlich-blanchieren-und-worin-liegen-die-vorteile\/"},"author":{"name":"Alannah Lindenberger","@id":"https:\/\/www.lidl-kochen.de\/kochideen\/#\/schema\/person\/faa25f253d04ef10b5e9249c58c6809d"},"headline":"Was bedeutet eigentlich Blanchieren und worin liegen die Vorteile?","datePublished":"2021-04-15T06:30:42+00:00","dateModified":"2023-06-20T08:30:28+00:00","mainEntityOfPage":{"@id":"https:\/\/www.lidl-kochen.de\/kochideen\/was-bedeutet-eigentlich-blanchieren-und-worin-liegen-die-vorteile\/"},"wordCount":580,"image":{"@id":"https:\/\/www.lidl-kochen.de\/kochideen\/was-bedeutet-eigentlich-blanchieren-und-worin-liegen-die-vorteile\/#primaryimage"},"thumbnailUrl":"https:\/\/www.lidl-kochen.de\/kochideen\/wp-content\/uploads\/2021\/04\/was-bedeutet-eigentlich-blanchieren-und-worin-liegen-die-vorteile.png","articleSection":["Koch- &amp; K\u00fcchenwissen"],"inLanguage":"de"},{"@type":"WebPage","@id":"https:\/\/www.lidl-kochen.de\/kochideen\/was-bedeutet-eigentlich-blanchieren-und-worin-liegen-die-vorteile\/","url":"https:\/\/www.lidl-kochen.de\/kochideen\/was-bedeutet-eigentlich-blanchieren-und-worin-liegen-die-vorteile\/","name":"Was bedeutet eigentlich Blanchieren? I Lidl Kochen Magazin","isPartOf":{"@id":"https:\/\/www.lidl-kochen.de\/kochideen\/#website"},"primaryImageOfPage":{"@id":"https:\/\/www.lidl-kochen.de\/kochideen\/was-bedeutet-eigentlich-blanchieren-und-worin-liegen-die-vorteile\/#primaryimage"},"image":{"@id":"https:\/\/www.lidl-kochen.de\/kochideen\/was-bedeutet-eigentlich-blanchieren-und-worin-liegen-die-vorteile\/#primaryimage"},"thumbnailUrl":"https:\/\/www.lidl-kochen.de\/kochideen\/wp-content\/uploads\/2021\/04\/was-bedeutet-eigentlich-blanchieren-und-worin-liegen-die-vorteile.png","datePublished":"2021-04-15T06:30:42+00:00","dateModified":"2023-06-20T08:30:28+00:00","author":{"@id":"https:\/\/www.lidl-kochen.de\/kochideen\/#\/schema\/person\/faa25f253d04ef10b5e9249c58c6809d"},"description":"Mit \u201eblanchieren\u201c ist eine kurzzeitige thermische Behandlung von Lebensmitteln gemeint. Wie kann man blanchieren und was sind die Vorteile? Erfahre es hier.","breadcrumb":{"@id":"https:\/\/www.lidl-kochen.de\/kochideen\/was-bedeutet-eigentlich-blanchieren-und-worin-liegen-die-vorteile\/#breadcrumb"},"inLanguage":"de","potentialAction":[{"@type":"ReadAction","target":["https:\/\/www.lidl-kochen.de\/kochideen\/was-bedeutet-eigentlich-blanchieren-und-worin-liegen-die-vorteile\/"]}]},{"@type":"ImageObject","inLanguage":"de","@id":"https:\/\/www.lidl-kochen.de\/kochideen\/was-bedeutet-eigentlich-blanchieren-und-worin-liegen-die-vorteile\/#primaryimage","url":"https:\/\/www.lidl-kochen.de\/kochideen\/wp-content\/uploads\/2021\/04\/was-bedeutet-eigentlich-blanchieren-und-worin-liegen-die-vorteile.png","contentUrl":"https:\/\/www.lidl-kochen.de\/kochideen\/wp-content\/uploads\/2021\/04\/was-bedeutet-eigentlich-blanchieren-und-worin-liegen-die-vorteile.png","width":1024,"height":576,"caption":"Was bedeutet eigentlich blanchieren und worin liegen die Vorteile?"},{"@type":"BreadcrumbList","@id":"https:\/\/www.lidl-kochen.de\/kochideen\/was-bedeutet-eigentlich-blanchieren-und-worin-liegen-die-vorteile\/#breadcrumb","itemListElement":[{"@type":"ListItem","position":1,"name":"Startseite","item":"https:\/\/www.lidl-kochen.de\/kochideen\/"},{"@type":"ListItem","position":2,"name":"Was bedeutet eigentlich Blanchieren und worin liegen die Vorteile?"}]},{"@type":"WebSite","@id":"https:\/\/www.lidl-kochen.de\/kochideen\/#website","url":"https:\/\/www.lidl-kochen.de\/kochideen\/","name":"Lidl Kochen Magazin","description":"Das Magazin rund ums Kochen","potentialAction":[{"@type":"SearchAction","target":{"@type":"EntryPoint","urlTemplate":"https:\/\/www.lidl-kochen.de\/kochideen\/?s={search_term_string}"},"query-input":{"@type":"PropertyValueSpecification","valueRequired":true,"valueName":"search_term_string"}}],"inLanguage":"de"},{"@type":"Person","@id":"https:\/\/www.lidl-kochen.de\/kochideen\/#\/schema\/person\/faa25f253d04ef10b5e9249c58c6809d","name":"Alannah Lindenberger","image":{"@type":"ImageObject","inLanguage":"de","@id":"https:\/\/secure.gravatar.com\/avatar\/2f30400ddd0fec1b0000c3b176f463c1bed4ec2a2accdbeac38334498cffa257?s=96&d=mm&r=g","url":"https:\/\/secure.gravatar.com\/avatar\/2f30400ddd0fec1b0000c3b176f463c1bed4ec2a2accdbeac38334498cffa257?s=96&d=mm&r=g","contentUrl":"https:\/\/secure.gravatar.com\/avatar\/2f30400ddd0fec1b0000c3b176f463c1bed4ec2a2accdbeac38334498cffa257?s=96&d=mm&r=g","caption":"Alannah Lindenberger"}}]}},"_links":{"self":[{"href":"https:\/\/www.lidl-kochen.de\/kochideen\/wp-json\/wp\/v2\/posts\/2621","targetHints":{"allow":["GET"]}}],"collection":[{"href":"https:\/\/www.lidl-kochen.de\/kochideen\/wp-json\/wp\/v2\/posts"}],"about":[{"href":"https:\/\/www.lidl-kochen.de\/kochideen\/wp-json\/wp\/v2\/types\/post"}],"author":[{"embeddable":true,"href":"https:\/\/www.lidl-kochen.de\/kochideen\/wp-json\/wp\/v2\/users\/9"}],"replies":[{"embeddable":true,"href":"https:\/\/www.lidl-kochen.de\/kochideen\/wp-json\/wp\/v2\/comments?post=2621"}],"version-history":[{"count":4,"href":"https:\/\/www.lidl-kochen.de\/kochideen\/wp-json\/wp\/v2\/posts\/2621\/revisions"}],"predecessor-version":[{"id":2632,"href":"https:\/\/www.lidl-kochen.de\/kochideen\/wp-json\/wp\/v2\/posts\/2621\/revisions\/2632"}],"wp:featuredmedia":[{"embeddable":true,"href":"https:\/\/www.lidl-kochen.de\/kochideen\/wp-json\/wp\/v2\/media\/2626"}],"wp:attachment":[{"href":"https:\/\/www.lidl-kochen.de\/kochideen\/wp-json\/wp\/v2\/media?parent=2621"}],"wp:term":[{"taxonomy":"category","embeddable":true,"href":"https:\/\/www.lidl-kochen.de\/kochideen\/wp-json\/wp\/v2\/categories?post=2621"},{"taxonomy":"post_tag","embeddable":true,"href":"https:\/\/www.lidl-kochen.de\/kochideen\/wp-json\/wp\/v2\/tags?post=2621"},{"taxonomy":"schlagworte","embeddable":true,"href":"https:\/\/www.lidl-kochen.de\/kochideen\/wp-json\/wp\/v2\/schlagworte?post=2621"}],"curies":[{"name":"wp","href":"https:\/\/api.w.org\/{rel}","templated":true}]}}